{"id":8426,"date":"2025-03-27T21:23:17","date_gmt":"2025-03-28T00:23:17","guid":{"rendered":"https:\/\/www.mussicom.com\/gonet-pede-arquivamento-de-acusacao\/"},"modified":"2025-03-27T21:23:17","modified_gmt":"2025-03-28T00:23:17","slug":"gonet-pede-arquivamento-de-acusacao","status":"publish","type":"post","link":"https:\/\/mussicom.com\/noticias\/gonet-pede-arquivamento-de-acusacao\/","title":{"rendered":"Gonet pede arquivamento de acusa\u00e7\u00e3o"},"content":{"rendered":"<p> <br \/>\n<\/p>\n<div id=\"hd80s9wa1h892edh8192\">\n<p>A <strong>Procuradoria-Geral da Rep\u00fablica (PGR) <\/strong>decidiu nesta quinta-feira,27, solicitar o arquivamento da investiga\u00e7\u00e3o envolvendo o ex-presidente Jair Bolsonaro sobre a alegada fraude no cart\u00e3o de vacina. O procurador-geral da Rep\u00fablica, <strong>Paulo Gonet<\/strong>, explicou que n\u00e3o h\u00e1 elementos suficientes para sustentar a acusa\u00e7\u00e3o por falsifica\u00e7\u00e3o de dados no sistema de informa\u00e7\u00f5es.<\/p>\n<figure class=\"wp-block-image aligncenter size-full\"><picture><source data-srcset=\"https:\/\/medias.revistaoeste.com\/wp-content\/uploads\/2024\/09\/FTA20240926121-1-scaled.jpg.webp 2560w, https:\/\/medias.revistaoeste.com\/wp-content\/uploads\/2024\/09\/FTA20240926121-1-300x200.jpg.webp 300w, https:\/\/medias.revistaoeste.com\/wp-content\/uploads\/2024\/09\/FTA20240926121-1-150x100.jpg.webp 150w\" data-sizes=\"(max-width: 2560px) 100vw, 2560px\" type=\"image\/webp\"><img fetchpriority=\"high\" decoding=\"async\" width=\"2560\" height=\"1703\" src=\"https:\/\/medias.revistaoeste.com\/wp-content\/uploads\/2024\/09\/FTA20240926121-1-scaled.jpg\" alt=\"O PGR Paulo Gonet n\u00e3o v\u00ea fundamenta\u00e7\u00e3o em acusa\u00e7\u00e3o de Mauro Cid sobre cart\u00e3o de vacina| Foto: Ton Molina\/Estad\u00e3o Conte\u00fado\" class=\"wp-image-1667090\" srcset=\"https:\/\/medias.revistaoeste.com\/wp-content\/uploads\/2024\/09\/FTA20240926121-1-scaled.jpg 2560w, https:\/\/medias.revistaoeste.com\/wp-content\/uploads\/2024\/09\/FTA20240926121-1-300x200.jpg 300w, https:\/\/medias.revistaoeste.com\/wp-content\/uploads\/2024\/09\/FTA20240926121-1-150x100.jpg 150w\" sizes=\"(max-width: 2560px) 100vw, 2560px\" data-eio=\"p\"\/><\/source><\/picture><figcaption class=\"wp-element-caption\">Chefe da PGR, Paulo Gonet n\u00e3o v\u00ea fundamenta\u00e7\u00e3o em acusa\u00e7\u00e3o de Mauro Cid sobre cart\u00e3o de vacina | Foto: Ton Molina\/Estad\u00e3o Conte\u00fado<\/figcaption><\/figure>\n<p>Para o chefe do Minist\u00e9rio P\u00fablico Federal, a den\u00fancia n\u00e3o poderia ser aceita com base apenas nas declara\u00e7\u00f5es de Cid, sem provas concretas que amparem a acusa\u00e7\u00e3o.<\/p>\n<figure class=\"wp-block-embed is-type-video is-provider-youtube wp-block-embed-youtube wp-embed-aspect-16-9 wp-has-aspect-ratio\">\n<div class=\"wp-block-embed__wrapper\">\n<div class=\"perfmatters-lazy-youtube\" data-src=\"https:\/\/www.youtube.com\/embed\/7TkjgVWfdA8\" data-id=\"7TkjgVWfdA8\" data-query=\"feature=oembed\" onclick=\"perfmattersLazyLoadYouTube(this);\">\n<div><img decoding=\"async\" alt=\"YouTube video\" width=\"480\" height=\"360\" data-pin-nopin=\"true\" nopin=\"nopin\" class=\"perfmatters-lazy\" src=\"https:\/\/i.ytimg.com\/vi\/7TkjgVWfdA8\/hqdefault.jpg\"\/><img decoding=\"async\" src=\"https:\/\/i.ytimg.com\/vi\/7TkjgVWfdA8\/hqdefault.jpg\" alt=\"YouTube video\" width=\"480\" height=\"360\" data-pin-nopin=\"true\" nopin=\"nopin\"\/><\/div>\n<\/div>\n<p><noscript><iframe title=\"Lewandowski p\u00f5e sigilo de 100 anos em cart\u00e3o de vacina\" width=\"800\" height=\"450\" src=\"https:\/\/www.youtube.com\/embed\/7TkjgVWfdA8?feature=oembed\" frameborder=\"0\" allow=\"accelerometer; autoplay; clipboard-write; encrypted-media; gyroscope; picture-in-picture; web-share\" referrerpolicy=\"strict-origin-when-cross-origin\" allowfullscreen><\/iframe><\/noscript>\n<\/div>\n<\/figure>\n<p>O <strong>Supremo Tribunal Federal<\/strong> (STF) j\u00e1 foi notificado sobre o pedido para arquivar a investiga\u00e7\u00e3o contra o ex-presidente.<\/p>\n<h2 class=\"wp-block-heading\"><strong>Sem fundamento <\/strong><\/h2>\n<p>O pedido de arquivamento difere das acusa\u00e7\u00f5es da PGR sobre suposta tentativa de golpe de Estado que pesam contra Bolsonaro. O ex-presidente se tornou r\u00e9u depois de o STF aceitar den\u00fancia do mesmo \u00f3rg\u00e3o que agora descarta a dela\u00e7\u00e3o de Cid.<\/p>\n<p><strong>+ Leia mais not\u00edcias de Pol\u00edtica em Oeste<\/strong><\/p>\n<p>\u201cA situa\u00e7\u00e3o destes autos difere substancialmente da estampada na PET 12.100, em que provas convincentes aut\u00f4nomas foram produzidas pela Pol\u00edcia Federal, em confirma\u00e7\u00e3o dos relatos do colaborador\u201d, argumenta Gonet, em uma manifesta\u00e7\u00e3o de cinco p\u00e1ginas.<\/p>\n<h2 class=\"wp-block-heading\"><strong>Bolsonaro chegou a ser indiciado por suposta fraude no cart\u00e3o e vacina<\/strong><\/h2>\n<p>O pedido da PGR tamb\u00e9m inclui o deputado federal Gutemberg Reis (MDB-RJ). Bolsonaro, Cid e Reis foram indiciados pelos crimes de associa\u00e7\u00e3o criminosa e inser\u00e7\u00e3o de dados falsos em sistema de informa\u00e7\u00e3o, relacionados \u00e0 suspeita de fraude em certificados de vacina\u00e7\u00e3o contra a covid-19.<\/p>\n<p><related-posts class=\"border-y border-gray-300 py-5\"><\/p>\n<h2 class=\"!text-2xl text-black font-primary font-semibold leading-none mb-3\">\n    Leia mais:<br \/>\n  <\/h2>\n<p><\/related-posts><\/p>\n<p>\u201cN\u00e3o h\u00e1 ind\u00edcio de que o certificado haja sido utilizado, tendo sido dito que fora inutilizado pouco depois de impresso\u201d, completou o chefe da PGR.<\/p>\n<figure class=\"wp-block-image aligncenter size-full\"><picture><source data-srcset=\"https:\/\/medias.revistaoeste.com\/wp-content\/uploads\/2024\/12\/PF.jpeg.webp 598w, https:\/\/medias.revistaoeste.com\/wp-content\/uploads\/2024\/12\/PF-300x181.jpeg.webp 300w, https:\/\/medias.revistaoeste.com\/wp-content\/uploads\/2024\/12\/PF-232x141.jpeg.webp 232w, https:\/\/medias.revistaoeste.com\/wp-content\/uploads\/2024\/12\/PF-150x90.jpeg.webp 150w\" data-sizes=\"(max-width: 598px) 100vw, 598px\" type=\"image\/webp\"><img loading=\"lazy\" decoding=\"async\" width=\"598\" height=\"360\" alt=\"O tenente-coronel Mauro Cid, durante depoimento na CPMI do 8 de Janeiro, no Senado - 11\/7\/2023 | Foto: Geraldo Magela\/Ag\u00eancia Senado\" class=\"wp-image-1776563 perfmatters-lazy\" data-eio=\"p\" src=\"https:\/\/medias.revistaoeste.com\/wp-content\/uploads\/2024\/12\/PF.jpeg\" srcset=\"https:\/\/medias.revistaoeste.com\/wp-content\/uploads\/2024\/12\/PF.jpeg 598w, https:\/\/medias.revistaoeste.com\/wp-content\/uploads\/2024\/12\/PF-300x181.jpeg 300w, https:\/\/medias.revistaoeste.com\/wp-content\/uploads\/2024\/12\/PF-232x141.jpeg 232w, https:\/\/medias.revistaoeste.com\/wp-content\/uploads\/2024\/12\/PF-150x90.jpeg 150w\" data-sizes=\"(max-width: 598px) 100vw, 598px\"\/><img loading=\"lazy\" decoding=\"async\" width=\"598\" height=\"360\" src=\"https:\/\/medias.revistaoeste.com\/wp-content\/uploads\/2024\/12\/PF.jpeg\" alt=\"O tenente-coronel Mauro Cid, durante depoimento na CPMI do 8 de Janeiro, no Senado - 11\/7\/2023 | Foto: Geraldo Magela\/Ag\u00eancia Senado\" class=\"wp-image-1776563\" srcset=\"https:\/\/medias.revistaoeste.com\/wp-content\/uploads\/2024\/12\/PF.jpeg 598w, https:\/\/medias.revistaoeste.com\/wp-content\/uploads\/2024\/12\/PF-300x181.jpeg 300w, https:\/\/medias.revistaoeste.com\/wp-content\/uploads\/2024\/12\/PF-232x141.jpeg 232w, https:\/\/medias.revistaoeste.com\/wp-content\/uploads\/2024\/12\/PF-150x90.jpeg 150w\" sizes=\"(max-width: 598px) 100vw, 598px\" data-eio=\"p\"\/><\/source><\/picture><figcaption class=\"wp-element-caption\">O tenente-coronel Mauro Cid, durante depoimento na CPMI do 8 de Janeiro, no Senado \u2014 11\/7\/2023 | Foto: Geraldo Magela\/Ag\u00eancia Senado<\/figcaption><\/figure>\n<p>Gonet tamb\u00e9m destacou que, apesar de Cid ter mencionado, em sua dela\u00e7\u00e3o premiada, que atuou no esquema de falsifica\u00e7\u00e3o de vacinas sob orienta\u00e7\u00e3o de Bolsonaro, essa vers\u00e3o n\u00e3o encontrou respaldo em outras testemunhas ou provas. De acordo com o procurador-geral da Rep\u00fablica, isso inviabiliza uma acusa\u00e7\u00e3o formal.<\/p>\n<h2 class=\"wp-block-heading\">Compet\u00eancia do STF<\/h2>\n<p>Em entrevista exclusiva a <strong>Oeste<\/strong>, o ministro aposentado do STF Marco Aur\u00e9lio Mello afirmou que a Corte n\u00e3o \u00e9 o foro adequado para o julgamento de Bolsonaro sobre a suposta tentativa de golpe.<\/p>\n<p><strong>Leia tamb\u00e9m: \u201cMarco Aur\u00e9lio Mello, sobre caso D\u00e9bora dos Santos: \u2018Homenagem a Barroso<\/strong>\u201c<\/p>\n<p>Mello citou os casos do atual presidente da Rep\u00fablica, Luiz In\u00e1cio Lula da Silva, quando julgado pelos crimes da Opera\u00e7\u00e3o Lava Jato. Fora do quadro de beneficiados pelo foro privilegiado, o petista foi julgado na primeira inst\u00e2ncia.<\/p>\n<blockquote class=\"wp-block-quote is-layout-flow wp-block-quote-is-layout-flow\">\n<p>\u201cOnde foi julgado o atual presidente Lula, ent\u00e3o?\u201d, indagou o ministro aposentado do STF. \u201cNa 13\u00aa Vara Federal de Curitiba, e l\u00e1 foi condenado. O princ\u00edpio do juiz natural deve ser observado. Cidad\u00e3os comuns devem ser julgados na primeira inst\u00e2ncia, com direito a recurso.\u201d<\/p>\n<\/blockquote><\/div>\n<p><br \/>\n<br \/>Fonte: <a href=\"https:\/\/revistaoeste.com\/politica\/gonet-invalida-delacao-de-cid-sobre-cartao-de-vacina\/\">Ag\u00eancia Brasil<\/a><\/p>\n","protected":false},"excerpt":{"rendered":"<p>A Procuradoria-Geral da Rep\u00fablica (PGR) decidiu nesta quinta-feira,27, solicitar o arquivamento da investiga\u00e7\u00e3o envolvendo o ex-presidente Jair Bolsonaro sobre a alegada fraude no cart\u00e3o de vacina. O procurador-geral da Rep\u00fablica, Paulo Gonet, explicou que n\u00e3o h\u00e1 elementos suficientes para sustentar a acusa\u00e7\u00e3o por falsifica\u00e7\u00e3o de dados no sistema de informa\u00e7\u00f5es. Chefe da PGR, Paulo Gonet [&hellip;]<\/p>\n","protected":false},"author":5,"featured_media":8427,"comment_status":"open","ping_status":"open","sticky":false,"template":"","format":"standard","meta":{"_seopress_robots_primary_cat":"","_seopress_titles_title":"","_seopress_titles_desc":"","_seopress_robots_index":"","footnotes":""},"categories":[47,1],"tags":[],"class_list":["post-8426","post","type-post","status-publish","format-standard","has-post-thumbnail","hentry","category-politica","category-ultimas-noticias"],"_links":{"self":[{"href":"https:\/\/mussicom.com\/noticias\/wp-json\/wp\/v2\/posts\/8426","targetHints":{"allow":["GET"]}}],"collection":[{"href":"https:\/\/mussicom.com\/noticias\/wp-json\/wp\/v2\/posts"}],"about":[{"href":"https:\/\/mussicom.com\/noticias\/wp-json\/wp\/v2\/types\/post"}],"author":[{"embeddable":true,"href":"https:\/\/mussicom.com\/noticias\/wp-json\/wp\/v2\/users\/5"}],"replies":[{"embeddable":true,"href":"https:\/\/mussicom.com\/noticias\/wp-json\/wp\/v2\/comments?post=8426"}],"version-history":[{"count":0,"href":"https:\/\/mussicom.com\/noticias\/wp-json\/wp\/v2\/posts\/8426\/revisions"}],"wp:featuredmedia":[{"embeddable":true,"href":"https:\/\/mussicom.com\/noticias\/wp-json\/wp\/v2\/media\/8427"}],"wp:attachment":[{"href":"https:\/\/mussicom.com\/noticias\/wp-json\/wp\/v2\/media?parent=8426"}],"wp:term":[{"taxonomy":"category","embeddable":true,"href":"https:\/\/mussicom.com\/noticias\/wp-json\/wp\/v2\/categories?post=8426"},{"taxonomy":"post_tag","embeddable":true,"href":"https:\/\/mussicom.com\/noticias\/wp-json\/wp\/v2\/tags?post=8426"}],"curies":[{"name":"wp","href":"https:\/\/api.w.org\/{rel}","templated":true}]}}