{"id":8404,"date":"2025-03-27T19:39:36","date_gmt":"2025-03-27T22:39:36","guid":{"rendered":"https:\/\/mussicom.com\/galipolo-desmente-lula-e-haddad-sobre-taxa-de-juros\/"},"modified":"2025-03-27T19:39:36","modified_gmt":"2025-03-27T22:39:36","slug":"galipolo-desmente-lula-e-haddad-sobre-taxa-de-juros","status":"publish","type":"post","link":"https:\/\/mussicom.com\/noticias\/galipolo-desmente-lula-e-haddad-sobre-taxa-de-juros\/","title":{"rendered":"Gal\u00edpolo desmente Lula e Haddad sobre taxa de juros"},"content":{"rendered":"<p> <br \/>\n<\/p>\n<div id=\"hd80s9wa1h892edh8192\">\n<p>O presidente do Banco Central (BC), <strong>Gabriel Gal\u00edpolo<\/strong>, reafirmou nesta quinta-feira, 27, que foi protagonista na reuni\u00e3o do Comit\u00ea de Pol\u00edtica Monet\u00e1ria (Copom). No encontro, o \u00f3rg\u00e3o decidiu elevar a taxa b\u00e1sica de juros em um ponto percentual em dezembro de 2024 e projetar dois novos aumentos nas duas primeiras reuni\u00f5es de 2025.<\/p>\n<p>Gal\u00edpolo falou durante apresenta\u00e7\u00e3o do Relat\u00f3rio de Pol\u00edtica Monet\u00e1ria. Na exposi\u00e7\u00e3o, o questionaram sobre quem definiu que a taxa b\u00e1sica de juros deveria chegar aos atuais 14,25% ao ano. A pergunta tinha como pano de fundo atribuir a Lula e ao ministro da Fazenda, Fernando Haddad, a <strong>estrat\u00e9gia do BC<\/strong> de n\u00e3o dar um <em>\u201ccavalo de pau\u201d<\/em> depois da gest\u00e3o de Roberto Campos Neto.<\/p>\n<h2 class=\"wp-block-heading\"><strong>O que disse Gal\u00edpolo; leia<\/strong><\/h2>\n<p><em>\u201cSobre o nosso processo de decis\u00e3o, eu j\u00e1 tinha dito em dezembro que o Roberto [Campos Neto] tinha sido generoso na \u00faltima reuni\u00e3o de permitir que eu pudesse assumir um papel maior de protagonismo ao longo da discuss\u00e3o naquela reuni\u00e3o do Copom. Para al\u00e9m disso, todos os diretores t\u00eam autonomia, e em todos os meus votos e em todos os votos dos diretores est\u00e1 l\u00e1 expresso o que \u00e9 a consci\u00eancia e a vis\u00e3o de cada um dos diretores\u201d<\/em>.<\/p>\n<figure class=\"wp-block-embed is-type-video is-provider-youtube wp-block-embed-youtube wp-embed-aspect-16-9 wp-has-aspect-ratio\">\n<div class=\"wp-block-embed__wrapper\">\n<div class=\"perfmatters-lazy-youtube\" data-src=\"https:\/\/www.youtube.com\/embed\/MRcRg8y2lo0\" data-id=\"MRcRg8y2lo0\" data-query=\"feature=oembed\" onclick=\"perfmattersLazyLoadYouTube(this);\">\n<div><img fetchpriority=\"high\" decoding=\"async\" src=\"https:\/\/i.ytimg.com\/vi\/MRcRg8y2lo0\/hqdefault.jpg\" alt=\"YouTube video\" width=\"480\" height=\"360\" data-pin-nopin=\"true\" nopin=\"nopin\"\/><\/div>\n<\/div>\n<p><noscript><iframe title=\"Banco Central confirma estouro da meta de infla\u00e7\u00e3o em 2024: &#039;Lula aposta na fantasia&#039;\" width=\"800\" height=\"450\" src=\"https:\/\/www.youtube.com\/embed\/MRcRg8y2lo0?feature=oembed\" frameborder=\"0\" allow=\"accelerometer; autoplay; clipboard-write; encrypted-media; gyroscope; picture-in-picture; web-share\" referrerpolicy=\"strict-origin-when-cross-origin\" allowfullscreen><\/iframe><\/noscript>\n<\/div>\n<\/figure>\n<p>\u201c<em>As decis\u00f5es t\u00eam sido un\u00e2nimes j\u00e1 h\u00e1 algum tempo, e n\u00e3o cabe a mim fazer coment\u00e1rio sobre qualquer tipo de coment\u00e1rio do presidente da Rep\u00fablica ou do ministro, mas como eu entendo o coment\u00e1rio que est\u00e1 vindo tanto por parte do presidente, do ministro, de outras pessoas, sobre o tema do cavalo de pau \u00e9: eu acho que independente de com quem voc\u00ea dialogue, existe, aqui no Brasil, o diagn\u00f3stico, j\u00e1 de algum tempo, que h\u00e1 um estranhamento, vamos dizer assim, com o fato de que a gente convive muitas vezes com taxas de juros relativamente elevadas quando comparado com os pares, e, ainda assim, a gente v\u00ea um n\u00edvel de atividade econ\u00f4mica mais din\u00e2mico. \u00c9 o caso que n\u00f3s estamos vivenciando agora\u201d.<\/em><\/p>\n<h2 class=\"wp-block-heading\"><strong>O que disse Lula em janeiro deste ano<\/strong><\/h2>\n<p>Lula disse no fim de janeiro, quando Gal\u00edpolo presidiu sua primeira reuni\u00e3o do Copom, que \u201co presidente do Banco Central n\u00e3o pode dar um cavalo de pau num mar revolto, de uma hora para outra\u201d e que \u201cj\u00e1 estava praticamente demarcado a necessidade da subida de juros pelo outro presidente\u201d.<\/p>\n<p>+ <strong>Leia mais not\u00edcias de <\/strong><strong>Economia<\/strong><strong> na Oeste<\/strong><\/p>\n<\/p><\/div>\n<p><br \/>\n<br \/>Fonte: <a href=\"https:\/\/revistaoeste.com\/economia\/galipolo-desmente-lula-e-haddad-sobre-taxa-de-juros\/\">Revista oeste<\/a><\/p>\n","protected":false},"excerpt":{"rendered":"<p>O presidente do Banco Central (BC), Gabriel Gal\u00edpolo, reafirmou nesta quinta-feira, 27, que foi protagonista na reuni\u00e3o do Comit\u00ea de Pol\u00edtica Monet\u00e1ria (Copom). No encontro, o \u00f3rg\u00e3o decidiu elevar a taxa b\u00e1sica de juros em um ponto percentual em dezembro de 2024 e projetar dois novos aumentos nas duas primeiras reuni\u00f5es de 2025. Gal\u00edpolo falou [&hellip;]<\/p>\n","protected":false},"author":5,"featured_media":8405,"comment_status":"open","ping_status":"open","sticky":false,"template":"","format":"standard","meta":{"_seopress_robots_primary_cat":"","_seopress_titles_title":"","_seopress_titles_desc":"","_seopress_robots_index":"","footnotes":""},"categories":[45],"tags":[],"class_list":["post-8404","post","type-post","status-publish","format-standard","has-post-thumbnail","hentry","category-economia"],"_links":{"self":[{"href":"https:\/\/mussicom.com\/noticias\/wp-json\/wp\/v2\/posts\/8404","targetHints":{"allow":["GET"]}}],"collection":[{"href":"https:\/\/mussicom.com\/noticias\/wp-json\/wp\/v2\/posts"}],"about":[{"href":"https:\/\/mussicom.com\/noticias\/wp-json\/wp\/v2\/types\/post"}],"author":[{"embeddable":true,"href":"https:\/\/mussicom.com\/noticias\/wp-json\/wp\/v2\/users\/5"}],"replies":[{"embeddable":true,"href":"https:\/\/mussicom.com\/noticias\/wp-json\/wp\/v2\/comments?post=8404"}],"version-history":[{"count":0,"href":"https:\/\/mussicom.com\/noticias\/wp-json\/wp\/v2\/posts\/8404\/revisions"}],"wp:featuredmedia":[{"embeddable":true,"href":"https:\/\/mussicom.com\/noticias\/wp-json\/wp\/v2\/media\/8405"}],"wp:attachment":[{"href":"https:\/\/mussicom.com\/noticias\/wp-json\/wp\/v2\/media?parent=8404"}],"wp:term":[{"taxonomy":"category","embeddable":true,"href":"https:\/\/mussicom.com\/noticias\/wp-json\/wp\/v2\/categories?post=8404"},{"taxonomy":"post_tag","embeddable":true,"href":"https:\/\/mussicom.com\/noticias\/wp-json\/wp\/v2\/tags?post=8404"}],"curies":[{"name":"wp","href":"https:\/\/api.w.org\/{rel}","templated":true}]}}