{"id":8361,"date":"2025-03-27T16:12:35","date_gmt":"2025-03-27T19:12:35","guid":{"rendered":"https:\/\/mussicom.com\/so-um-canalha-acredita-em-plano-de-assassinato-diz-bolsonaro\/"},"modified":"2025-03-27T16:12:35","modified_gmt":"2025-03-27T19:12:35","slug":"so-um-canalha-acredita-em-plano-de-assassinato-diz-bolsonaro","status":"publish","type":"post","link":"https:\/\/mussicom.com\/noticias\/so-um-canalha-acredita-em-plano-de-assassinato-diz-bolsonaro\/","title":{"rendered":"S\u00f3 um &#8216;canalha&#8217; acredita em plano de assassinato, diz Bolsonaro"},"content":{"rendered":"<p> <br \/>\n<\/p>\n<div id=\"hd80s9wa1h892edh8192\">\n<p>O ex-presidente <strong>Jair Bolsonaro<\/strong> afirma que \u201cs\u00f3 um imbecil ou um canalha\u201d acredita na exist\u00eancia de um plano para assassinar o presidente Luiz In\u00e1cio Lula da Silva em 2022. Por meio de suas redes sociais, Bolsonaro destaca que o governo utiliza \u201ccortinas de fuma\u00e7a\u201d para encobrir os fracassos da gest\u00e3o petista.<\/p>\n<p>\u201cS\u00f3 um imbecil ou um canalha compra esse papo de plano de assassinato\u201d, disse o pol\u00edtico. \u201cA \u00fanica pessoa que tentaram matar fui eu, em uma a\u00e7\u00e3o de antigo militante do Psol, seu bra\u00e7o pol\u00edtico de primeira hora. N\u00e3o conseguiram! Esse foi o grande erro de voc\u00eas, como admitiu Jos\u00e9 Dirceu.\u201d<\/p>\n<p><strong>+ Leia mais not\u00edcias de Pol\u00edtica em Oeste <\/strong><\/p>\n<p>Bolsonaro, juntamente com sua manifesta\u00e7\u00e3o, publicou uma manchete de <strong>Oeste <\/strong>sobre a declara\u00e7\u00e3o de Lula a jornalistas no Jap\u00e3o nesta quarta-feira, 26. Na ocasi\u00e3o, o petista afirmou ser \u201cvis\u00edvel que o ex-presidente tentou dar um golpe no pa\u00eds\u201d e contribuir para o seu assassinato.<\/p>\n<p>\u201c\u00c9 vis\u00edvel por todas as provas que ele tentou contribuir para o meu assassinato, para o assassinato do vice-presidente e para o assassinato do ex-presidente da Justi\u00e7a Eleitoral brasileira\u201d, alega Lula.<\/p>\n<p>O petista se refere ao suposto plano \u201cPunhal Verde-Amarelo\u201d, identificado no inqu\u00e9rito da Pol\u00edcia Federal que embasou a den\u00fancia da Procuradoria-Geral da Rep\u00fablica.<\/p>\n<blockquote class=\"twitter-tweet\">\n<p lang=\"pt\" dir=\"ltr\">\u2013 Lula, cacha\u00e7a, o brasileiro sabe de sua \u00edndole e de como voc\u00ea chegou at\u00e9 aqui. S\u00f3 um imbecil ou um canalha compra esse papo de plano de assassinato. A \u00fanica pessoa que tentaram matar fui eu, em uma a\u00e7\u00e3o de antigo militante do PSOL, seu bra\u00e7o pol\u00edtico de primeira hora. N\u00e3o\u2026 <a href=\"https:\/\/t.co\/qqo2gidpvs\">pic.twitter.com\/qqo2gidpvs<\/a><\/p>\n<p>\u2014 Jair M. Bolsonaro (@jairbolsonaro) <a href=\"https:\/\/twitter.com\/jairbolsonaro\/status\/1905268216198279290?ref_src=twsrc%5Etfw\">March 27, 2025<\/a><\/p><\/blockquote>\n<p>Segundo as investiga\u00e7\u00f5es, o projeto tinha como objetivo as mortes de Lula, do seu vice, Geraldo Alckmin, e do ent\u00e3o presidente do <strong>Tribunal Superior Eleitoral<\/strong>, o ministro Alexandre de Moraes.<\/p>\n<p>Bolsonaro argumenta que o petista utiliza desses elementos como \u201ccortinas de fuma\u00e7a di\u00e1rias para encobrir o pior governo da hist\u00f3ria do pa\u00eds, com n\u00fameros da era Dilma \u2014 sem pandemia e sem os efeitos iniciais de uma guerra que atingiram a economia de todo o planeta\u201d.<\/p>\n<h2 class=\"wp-block-heading\"><strong>Lula diz que Bolsonaro deve assumir os pr\u00f3prios erros <\/strong><\/h2>\n<p>Durante coletiva de imprensa, Lula disse que, caso o ex-presidente seja considerado culpado, ele deve ser punido. O petista elenca que \u201cn\u00e3o adianta agora ele ficar fazendo bravata dizendo que est\u00e1 sendo perseguido\u201d.<\/p>\n<p>\u201cEle sabe o que ele cometeu\u201d, disse Lula. \u201cS\u00f3 ele sabe o que ele fez, e ele sabe que n\u00e3o foi correto. E n\u00e3o adianta ficar pedindo anistia antes do julgamento. Quando ele pede anistia antes do julgamento, significa que ele foi o culpado.\u201d<\/p>\n<p><strong>+ Leia tamb\u00e9m: \u201cLula: \u2018\u00c9 vis\u00edvel que Bolsonaro tentou golpe e meu assassinato&#8217;\u201d <\/strong><\/p>\n<\/p><\/div>\n<p><script async src=\"\/\/platform.twitter.com\/widgets.js\" charset=\"utf-8\"><\/script><br \/>\n<br \/><br \/>\n<br \/>Fonte: <a href=\"https:\/\/revistaoeste.com\/politica\/so-um-canalha-acredita-em-plano-de-assassinato-diz-bolsonaro\/\">Ag\u00eancia Brasil<\/a><\/p>\n","protected":false},"excerpt":{"rendered":"<p>O ex-presidente Jair Bolsonaro afirma que \u201cs\u00f3 um imbecil ou um canalha\u201d acredita na exist\u00eancia de um plano para assassinar o presidente Luiz In\u00e1cio Lula da Silva em 2022. Por meio de suas redes sociais, Bolsonaro destaca que o governo utiliza \u201ccortinas de fuma\u00e7a\u201d para encobrir os fracassos da gest\u00e3o petista. \u201cS\u00f3 um imbecil ou [&hellip;]<\/p>\n","protected":false},"author":5,"featured_media":8362,"comment_status":"open","ping_status":"open","sticky":false,"template":"","format":"standard","meta":{"_seopress_robots_primary_cat":"","_seopress_titles_title":"","_seopress_titles_desc":"","_seopress_robots_index":"","footnotes":""},"categories":[47,1],"tags":[],"class_list":["post-8361","post","type-post","status-publish","format-standard","has-post-thumbnail","hentry","category-politica","category-ultimas-noticias"],"_links":{"self":[{"href":"https:\/\/mussicom.com\/noticias\/wp-json\/wp\/v2\/posts\/8361","targetHints":{"allow":["GET"]}}],"collection":[{"href":"https:\/\/mussicom.com\/noticias\/wp-json\/wp\/v2\/posts"}],"about":[{"href":"https:\/\/mussicom.com\/noticias\/wp-json\/wp\/v2\/types\/post"}],"author":[{"embeddable":true,"href":"https:\/\/mussicom.com\/noticias\/wp-json\/wp\/v2\/users\/5"}],"replies":[{"embeddable":true,"href":"https:\/\/mussicom.com\/noticias\/wp-json\/wp\/v2\/comments?post=8361"}],"version-history":[{"count":0,"href":"https:\/\/mussicom.com\/noticias\/wp-json\/wp\/v2\/posts\/8361\/revisions"}],"wp:featuredmedia":[{"embeddable":true,"href":"https:\/\/mussicom.com\/noticias\/wp-json\/wp\/v2\/media\/8362"}],"wp:attachment":[{"href":"https:\/\/mussicom.com\/noticias\/wp-json\/wp\/v2\/media?parent=8361"}],"wp:term":[{"taxonomy":"category","embeddable":true,"href":"https:\/\/mussicom.com\/noticias\/wp-json\/wp\/v2\/categories?post=8361"},{"taxonomy":"post_tag","embeddable":true,"href":"https:\/\/mussicom.com\/noticias\/wp-json\/wp\/v2\/tags?post=8361"}],"curies":[{"name":"wp","href":"https:\/\/api.w.org\/{rel}","templated":true}]}}