{"id":8306,"date":"2025-03-27T12:43:03","date_gmt":"2025-03-27T15:43:03","guid":{"rendered":"https:\/\/www.mussicom.com\/casaria-a-curiosa-opiniao-de-alcione-sobre-alexandre-de-moraes\/"},"modified":"2025-03-27T12:43:03","modified_gmt":"2025-03-27T15:43:03","slug":"casaria-a-curiosa-opiniao-de-alcione-sobre-alexandre-de-moraes","status":"publish","type":"post","link":"https:\/\/mussicom.com\/noticias\/casaria-a-curiosa-opiniao-de-alcione-sobre-alexandre-de-moraes\/","title":{"rendered":"Casaria? A curiosa opini\u00e3o de Alcione sobre Alexandre de Moraes"},"content":{"rendered":"<p> <br \/>\n<\/p>\n<div>\n<p><strong>Alexandre de Moraes<\/strong> esteve no radar p\u00fablico nos \u00faltimos anos devido ao seu trabalho como ministro do <strong>Supremo Tribunal Federal<\/strong> (STF). O jurista, que j\u00e1 presidiu o <strong>Tribunal Superior Eleitoral<\/strong> (TSE), \u00e9 relator de inqu\u00e9ritos sobre fake news e mil\u00edcias digitais, contemplando tamb\u00e9m investiga\u00e7\u00f5es a respeito dos ataques e invas\u00f5es a patrim\u00f4nio p\u00fablico em Bras\u00edlia no dia 8 de janeiro de 2023.<\/p>\n<p>N\u00e3o h\u00e1 como negar que a atua\u00e7\u00e3o de Moraes polariza a opini\u00e3o p\u00fablica entre apoiadores e detratores. Ainda assim, uma demonstra\u00e7\u00e3o de apre\u00e7o por parte de <strong>Alcione<\/strong> fugiu do convencional.<\/p>\n<p>Durante show em S\u00e3o Paulo no \u00faltimo fim de semana (via <em>F5<\/em>), a cantora de 77 anos se declarou f\u00e3 do magistrado de 56, conhecido nas redes sociais como <strong>\u201cXand\u00e3o\u201d<\/strong>, e cravou: teria casado com ele. Vale destacar que Moraes tem esposa, a advogada <strong>Viviane Barci de Moraes<\/strong>, e tr\u00eas filhos desta uni\u00e3o.<\/p>\n<p>Antes de interpretar a m\u00fasica <strong>\u201cFaz uma Loucura por Mim\u201d<\/strong>, a Dama do Samba afirmou:<\/p>\n<blockquote class=\"citacao\"><p><em>\u201cAdoro nosso ministro Alexandre de Moraes. Sempre falei para a minha irm\u00e3 que, se tivesse conhecido ele h\u00e1 mais tempo, eu tinha casado com ele. Eu sou f\u00e3 do ministro.\u201d<\/em><\/p><\/blockquote>\n<blockquote class=\"twitter-tweet\" data-media-max-width=\"560\">\n<p dir=\"ltr\" lang=\"pt\">Alcione tamb\u00e9m tem um crush famoso capaz de virar a cabe\u00e7a e tirar do s\u00e9rio! Durante show neste domingo (23), a Marrom declarou toda sua admira\u00e7\u00e3o pelo ministro do STF Alexandre de Moraes. A loba ainda bateu o martelo e disse que teria se casado com Xand\u00e3o se o conhecesse h\u00e1 mais\u2026 <a href=\"https:\/\/t.co\/ouYtLSzvSa\">pic.twitter.com\/ouYtLSzvSa<\/a><\/p>\n<p>&#13;<br \/>\n\u2014 Hugo Gloss (@HugoGloss) <a href=\"https:\/\/twitter.com\/HugoGloss\/status\/1904242774796283929?ref_src=twsrc%5Etfw\">March 24, 2025<\/a><\/p><\/blockquote>\n<p>N\u00e3o \u00e9 a primeira demonstra\u00e7\u00e3o de carinho por parte de Alcione. Em 2024, durante apresenta\u00e7\u00e3o em Bras\u00edlia, a artista se declarou ao ministro do STF enquanto tamb\u00e9m puxou coro para o presidente da Rep\u00fablica, <strong>Luiz In\u00e1cio Lula da Silva<\/strong> (<strong>PT<\/strong>). Ela disse:<\/p>\n<blockquote class=\"citacao\"><p><em>\u201cQual \u00e9 o nome do meu ministro? Alexandre de Moraes, meu careca. Gosto muito dele.\u201d<\/em><\/p><\/blockquote>\n<blockquote class=\"twitter-tweet\" data-media-max-width=\"560\">\n<p dir=\"ltr\" lang=\"pt\">Alcione acabou de puxar um coro para o Lula e de se declarar para o Xand\u00e3o, \u201caquele careca\u201d. Show dela em Bras\u00edlia. Salva de likes. <a href=\"https:\/\/t.co\/yqxcEdlqMV\">pic.twitter.com\/yqxcEdlqMV<\/a><\/p>\n<p>&#13;<br \/>\n\u2014 GugaNoblat (@GugaNoblat) <a href=\"https:\/\/twitter.com\/GugaNoblat\/status\/1771775466422046766?ref_src=twsrc%5Etfw\">March 24, 2024<\/a><\/p><\/blockquote>\n<h3>Voto de Alexandre de Moraes decisivo em den\u00fancia contra Bolsonaro<\/h3>\n<p>De acordo com a <em>Ag\u00eancia Brasil<\/em>, o voto de Alexandre de Moraes foi decisivo para os ministros da Primeira Turma da Corte tornarem r\u00e9us o ex-presidente <strong>Jair Bolsonaro<\/strong> (<strong>PL<\/strong>) e mais sete acusados do n\u00facleo crucial da den\u00fancia sobre a trama golpista para impedir o terceiro mandato do presidente Lula.<\/p>\n<p>Por unanimidade, os ministros <strong>Fl\u00e1vio Dino<\/strong>, <strong>Luiz Fux<\/strong>, <strong>C\u00e1rmen L\u00facia<\/strong> e <strong>Cristiano Zanin<\/strong>, da <strong>Primeira Turma do STF<\/strong>, acompanharam o voto de Moraes, que \u00e9 relator do caso.<\/p>\n<p>Em sua manifesta\u00e7\u00e3o, Alexandre de Moraes afirmou que a <strong>Procuradoria-Geral da Rep\u00fablica<\/strong> (PGR) cumpriu os dispositivos legais e demonstrou os ind\u00edcios de que o ex-presidente e seus aliados podem ter cometido os crimes de organiza\u00e7\u00e3o criminosa armada, tentativa de aboli\u00e7\u00e3o violenta do Estado Democr\u00e1tico de Direito, golpe de Estado, dano qualificado pela viol\u00eancia e grave amea\u00e7a e deteriora\u00e7\u00e3o de patrim\u00f4nio tombado.<\/p>\n<p>\u00c9 a primeira vez que um ex-presidente eleito \u00e9 colocado no banco dos r\u00e9us por crimes contra a ordem democr\u00e1tica estabelecida com a Constitui\u00e7\u00e3o de 1988. Esses tipos de crime est\u00e3o previstos nos artigos 359-L (golpe de Estado) e 359-M (aboli\u00e7\u00e3o do Estado Democr\u00e1tico de Direito) do C\u00f3digo Penal brasileiro.<\/p>\n<p><em>\u201cN\u00e3o h\u00e1 ent\u00e3o d\u00favidas de que a procuradoria apontou elementos mais do que suficientes, razo\u00e1veis, de materialidade e autoria para o recebimento da den\u00fancia contra Jair Messias Bolsonaro\u201d<\/em>, disse o ministro Alexandre de Moraes, relator do caso no Supremo, referindo-se \u00e0 acusa\u00e7\u00e3o apresentada no m\u00eas passado pelo procurador-geral da Rep\u00fablica, <strong>Paulo Gonet<\/strong>.<\/p>\n<p>O relator votou para que Bolsonaro tamb\u00e9m responda, na condi\u00e7\u00e3o de r\u00e9u no Supremo, aos crimes de organiza\u00e7\u00e3o criminosa armada, dano qualificado pelo emprego de viol\u00eancia e grave amea\u00e7a e deteriora\u00e7\u00e3o de patrim\u00f4nio tombado. Se somadas, todas as penas superam os 30 anos de cadeia.<\/p>\n<p>Os oito r\u00e9us comp\u00f5em o chamado \u201cn\u00facleo crucial\u201d do golpe, entre as 34 pessoas que foram denunciadas. S\u00e3o eles:<\/p>\n<ul>\n<li><strong>Jair Bolsonaro<\/strong>, ex-presidente da Rep\u00fablica;<\/li>\n<li><strong>Walter Braga Netto<\/strong>, general de Ex\u00e9rcito, ex-ministro e vice de Bolsonaro na chapa das elei\u00e7\u00f5es de 2022;<\/li>\n<li><strong>General Augusto Heleno<\/strong>, ex-ministro do Gabinete de Seguran\u00e7a Institucional;<\/li>\n<li><strong>Alexandre Ramagem<\/strong>, ex-diretor da Ag\u00eancia Brasileira de Intelig\u00eancia &#8211; Abin;<\/li>\n<li><strong>Anderson Torres<\/strong>, ex-ministro da Justi\u00e7a e ex-secret\u00e1rio de seguran\u00e7a do Distrito Federal;<\/li>\n<li><strong>Almir Garnier<\/strong>, ex-comandante da Marinha;<\/li>\n<li><strong>Paulo S\u00e9rgio Nogueira<\/strong>, general do Ex\u00e9rcito e ex-ministro da Defesa;<\/li>\n<li><strong>Mauro Cid<\/strong>, delator e ex-ajudante de ordens de Bolsonaro.<\/li>\n<\/ul>\n<p>Aceita a den\u00fancia, os oito acusados passam \u00e0 condi\u00e7\u00e3o de r\u00e9us, respondendo a uma a\u00e7\u00e3o penal no Supremo pelos crimes de organiza\u00e7\u00e3o criminosa armada, tentativa de aboli\u00e7\u00e3o violenta do Estado Democr\u00e1tico de Direito, golpe de Estado, dano qualificado pela viol\u00eancia e grave amea\u00e7a e deteriora\u00e7\u00e3o de patrim\u00f4nio tombado.<\/p>\n<p>Com a abertura do processo criminal, os advogados poder\u00e3o indicar testemunhas e pedir a produ\u00e7\u00e3o de novas provas para comprovar as teses de defesa. Com o fim da instru\u00e7\u00e3o do processo, o julgamento ser\u00e1 marcado, e os ministros v\u00e3o decidir se o ex-presidente e os demais acusados ser\u00e3o condenados \u00e0 pris\u00e3o ou absolvidos.<\/p>\n<p>N\u00e3o h\u00e1 data definida para o julgamento, que depende do andamento da instru\u00e7\u00e3o processual. At\u00e9 l\u00e1, os r\u00e9us devem responder ao processo em liberdade. Conforme entendimento do pr\u00f3prio Supremo, qualquer pris\u00e3o para cumprimento de pena s\u00f3 deve ocorrer ap\u00f3s o tr\u00e2nsito em julgado da a\u00e7\u00e3o penal. Isto \u00e9, quando n\u00e3o for mais poss\u00edvel apresentar nenhum recurso contra eventual condena\u00e7\u00e3o.<\/p>\n<\/div>\n<p><script async src=\"\/\/platform.twitter.com\/widgets.js\" charset=\"utf-8\"><\/script><br \/>\n<br \/><br \/>\n<br \/>Fonte: <a href=\"https:\/\/rollingstone.com.br\/musica\/casaria-a-curiosa-opiniao-de-alcione-sobre-alexandre-de-moraes\/\">rollingstone.com.br<\/a><\/p>\n","protected":false},"excerpt":{"rendered":"<p>Alexandre de Moraes esteve no radar p\u00fablico nos \u00faltimos anos devido ao seu trabalho como ministro do Supremo Tribunal Federal (STF). O jurista, que j\u00e1 presidiu o Tribunal Superior Eleitoral (TSE), \u00e9 relator de inqu\u00e9ritos sobre fake news e mil\u00edcias digitais, contemplando tamb\u00e9m investiga\u00e7\u00f5es a respeito dos ataques e invas\u00f5es a patrim\u00f4nio p\u00fablico em Bras\u00edlia [&hellip;]<\/p>\n","protected":false},"author":5,"featured_media":8307,"comment_status":"open","ping_status":"open","sticky":false,"template":"","format":"standard","meta":{"_seopress_robots_primary_cat":"","_seopress_titles_title":"","_seopress_titles_desc":"","_seopress_robots_index":"","footnotes":""},"categories":[51],"tags":[],"class_list":["post-8306","post","type-post","status-publish","format-standard","has-post-thumbnail","hentry","category-musica"],"_links":{"self":[{"href":"https:\/\/mussicom.com\/noticias\/wp-json\/wp\/v2\/posts\/8306","targetHints":{"allow":["GET"]}}],"collection":[{"href":"https:\/\/mussicom.com\/noticias\/wp-json\/wp\/v2\/posts"}],"about":[{"href":"https:\/\/mussicom.com\/noticias\/wp-json\/wp\/v2\/types\/post"}],"author":[{"embeddable":true,"href":"https:\/\/mussicom.com\/noticias\/wp-json\/wp\/v2\/users\/5"}],"replies":[{"embeddable":true,"href":"https:\/\/mussicom.com\/noticias\/wp-json\/wp\/v2\/comments?post=8306"}],"version-history":[{"count":0,"href":"https:\/\/mussicom.com\/noticias\/wp-json\/wp\/v2\/posts\/8306\/revisions"}],"wp:featuredmedia":[{"embeddable":true,"href":"https:\/\/mussicom.com\/noticias\/wp-json\/wp\/v2\/media\/8307"}],"wp:attachment":[{"href":"https:\/\/mussicom.com\/noticias\/wp-json\/wp\/v2\/media?parent=8306"}],"wp:term":[{"taxonomy":"category","embeddable":true,"href":"https:\/\/mussicom.com\/noticias\/wp-json\/wp\/v2\/categories?post=8306"},{"taxonomy":"post_tag","embeddable":true,"href":"https:\/\/mussicom.com\/noticias\/wp-json\/wp\/v2\/tags?post=8306"}],"curies":[{"name":"wp","href":"https:\/\/api.w.org\/{rel}","templated":true}]}}