{"id":8253,"date":"2025-03-27T09:25:51","date_gmt":"2025-03-27T12:25:51","guid":{"rendered":"https:\/\/mussicom.com\/ipca-15-sobe-064-em-marco\/"},"modified":"2025-03-27T09:25:51","modified_gmt":"2025-03-27T12:25:51","slug":"ipca-15-sobe-064-em-marco","status":"publish","type":"post","link":"https:\/\/mussicom.com\/noticias\/ipca-15-sobe-064-em-marco\/","title":{"rendered":"IPCA-15 sobe 0,64% em mar\u00e7o"},"content":{"rendered":"<p> <br \/>\n<\/p>\n<div id=\"hd80s9wa1h892edh8192\">\n<p>Considerado a pr\u00e9via da infla\u00e7\u00e3o, o  \u00cdndice Nacional de Pre\u00e7os ao Consumidor Amplo 15 (IPCA-15), apresentou alta de 0,64% em mar\u00e7o, de acordo com o Instituto Brasileiro de Geografia e Estat\u00edstica (IBGE). O \u00edndice ficou 0,59 ponto porcentual abaixo da taxa registrada em fevereiro (1,23%). <\/p>\n<p>+ <strong>Leia mais not\u00edcias de Economia em Oeste<\/strong><\/p>\n<p>O IPCA-E, que se constitui no IPCA-15 acumulado trimestralmente, ficou em 1,99%, acima da taxa de 1,46% registrada em igual per\u00edodo de 2024. Em 12 meses, o IPCA-15 acumula alta de 5,26%, acima dos 4,96% observados nos 12 meses imediatamente anteriores. Em mar\u00e7o de 2024, o IPCA-15 foi de 0,36%.<\/p>\n<figure class=\"wp-block-image aligncenter\"><picture><source data-srcset=\"https:\/\/medias.revistaoeste.com\/wp-content\/uploads\/2025\/03\/IPCA-15-marco.jpg.webp 365w, https:\/\/medias.revistaoeste.com\/wp-content\/uploads\/2025\/03\/IPCA-15-marco-300x187.jpg.webp 300w, https:\/\/medias.revistaoeste.com\/wp-content\/uploads\/2025\/03\/IPCA-15-marco-150x93.jpg.webp 150w\" data-sizes=\"(max-width: 365px) 100vw, 365px\" type=\"image\/webp\"><img fetchpriority=\"high\" decoding=\"async\" width=\"365\" height=\"227\" src=\"https:\/\/medias.revistaoeste.com\/wp-content\/uploads\/2025\/03\/IPCA-15-marco.jpg\" alt=\"Infla\u00e7\u00e3o mar\u00e7o\" class=\"wp-image-1936473\" srcset=\"https:\/\/medias.revistaoeste.com\/wp-content\/uploads\/2025\/03\/IPCA-15-marco.jpg 365w, https:\/\/medias.revistaoeste.com\/wp-content\/uploads\/2025\/03\/IPCA-15-marco-300x187.jpg 300w, https:\/\/medias.revistaoeste.com\/wp-content\/uploads\/2025\/03\/IPCA-15-marco-150x93.jpg 150w\" sizes=\"(max-width: 365px) 100vw, 365px\" data-eio=\"p\"\/><\/source><\/picture><figcaption class=\"wp-element-caption\">IPCA-15 em mar\u00e7o | Foto: Reprodu\u00e7\u00e3o\/IBGE<\/figcaption><\/figure>\n<h2 class=\"wp-block-heading\">Todos os grupos tiveram alta de infla\u00e7\u00e3o em mar\u00e7o<\/h2>\n<p>De acordo com o IBGE, todos os nove grupos de produtos e servi\u00e7os pesquisados registraram alta de pre\u00e7os em mar\u00e7o, com destaque para o grupo Alimenta\u00e7\u00e3o e bebidas, com a maior varia\u00e7\u00e3o, de 1,09%, e impacto de 0,24 ponto porcentual. <\/p>\n<p>Em seguida, est\u00e1 o grupo Transportes, com varia\u00e7\u00e3o de 0,92% e impacto de 0,19 ponto porcentual. Juntos os dois grupos respondem por cerca de dois ter\u00e7os do \u00edndice.<\/p>\n<p>+ <strong>Alckmin ignora a infla\u00e7\u00e3o e revela desconhecimento sobre juros<\/strong><\/p>\n<p>No grupo Alimenta\u00e7\u00e3o e bebidas, a alimenta\u00e7\u00e3o no domic\u00edlio acelerou de 0,63% em fevereiro para 1,25% em mar\u00e7o. Contribu\u00edram para esse resultado as altas do ovo de galinha (19,44%), do tomate (12,57%), do caf\u00e9 mo\u00eddo (8,53%) e das frutas (1,96%).<\/p>\n<p>No grupo Transportes, o destaque s\u00e3o os combust\u00edveis (1,88%), com alta nos pre\u00e7os do \u00f3leo diesel (2,77%), do etanol (2,17%) e da gasolina (1,83%) e do g\u00e1s veicular (0,08%). O subitem trem apresentou alta de 1,90% devido ao reajuste de 7,04% nas tarifas no Rio de Janeiro (4,25%), a partir de 2 de fevereiro.<\/p>\n<p>As demais varia\u00e7\u00f5es ficaram entre o 0,03% de Artigos de resid\u00eancia e o 0,81% de Despesas pessoais.<\/p>\n<figure class=\"wp-block-image\"><picture><source data-srcset=\"https:\/\/medias.revistaoeste.com\/wp-content\/uploads\/2025\/03\/inflacao-marco-.jpg.webp 680w, https:\/\/medias.revistaoeste.com\/wp-content\/uploads\/2025\/03\/inflacao-marco--300x231.jpg.webp 300w, https:\/\/medias.revistaoeste.com\/wp-content\/uploads\/2025\/03\/inflacao-marco--150x115.jpg.webp 150w\" data-sizes=\"(max-width: 680px) 100vw, 680px\" type=\"image\/webp\"><img alt=\"\" decoding=\"async\" width=\"680\" height=\"523\" alt=\"\" class=\"wp-image-1936472 perfmatters-lazy\" data-eio=\"p\" src=\"https:\/\/medias.revistaoeste.com\/wp-content\/uploads\/2025\/03\/inflacao-marco-.jpg\" srcset=\"https:\/\/medias.revistaoeste.com\/wp-content\/uploads\/2025\/03\/inflacao-marco-.jpg 680w, https:\/\/medias.revistaoeste.com\/wp-content\/uploads\/2025\/03\/inflacao-marco--300x231.jpg 300w, https:\/\/medias.revistaoeste.com\/wp-content\/uploads\/2025\/03\/inflacao-marco--150x115.jpg 150w\" data-sizes=\"(max-width: 680px) 100vw, 680px\"\/><img alt=\"\" decoding=\"async\" width=\"680\" height=\"523\" src=\"https:\/\/medias.revistaoeste.com\/wp-content\/uploads\/2025\/03\/inflacao-marco-.jpg\" alt=\"\" class=\"wp-image-1936472\" srcset=\"https:\/\/medias.revistaoeste.com\/wp-content\/uploads\/2025\/03\/inflacao-marco-.jpg 680w, https:\/\/medias.revistaoeste.com\/wp-content\/uploads\/2025\/03\/inflacao-marco--300x231.jpg 300w, https:\/\/medias.revistaoeste.com\/wp-content\/uploads\/2025\/03\/inflacao-marco--150x115.jpg 150w\" sizes=\"(max-width: 680px) 100vw, 680px\" data-eio=\"p\"\/><\/source><\/picture><figcaption class=\"wp-element-caption\">Impacto da infla\u00e7\u00e3o por grupo \u2013 IPCA-15 em mar\u00e7o | Foto: Reprodu\u00e7\u00e3o\/IBGE<\/figcaption><\/figure>\n<\/p><\/div>\n<p><br \/>\n<br \/>Fonte: <a href=\"https:\/\/revistaoeste.com\/economia\/ipca-15-previa-da-inflacao-sobe-064-em-marco\/\">Revista oeste<\/a><\/p>\n","protected":false},"excerpt":{"rendered":"<p>Considerado a pr\u00e9via da infla\u00e7\u00e3o, o \u00cdndice Nacional de Pre\u00e7os ao Consumidor Amplo 15 (IPCA-15), apresentou alta de 0,64% em mar\u00e7o, de acordo com o Instituto Brasileiro de Geografia e Estat\u00edstica (IBGE). O \u00edndice ficou 0,59 ponto porcentual abaixo da taxa registrada em fevereiro (1,23%). + Leia mais not\u00edcias de Economia em Oeste O IPCA-E, [&hellip;]<\/p>\n","protected":false},"author":5,"featured_media":8254,"comment_status":"open","ping_status":"open","sticky":false,"template":"","format":"standard","meta":{"_seopress_robots_primary_cat":"","_seopress_titles_title":"","_seopress_titles_desc":"","_seopress_robots_index":"","footnotes":""},"categories":[45],"tags":[],"class_list":["post-8253","post","type-post","status-publish","format-standard","has-post-thumbnail","hentry","category-economia"],"_links":{"self":[{"href":"https:\/\/mussicom.com\/noticias\/wp-json\/wp\/v2\/posts\/8253","targetHints":{"allow":["GET"]}}],"collection":[{"href":"https:\/\/mussicom.com\/noticias\/wp-json\/wp\/v2\/posts"}],"about":[{"href":"https:\/\/mussicom.com\/noticias\/wp-json\/wp\/v2\/types\/post"}],"author":[{"embeddable":true,"href":"https:\/\/mussicom.com\/noticias\/wp-json\/wp\/v2\/users\/5"}],"replies":[{"embeddable":true,"href":"https:\/\/mussicom.com\/noticias\/wp-json\/wp\/v2\/comments?post=8253"}],"version-history":[{"count":0,"href":"https:\/\/mussicom.com\/noticias\/wp-json\/wp\/v2\/posts\/8253\/revisions"}],"wp:featuredmedia":[{"embeddable":true,"href":"https:\/\/mussicom.com\/noticias\/wp-json\/wp\/v2\/media\/8254"}],"wp:attachment":[{"href":"https:\/\/mussicom.com\/noticias\/wp-json\/wp\/v2\/media?parent=8253"}],"wp:term":[{"taxonomy":"category","embeddable":true,"href":"https:\/\/mussicom.com\/noticias\/wp-json\/wp\/v2\/categories?post=8253"},{"taxonomy":"post_tag","embeddable":true,"href":"https:\/\/mussicom.com\/noticias\/wp-json\/wp\/v2\/tags?post=8253"}],"curies":[{"name":"wp","href":"https:\/\/api.w.org\/{rel}","templated":true}]}}