{"id":8192,"date":"2025-03-27T01:39:43","date_gmt":"2025-03-27T04:39:43","guid":{"rendered":"https:\/\/mussicom.com\/advogado-classifica-reacao-da-oab-como-vergonhosa\/"},"modified":"2025-03-27T01:39:43","modified_gmt":"2025-03-27T04:39:43","slug":"advogado-classifica-reacao-da-oab-como-vergonhosa","status":"publish","type":"post","link":"https:\/\/mussicom.com\/noticias\/advogado-classifica-reacao-da-oab-como-vergonhosa\/","title":{"rendered":"Advogado classifica rea\u00e7\u00e3o da OAB como &#8216;vergonhosa&#8217;"},"content":{"rendered":"<p> <br \/>\n<\/p>\n<div id=\"hd80s9wa1h892edh8192\">\n<p>O desembargador aposentado Sebasti\u00e3o Coelho protocolou uma peti\u00e7\u00e3o ao ministro Lu\u00eds Roberto Barroso, do <strong>Supremo Tribunal Federal (STF).<\/strong> O texto ressalta que agentes da Corte encaminharam o jurista a um \u201clocal discreto\u201d, lhe deram ordem de pris\u00e3o e tomaram o seu celular.<\/p>\n<p>\u201cNo caminho, os seguran\u00e7as deram voz de pris\u00e3o em flagrante\u201d, diz trecho da peti\u00e7\u00e3o. \u201cEm seguida, os telefones celulares foram apreendidos tamb\u00e9m.\u201d<\/p>\n<p><strong>+ Leia mais not\u00edcias de Pol\u00edtica em Oeste <\/strong><\/p>\n<p><strong>Sebasti\u00e3o foi detido nesta ter\u00e7a-feira, 25, em flagrante de delito, por suposto desacato e ofensas ao tribunal. Na ocasi\u00e3o, Barroso determinou a lavratura de um boletim de ocorr\u00eancia sobre a situa\u00e7\u00e3o.<\/strong><\/p>\n<p>Em entrevista \u00e0 edi\u00e7\u00e3o desta quarta-feira, 26, do <strong>Jornal da Oeste<\/strong>, o advogado Alfredo Scaff Filho classifica como \u201cvergonhosa\u201d a rea\u00e7\u00e3o da Ordem dos Advogados do Brasil (OAB) frente \u00e0 ocorr\u00eancia no STF.<\/p>\n<figure class=\"wp-block-embed aligncenter is-type-video is-provider-youtube wp-block-embed-youtube wp-embed-aspect-16-9 wp-has-aspect-ratio\">\n<div class=\"wp-block-embed__wrapper\">\n<div class=\"perfmatters-lazy-youtube\" data-src=\"https:\/\/www.youtube.com\/embed\/BFkdQKtwYmA\" data-id=\"BFkdQKtwYmA\" data-query=\"list=PLa6ZAwmKhIlqJiRbDjmayjAESFpr65Fb-\" onclick=\"perfmattersLazyLoadYouTube(this);\">\n<div><img fetchpriority=\"high\" decoding=\"async\" src=\"https:\/\/i.ytimg.com\/vi\/BFkdQKtwYmA\/hqdefault.jpg\" alt=\"YouTube video\" width=\"480\" height=\"360\" data-pin-nopin=\"true\" nopin=\"nopin\"\/><\/div>\n<\/div>\n<p><noscript><iframe title=\"JORNAL DA OESTE - com Geisiane Freitas | 26\/03\/2025\" width=\"800\" height=\"450\" src=\"https:\/\/www.youtube.com\/embed\/BFkdQKtwYmA?feature=oembed\" frameborder=\"0\" allow=\"accelerometer; autoplay; clipboard-write; encrypted-media; gyroscope; picture-in-picture; web-share\" referrerpolicy=\"strict-origin-when-cross-origin\" allowfullscreen><\/iframe><\/noscript>\n<\/div>\n<\/figure>\n<p>Scaff argumenta que a \u201cquest\u00e3o individual de Sebasti\u00e3o precisava ser tratada com extremo respeito\u201d. Ele destaca que o Estatuto da Advocacia garante que qualquer advogado tenha acesso a \u201cqualquer sala de audi\u00eancia em qualquer inst\u00e2ncia\u201d.<\/p>\n<p>\u201cN\u00f3s n\u00e3o temos uma posi\u00e7\u00e3o firme do Conselho Federal da OAB\u201d, disse Scaff. \u201cO Estatuto da Advocacia foi desrespeitado. Vejo que as 27 seccionais da OAB no Brasil deveriam emitir uma nota conjunta e firme, pois isso \u00e9 inadmiss\u00edvel e contra a lei. O que foi feito l\u00e1 \u00e9 uma ilegalidade contra as prerrogativas de um advogado.\u201d<\/p>\n<p><strong>+ Leia tamb\u00e9m: \u201cSebasti\u00e3o Coelho protocola peti\u00e7\u00e3o no STF para preservar imagens de sua pris\u00e3o\u201d <\/strong><\/p>\n<p>A Corte afirma que apenas os advogados das partes e os pr\u00f3prios acusados tinham acesso liberado \u00e0 sess\u00e3o. Ela ressalta que, por meio de nota, havia uma orienta\u00e7\u00e3o pr\u00e9via para o credenciamento de advogados que n\u00e3o representassem partes no processo.<\/p>\n<h2 class=\"wp-block-heading\"><strong>OAB fala em respeito rec\u00edproco entre advogados e magistrados <\/strong><\/h2>\n<p>Em nota, a OAB argumenta que acompanha os desdobramentos e se compromete a apurar o epis\u00f3dio com responsabilidade. A entidade tamb\u00e9m relata ter recebido manifesta\u00e7\u00f5es de colegas sobre poss\u00edveis cerceamentos de defesa.<\/p>\n<p>\u201cA OAB recebe a representa\u00e7\u00e3o de colegas que relatam cerceamento de defesa e tratar\u00e1 do tema junto ao Supremo\u201d, disse o \u00f3rg\u00e3o. \u201cSeguiremos atentos para que a rela\u00e7\u00e3o entre advogados e magistrados seja sempre marcada por urbanidade e por respeito rec\u00edprocos.\u201d<\/p>\n<p><strong>+ \u201cOAB reage \u00e0 pris\u00e3o de desembargador durante julgamento de Bolsonaro no STF\u201d <\/strong><\/p>\n<\/p><\/div>\n<p><br \/>\n<br \/>Fonte: <a href=\"https:\/\/revistaoeste.com\/politica\/advogado-classifica-reacao-da-oab-como-vergonhosa\/\">Ag\u00eancia Brasil<\/a><\/p>\n","protected":false},"excerpt":{"rendered":"<p>O desembargador aposentado Sebasti\u00e3o Coelho protocolou uma peti\u00e7\u00e3o ao ministro Lu\u00eds Roberto Barroso, do Supremo Tribunal Federal (STF). O texto ressalta que agentes da Corte encaminharam o jurista a um \u201clocal discreto\u201d, lhe deram ordem de pris\u00e3o e tomaram o seu celular. \u201cNo caminho, os seguran\u00e7as deram voz de pris\u00e3o em flagrante\u201d, diz trecho da [&hellip;]<\/p>\n","protected":false},"author":5,"featured_media":8193,"comment_status":"open","ping_status":"open","sticky":false,"template":"","format":"standard","meta":{"_seopress_robots_primary_cat":"","_seopress_titles_title":"","_seopress_titles_desc":"","_seopress_robots_index":"","footnotes":""},"categories":[47,1],"tags":[],"class_list":["post-8192","post","type-post","status-publish","format-standard","has-post-thumbnail","hentry","category-politica","category-ultimas-noticias"],"_links":{"self":[{"href":"https:\/\/mussicom.com\/noticias\/wp-json\/wp\/v2\/posts\/8192","targetHints":{"allow":["GET"]}}],"collection":[{"href":"https:\/\/mussicom.com\/noticias\/wp-json\/wp\/v2\/posts"}],"about":[{"href":"https:\/\/mussicom.com\/noticias\/wp-json\/wp\/v2\/types\/post"}],"author":[{"embeddable":true,"href":"https:\/\/mussicom.com\/noticias\/wp-json\/wp\/v2\/users\/5"}],"replies":[{"embeddable":true,"href":"https:\/\/mussicom.com\/noticias\/wp-json\/wp\/v2\/comments?post=8192"}],"version-history":[{"count":0,"href":"https:\/\/mussicom.com\/noticias\/wp-json\/wp\/v2\/posts\/8192\/revisions"}],"wp:featuredmedia":[{"embeddable":true,"href":"https:\/\/mussicom.com\/noticias\/wp-json\/wp\/v2\/media\/8193"}],"wp:attachment":[{"href":"https:\/\/mussicom.com\/noticias\/wp-json\/wp\/v2\/media?parent=8192"}],"wp:term":[{"taxonomy":"category","embeddable":true,"href":"https:\/\/mussicom.com\/noticias\/wp-json\/wp\/v2\/categories?post=8192"},{"taxonomy":"post_tag","embeddable":true,"href":"https:\/\/mussicom.com\/noticias\/wp-json\/wp\/v2\/tags?post=8192"}],"curies":[{"name":"wp","href":"https:\/\/api.w.org\/{rel}","templated":true}]}}