{"id":8104,"date":"2025-03-26T18:26:52","date_gmt":"2025-03-26T21:26:52","guid":{"rendered":"https:\/\/www.mussicom.com\/aliens-galaxia-ou-aviao-cientistas-explicam-espiral-no-ceu-que-assustou-europeus\/"},"modified":"2025-03-26T18:26:52","modified_gmt":"2025-03-26T21:26:52","slug":"aliens-galaxia-ou-aviao-cientistas-explicam-espiral-no-ceu-que-assustou-europeus","status":"publish","type":"post","link":"https:\/\/mussicom.com\/noticias\/aliens-galaxia-ou-aviao-cientistas-explicam-espiral-no-ceu-que-assustou-europeus\/","title":{"rendered":"Aliens, gal\u00e1xia ou avi\u00e3o? Cientistas explicam espiral no c\u00e9u que assustou europeus"},"content":{"rendered":"<p> <br \/>\n<\/p>\n<div>\n<p>Moradores de v\u00e1rios pa\u00edses da Europa se assustaram ao olhar para o alto na noite de segunda-feira (24) e ver uma espiral no c\u00e9u de cor azulada. A forma\u00e7\u00e3o misteriosa n\u00e3o demorou a viralizar nas redes sociais, com os mais variados tipos de explica\u00e7\u00f5es para o fen\u00f4meno, que iam de avi\u00f5es e alien\u00edgenas a gal\u00e1xias se aproximando da Terra.<\/p>\n<p>No entanto, a verdade n\u00e3o est\u00e1 l\u00e1 fora. O misterioso redemoinho iluminado no c\u00e9u, visto no Reino Unido e em outras partes do velho continente, n\u00e3o tinha nada a ver com extraterrestres, asteroides ou algo do tipo. <strong>Acredita-se que ele esteja associado a um foguete da SpaceX<\/strong>.<\/p>\n<div class=\"raw-html-embed\">\n<blockquote class=\"twitter-tweet\">\n<p lang=\"en\" dir=\"ltr\">We&#8221;ve received many reports of an illuminated swirl in the sky this evening ??<\/p>\n<p>This is likely to be caused by the SpaceX Falcon 9 rocket, launched earlier today. The rocket&#8221;s frozen exhaust plume appears to be spinning in the atmosphere and reflecting the sunlight, causing it to\u2026 <a href=\"https:\/\/t.co\/4a9urgZceR\">pic.twitter.com\/4a9urgZceR<\/a><\/p>\n<p>\u2014 Met Office (@metoffice) <a href=\"https:\/\/twitter.com\/metoffice\/status\/1904312821858644415?ref_src=twsrc%5Etfw\">March 24, 2025<\/a><\/p><\/blockquote>\n<\/div>\n<p>\u201c\u00c9 prov\u00e1vel que isso seja causado pelo foguete SpaceX Falcon 9, lan\u00e7ado hoje mais cedo. A pluma de exaust\u00e3o congelada do foguete parece estar girando na atmosfera e refletindo a luz do Sol, fazendo com que pare\u00e7a uma espiral no c\u00e9u\u201d, explicou o Servi\u00e7o Nacional de Meteorologia do Reino Unido (Met Office), no X.<\/p>\n<p>A entidade que presta servi\u00e7os \u00e0s For\u00e7as Armadas brit\u00e2nicas, \u00f3rg\u00e3os governamentais e ao setor de avia\u00e7\u00e3o civil se manifestou ap\u00f3s receber uma enxurrada de cita\u00e7\u00f5es no antigo Twitter, pedindo explica\u00e7\u00f5es sobre a misteriosa espiral azulada. O fen\u00f4meno durou cerca de 10 minutos e tamb\u00e9m foi notado na Dinamarca, Cro\u00e1cia, Hungria e Pol\u00f4nia.<\/p>\n<h2>Como a espiral no c\u00e9u se formou?<\/h2>\n<figure class=\"image\"><figcaption>O fen\u00f4meno foi registrado em v\u00e1rias cidades europeias. (Imagem: X\/Association M\u00e9t\u00e9o Centre &#8211; Val de Loire\/Reprodu\u00e7\u00e3o)<\/figcaption><\/figure>\n<p>Segundo o oficial t\u00e9cnico do Observat\u00f3rio Bayfordbury da Universidade de Hertfordshire (Reino Unido), Lord Dover, a forma\u00e7\u00e3o que lembra uma gal\u00e1xia espiral surgiu a partir da libera\u00e7\u00e3o do combust\u00edvel do foguete na atmosfera. Nesta fase, o est\u00e1gio superior segue rumo ao espa\u00e7o, enquanto o inferior cai em dire\u00e7\u00e3o \u00e0 superf\u00edcie terrestre.<\/p>\n<p>Para liberar o restante do combust\u00edvel, <strong>o est\u00e1gio inferior do Falcon 9 realiza uma descida em espiral, momento em que o propelente se congela e preserva a dire\u00e7\u00e3o seguida pela pe\u00e7a<\/strong>. Como esta nuvem come\u00e7a a refletir a luz do Sol, a forma\u00e7\u00e3o ganha diferentes tonalidades e fica ainda mais vis\u00edvel no c\u00e9u, de acordo com Dover.<\/p>\n<p>Ou seja, trata-se de um rastro deixado pelo foguete durante a sua manobra de descida, viajando acima do oceano Atl\u00e2ntico. A forma\u00e7\u00e3o despertou diferentes rea\u00e7\u00f5es em quem a viu, como relata o <i>The Guardian<\/i>, com algumas pessoas se assustando diante de uma suposta invas\u00e3o alien\u00edgena e outras admirando a enigm\u00e1tica estrutura.<\/p>\n<p>Embora raro, esse tipo de fen\u00f4meno j\u00e1 foi flagrado em outras ocasi\u00f5es, sendo igualmente associado \u00e0s miss\u00f5es espaciais operadas pela empresa de Elon Musk. Especialistas preveem que ele <strong>ficar\u00e1 cada vez mais frequente<\/strong>, devido ao aumento dos lan\u00e7amentos espaciais aguardado para os pr\u00f3ximos anos.<\/p>\n<h2>Miss\u00e3o levava sat\u00e9lite espi\u00e3o dos EUA<\/h2>\n<figure class=\"image\"><img decoding=\"async\" src=\"https:\/\/tm.ibxk.com.br\/2025\/03\/26\/26132813633049.jpg\" alt=\"espiral-no-ceu-o-que-e-3.jpg\" srcset=\"https:\/\/tm.ibxk.com.br\/2025\/03\/26\/26132813665050.jpg 234w,https:\/\/tm.ibxk.com.br\/2025\/03\/26\/26132813711051.jpg 500w,\" sizes=\"100vw\"\/><figcaption>Com mais lan\u00e7amentos espaciais, o fen\u00f4meno pode se tornar frequente nos pr\u00f3ximos anos.. (Imagem: Getty Images)<\/figcaption><\/figure>\n<p>O foguete que gerou a espiral no c\u00e9u vista na Europa realizava uma miss\u00e3o sigilosa para o governo dos Estados Unidos. Conforme os registros oficiais, a espa\u00e7onave foi lan\u00e7ada no mesmo dia do fen\u00f4meno, horas antes, na base da For\u00e7a Espacial de Cabo Canaveral, na Fl\u00f3rida.<\/p>\n<p>Impulsionada pelo Falcon 9 da SpaceX, <strong>a miss\u00e3o NROL-69 transportava um novo sat\u00e9lite espi\u00e3o americano<\/strong>, segundo o <i>SpaceNews<\/i>. A decolagem ocorreu no per\u00edodo da tarde e o propulsor reutiliz\u00e1vel retornou \u00e0 \u00e1rea de pouso logo ap\u00f3s deixar a carga \u00fatil em \u00f3rbita.<\/p>\n<p>A miss\u00e3o do Escrit\u00f3rio de Reconhecimento Nacional dos EUA (NRO) faz parte de um projeto que objetiva construir a maior rede de sat\u00e9lites de vigil\u00e2ncia e intelig\u00eancia do governo americano. Desde 2023, o \u00f3rg\u00e3o j\u00e1 levou ao espa\u00e7o pelo menos 150 sat\u00e9lites, com mais lan\u00e7amentos previstos at\u00e9 2029.<\/p>\n<p>Qual seria a sua rea\u00e7\u00e3o ao ver uma espiral no c\u00e9u como a visualizada pelos europeus? Acesse as redes sociais do <strong>TecMundo<\/strong> e nos conte a sua opini\u00e3o.<\/p>\n<\/div>\n<p><script async src=\"\/\/platform.twitter.com\/widgets.js\" charset=\"utf-8\"><\/script><br \/>\n<br \/><br \/>\n<br \/>Fonte: <a href=\"https:\/\/www.tecmundo.com.br\/ciencia\/403593-aliens-galaxia-ou-aviao-cientistas-explicam-espiral-no-ceu-que-assustou-europeus.htm\">TecMundo<\/a><\/p>\n","protected":false},"excerpt":{"rendered":"<p>Moradores de v\u00e1rios pa\u00edses da Europa se assustaram ao olhar para o alto na noite de segunda-feira (24) e ver uma espiral no c\u00e9u de cor azulada. A forma\u00e7\u00e3o misteriosa n\u00e3o demorou a viralizar nas redes sociais, com os mais variados tipos de explica\u00e7\u00f5es para o fen\u00f4meno, que iam de avi\u00f5es e alien\u00edgenas a gal\u00e1xias [&hellip;]<\/p>\n","protected":false},"author":5,"featured_media":8105,"comment_status":"open","ping_status":"open","sticky":false,"template":"","format":"standard","meta":{"_seopress_robots_primary_cat":"","_seopress_titles_title":"","_seopress_titles_desc":"","_seopress_robots_index":"","footnotes":""},"categories":[50],"tags":[],"class_list":["post-8104","post","type-post","status-publish","format-standard","has-post-thumbnail","hentry","category-tecnologia"],"_links":{"self":[{"href":"https:\/\/mussicom.com\/noticias\/wp-json\/wp\/v2\/posts\/8104","targetHints":{"allow":["GET"]}}],"collection":[{"href":"https:\/\/mussicom.com\/noticias\/wp-json\/wp\/v2\/posts"}],"about":[{"href":"https:\/\/mussicom.com\/noticias\/wp-json\/wp\/v2\/types\/post"}],"author":[{"embeddable":true,"href":"https:\/\/mussicom.com\/noticias\/wp-json\/wp\/v2\/users\/5"}],"replies":[{"embeddable":true,"href":"https:\/\/mussicom.com\/noticias\/wp-json\/wp\/v2\/comments?post=8104"}],"version-history":[{"count":0,"href":"https:\/\/mussicom.com\/noticias\/wp-json\/wp\/v2\/posts\/8104\/revisions"}],"wp:featuredmedia":[{"embeddable":true,"href":"https:\/\/mussicom.com\/noticias\/wp-json\/wp\/v2\/media\/8105"}],"wp:attachment":[{"href":"https:\/\/mussicom.com\/noticias\/wp-json\/wp\/v2\/media?parent=8104"}],"wp:term":[{"taxonomy":"category","embeddable":true,"href":"https:\/\/mussicom.com\/noticias\/wp-json\/wp\/v2\/categories?post=8104"},{"taxonomy":"post_tag","embeddable":true,"href":"https:\/\/mussicom.com\/noticias\/wp-json\/wp\/v2\/tags?post=8104"}],"curies":[{"name":"wp","href":"https:\/\/api.w.org\/{rel}","templated":true}]}}