{"id":8016,"date":"2025-03-26T11:45:10","date_gmt":"2025-03-26T14:45:10","guid":{"rendered":"https:\/\/mussicom.com\/?p=8016"},"modified":"2025-03-26T11:45:10","modified_gmt":"2025-03-26T14:45:10","slug":"o-futuro-do-escolastica-rosa-um-patrimonio-em-discussao","status":"publish","type":"post","link":"https:\/\/mussicom.com\/noticias\/o-futuro-do-escolastica-rosa-um-patrimonio-em-discussao\/","title":{"rendered":"O Futuro do Escol\u00e1stica Rosa: Um Patrim\u00f4nio em Discuss\u00e3o"},"content":{"rendered":"\n<p>O Instituto Dona Escol\u00e1stica Rosa, localizado na Praia da Aparecida, em Santos, ser\u00e1 tema de uma audi\u00eancia p\u00fablica na C\u00e2mara Municipal nesta quarta-feira (26). O im\u00f3vel, que abrigou por d\u00e9cadas uma institui\u00e7\u00e3o de ensino, encontra-se em estado de ru\u00edna e tem sido foco de pol\u00eamicas quanto ao seu destino. O encontro, convocado pelo vereador Paulo Miyasiro (Republicanos), busca discutir solu\u00e7\u00f5es para o futuro desse patrim\u00f4nio hist\u00f3rico da cidade.<\/p>\n\n\n\n<p><strong>Um Patrim\u00f4nio em Risco<\/strong><\/p>\n\n\n\n<p>O Escol\u00e1stica Rosa foi doado \u00e0 Santa Casa de Santos no final do s\u00e9culo XIX, mas, devido a d\u00edvidas acumuladas, a institui\u00e7\u00e3o ofereceu o im\u00f3vel como garantia em uma d\u00edvida com a Uni\u00e3o. O abandono do pr\u00e9dio \u00e9 vis\u00edvel, necessitando de uma restaura\u00e7\u00e3o que, segundo especialistas, demandaria pelo menos tr\u00eas anos de obras e um investimento de R$ 50 milh\u00f5es.<\/p>\n\n\n\n<p>A decad\u00eancia do complexo arquitet\u00f4nico, que \u00e9 tombado pelo Condephaat e Condepasa, tem gerado preocupa\u00e7\u00e3o entre educadores, pol\u00edticos e a sociedade civil. Entre os presentes na audi\u00eancia estar\u00e3o a dirigente regional de ensino, Rose Cristina, o arquiteto Gustavo Nunes, respons\u00e1vel pelo projeto de restaura\u00e7\u00e3o, e representantes da Prefeitura de Santos.<\/p>\n\n\n\n<p><strong>A Disputa pelo Destino do Im\u00f3vel<\/strong><\/p>\n\n\n\n<p>Uma das propostas que mais gerou pol\u00eamica \u00e9 a transforma\u00e7\u00e3o do Escol\u00e1stica Rosa em uma escola militar, sugest\u00e3o feita pela deputada federal Rosana Valle (PL). Essa ideia encontrou forte resist\u00eancia da Apeoesp (Sindicato dos Professores do Ensino Oficial do Estado), que defende que o espa\u00e7o seja utilizado para educa\u00e7\u00e3o p\u00fablica, sem vincula\u00e7\u00e3o militar.<\/p>\n\n\n\n<p>A coordenadora regional da Apeoesp, T\u00e2nia Maria Grizzi de Moraes, destaca que o testamento de Jo\u00e3o Oct\u00e1vio dos Santos, que doou o im\u00f3vel \u00e0 Santa Casa, previa sua destina\u00e7\u00e3o \u00e0 educa\u00e7\u00e3o de crian\u00e7as \u00f3rf\u00e3s e jovens carentes. Para os opositores da militariza\u00e7\u00e3o, a instala\u00e7\u00e3o de uma escola voltada \u00e0 forma\u00e7\u00e3o de policiais contrariaria a inten\u00e7\u00e3o original do doador.<\/p>\n\n\n\n<p><strong>A Participa\u00e7\u00e3o Popular na Decis\u00e3o<\/strong><\/p>\n\n\n\n<p>Al\u00e9m da audi\u00eancia na C\u00e2mara, movimentos sociais t\u00eam se mobilizado para impedir a militariza\u00e7\u00e3o do im\u00f3vel. A Frente Feminista da Baixada Santista j\u00e1 realizou atos em defesa da manuten\u00e7\u00e3o do Escol\u00e1stica Rosa como espa\u00e7o educacional e cultural.<\/p>\n\n\n\n<p>O vereador Paulo Miyasiro enfatiza que a discuss\u00e3o deve ser coletiva e transparente: \u201cEsse \u00e9 um caso t\u00edpico de interesse p\u00fablico, e a solu\u00e7\u00e3o deve priorizar a vontade da sociedade\u201d.<\/p>\n\n\n\n<p>A decis\u00e3o sobre o futuro do Escol\u00e1stica Rosa est\u00e1 nas m\u00e3os das autoridades, mas a press\u00e3o popular promete influenciar os pr\u00f3ximos passos. O que se espera \u00e9 que a hist\u00f3ria e a fun\u00e7\u00e3o social do im\u00f3vel sejam preservadas, garantindo que ele continue sendo um espa\u00e7o de educa\u00e7\u00e3o e forma\u00e7\u00e3o cidad\u00e3.<\/p>\n\n\n\n<p>O debate est\u00e1 lan\u00e7ado, e a popula\u00e7\u00e3o santista tem voz nessa decis\u00e3o crucial para o futuro da cidade.<\/p>\n\n\n\n<p>Fonte: <a href=\"https:\/\/www.diariodolitoral.com.br\/cotidiano\/futuro-do-escolastica-rosa-sera-debatido-hoje-na-camara\/193039\/\">Di\u00e1rio do Litoral<\/a><\/p>\n","protected":false},"excerpt":{"rendered":"<p>O Instituto Dona Escol\u00e1stica Rosa, localizado na Praia da Aparecida, em Santos, ser\u00e1 tema de uma audi\u00eancia p\u00fablica na C\u00e2mara Municipal nesta quarta-feira (26). O im\u00f3vel, que abrigou por d\u00e9cadas uma institui\u00e7\u00e3o de ensino, encontra-se em estado de ru\u00edna e tem sido foco de pol\u00eamicas quanto ao seu destino. O encontro, convocado pelo vereador Paulo [&hellip;]<\/p>\n","protected":false},"author":5,"featured_media":8015,"comment_status":"closed","ping_status":"open","sticky":false,"template":"","format":"standard","meta":{"_seopress_robots_primary_cat":"","_seopress_titles_title":"","_seopress_titles_desc":"","_seopress_robots_index":"","footnotes":""},"categories":[44,47,52,1],"tags":[],"class_list":["post-8016","post","type-post","status-publish","format-standard","has-post-thumbnail","hentry","category-educacao","category-politica","category-santoseregiao","category-ultimas-noticias"],"_links":{"self":[{"href":"https:\/\/mussicom.com\/noticias\/wp-json\/wp\/v2\/posts\/8016","targetHints":{"allow":["GET"]}}],"collection":[{"href":"https:\/\/mussicom.com\/noticias\/wp-json\/wp\/v2\/posts"}],"about":[{"href":"https:\/\/mussicom.com\/noticias\/wp-json\/wp\/v2\/types\/post"}],"author":[{"embeddable":true,"href":"https:\/\/mussicom.com\/noticias\/wp-json\/wp\/v2\/users\/5"}],"replies":[{"embeddable":true,"href":"https:\/\/mussicom.com\/noticias\/wp-json\/wp\/v2\/comments?post=8016"}],"version-history":[{"count":1,"href":"https:\/\/mussicom.com\/noticias\/wp-json\/wp\/v2\/posts\/8016\/revisions"}],"predecessor-version":[{"id":8017,"href":"https:\/\/mussicom.com\/noticias\/wp-json\/wp\/v2\/posts\/8016\/revisions\/8017"}],"wp:featuredmedia":[{"embeddable":true,"href":"https:\/\/mussicom.com\/noticias\/wp-json\/wp\/v2\/media\/8015"}],"wp:attachment":[{"href":"https:\/\/mussicom.com\/noticias\/wp-json\/wp\/v2\/media?parent=8016"}],"wp:term":[{"taxonomy":"category","embeddable":true,"href":"https:\/\/mussicom.com\/noticias\/wp-json\/wp\/v2\/categories?post=8016"},{"taxonomy":"post_tag","embeddable":true,"href":"https:\/\/mussicom.com\/noticias\/wp-json\/wp\/v2\/tags?post=8016"}],"curies":[{"name":"wp","href":"https:\/\/api.w.org\/{rel}","templated":true}]}}