{"id":7879,"date":"2025-03-25T22:41:05","date_gmt":"2025-03-26T01:41:05","guid":{"rendered":"https:\/\/mussicom.com\/o-surpreendente-post-do-guns-n-roses-sobre-frank-ferrer-logo-apos-rompimento\/"},"modified":"2025-03-25T22:41:05","modified_gmt":"2025-03-26T01:41:05","slug":"o-surpreendente-post-do-guns-n-roses-sobre-frank-ferrer-logo-apos-rompimento","status":"publish","type":"post","link":"https:\/\/mussicom.com\/noticias\/o-surpreendente-post-do-guns-n-roses-sobre-frank-ferrer-logo-apos-rompimento\/","title":{"rendered":"O surpreendente post do Guns N\u2019 Roses sobre Frank Ferrer logo ap\u00f3s rompimento"},"content":{"rendered":"<p> <br \/>\n<\/p>\n<div>\n<p>Como noticiado, o <strong>Guns N\u2019 Roses<\/strong> anunciou na \u00faltima semana que <strong>Frank Ferrer<\/strong> n\u00e3o seria mais seu baterista. Ao compartilhar a informa\u00e7\u00e3o, a banda afirmou em nota que o rompimento ocorreu de forma \u201camig\u00e1vel\u201d.<\/p>\n<p>Apesar do clima aparentemente amistoso \u2014 e questionado ap\u00f3s Ferrer ter dito nas redes que sentiu \u201cdecep\u00e7\u00e3o\u201d pelo fim da parceria de 19 anos \u2014, os f\u00e3s ficaram surpresos com uma recente publica\u00e7\u00e3o do GN\u2019R. Nesta ter\u00e7a-feira, 25, por meio do Instagram, a banda desejou um feliz anivers\u00e1rio para Frank, apenas dias ap\u00f3s a separa\u00e7\u00e3o.<\/p>\n<p>A legenda do post diz apenas: <em>\u201cFeliz anivers\u00e1rio, Frank!\u201d<\/em>. Na se\u00e7\u00e3o de coment\u00e1rios, os f\u00e3s se dividiram entre coment\u00e1rios de espanto e piadas. Um admirador, por exemplo, afirmou: <em>\u201cParab\u00e9ns, voc\u00ea est\u00e1 demitido!\u201d<\/em>. J\u00e1 outro disse: <em>\u201cPresent\u00e3o voc\u00eas deram, hein?\u201d<\/em>. Um terceiro declarou: <em>\u201cParab\u00e9ns, toma uma demiss\u00e3o de presente\u201d<\/em>.<\/p>\n<p>Brincadeiras de f\u00e3s \u00e0 parte, o Guns n\u00e3o disse em seu comunicado ter demitido Ferrer. A conclus\u00e3o foi tirada a partir da publica\u00e7\u00e3o anterior do baterista, agora substitu\u00eddo por <strong>Isaac Carpenter<\/strong> (<strong>Gosling<\/strong>, <strong>Duff McKagan\u2019s Loaded<\/strong>, <strong>Awolnation<\/strong> etc). Ele declarou:<\/p>\n<blockquote class=\"citacao\"><p><em>\u201cSempre terei imensa gratid\u00e3o e amor por Axl\u00a0e pela banda, mas, ao mesmo tempo, decep\u00e7\u00e3o por este cap\u00edtulo ter chegado ao fim. Foram 19 anos incr\u00edveis. O Guns N\u2019 Roses me deu mem\u00f3rias e experi\u00eancias transformadoras.\u201d<\/em><\/p><\/blockquote>\n<p>Por fim, Frank deixou um agradecimento a todos os profissionais envolvidos e f\u00e3s do GN\u2019R. Ele disse:<\/p>\n<blockquote class=\"citacao\"><p><em>\u201cUm grande obrigado \u00e0 ger\u00eancia, \u00e0 equipe e aos f\u00e3s por me darem mem\u00f3rias que guardarei para o resto da vida. Espero ver todos voc\u00eas novamente em breve!\u201d<\/em><\/p><\/blockquote>\n<p><strong>+++ LEIA TAMB\u00c9M: A diferen\u00e7a entre Steven Adler e Matt Sorum, segundo Frank Ferrer<\/strong><\/p>\n<figure class=\"image\"><figcaption>Frank Ferrer com o Guns N&#8217; Roses em 2016 &#8211; Foto: Kevin Mazur \/ Getty Images for Coachella<\/figcaption><\/figure>\n<h3><strong>Frank Ferrer n\u00e3o toca mais no Guns N\u2019 Roses<\/strong><\/h3>\n<p><strong>Frank Ferrer<\/strong> deixou de ser baterista do <strong>Guns N\u2019 Roses<\/strong> na \u00faltima semana. Em publica\u00e7\u00e3o nas redes sociais, a banda americana de hard rock confirmou o rompimento com o m\u00fasico, considerado amig\u00e1vel.<\/p>\n<p>Al\u00e9m do GN\u2019R por 19 anos \u2014 desde 2006, o que o tornou o baterista mais longevo do grupo \u2014, Ferrer integrou <strong>The Psychedelic Furs<\/strong>, <strong>Love Spit Love<\/strong> e <strong>The Beautiful<\/strong>. Tamb\u00e9m trabalhou como m\u00fasico contratado junto a <strong>PJ Harvey<\/strong>, <strong>Frank Black<\/strong> (<strong>Pixies<\/strong>), <strong>Neil Young<\/strong>, <strong>Perry Farrell<\/strong> (<strong>Jane\u2019 Addiction<\/strong>), entre outros.<\/p>\n<p>O comunicado publicado pelo Guns faz um agradecimento a Frank e relembra brevemente sua trajet\u00f3ria como sucessor de <strong>Rob Gardner<\/strong> (membro original, apesar de uma passagem rel\u00e2mpago), <strong>Steven Adler<\/strong>, <strong>Matt Sorum<\/strong>, <strong>Josh Freese<\/strong> e <strong>Bryan Mantia<\/strong>.<\/p>\n<p>Leia a nota:<\/p>\n<blockquote class=\"citacao\"><p><em>\u201cO Guns N\u2019 Roses anuncia a sa\u00edda amig\u00e1vel de Frank Ferrer. A banda agradece a Frank por sua amizade, criatividade e presen\u00e7a robusta ao longo dos \u00faltimos 19 anos e deseja sucesso no pr\u00f3ximo cap\u00edtulo de sua jornada musical.<\/em><\/p><\/blockquote>\n<blockquote class=\"citacao\"><p><em>Frank se juntou inicialmente ao GN\u2019R durante um show em junho de 2006, ajudando a estabelecer a se\u00e7\u00e3o r\u00edtmica durante as turn\u00eas seguintes, incluindo as iniciativas recentes trazendo o trio reunido com Axl Rose, Slash e Duff McKagan. Seu \u00faltimo show com a banda aconteceu em 5 de novembro de 2023, no M\u00e9xico.\u201d<\/em><\/p><\/blockquote>\n<h3\/>\n<h3><strong>Isaac Carpenter, o novo baterista<\/strong><\/h3>\n<p>No fim das contas, o <strong>Guns N\u2019 Roses<\/strong> ficou apenas 24 horas sem baterista. Um dia ap\u00f3s ter confirmado a sa\u00edda de <strong>Frank Ferrer<\/strong>, membro da forma\u00e7\u00e3o desde 2006, a banda anunciou <strong>Isaac Carpenter<\/strong> como o novo titular da vaga.<\/p>\n<p>Hoje com 45 anos, Isaac \u2014 que, at\u00e9 onde se sabe, n\u00e3o \u00e9 parente da cantora <strong>Sabrina Carpenter<\/strong> ou do duo <strong>The Carpenters<\/strong> \u2014 nasceu em Tri-Cities, Washington, nos Estados Unidos, e se notabilizou inicialmente pela banda <strong>Loudermilk<\/strong>, que logo viraria <strong>Gosling<\/strong>. Ele participou de todas as atividades do projeto, na ativa entre 1995 e 2006.<\/p>\n<p>F\u00e3s mais atentos de Guns podem conhecer Carpenter por seu per\u00edodo com o baixista do grupo, <strong>Duff McKagan<\/strong>, no projeto <strong>Loaded<\/strong>. O baterista participou entre 2009 e 2011 e gravou o \u00e1lbum <em><strong>The Taking<\/strong><\/em> (2011).<\/p>\n<p>Al\u00e9m disso, ele tocou com <strong>Awolnation<\/strong>, <strong>Adam Lambert<\/strong>, <strong>A Perfect Circle<\/strong>, <strong>The Exies<\/strong>, <strong>Tyga<\/strong>, entre outros. Tamb\u00e9m tem carreira como m\u00fasico de sess\u00e3o para filmes e s\u00e9ries.<\/p>\n<p>O Guns volta aos palcos em maio, para uma turn\u00ea pela \u00c1sia. Entre o fim do m\u00eas citado e julho, eles excursionam pela Europa com <strong>Rival Sons<\/strong>, <strong>Public Enemy<\/strong> e <strong>Sex Pistols<\/strong>.<\/p>\n<h3><strong>Rolling Stone Brasil especial: Iron Maiden<\/strong><\/h3>\n<p><strong>Iron Maiden na capa<\/strong>: a <strong><em>Rolling Stone Brasil<\/em><\/strong> lan\u00e7ou uma edi\u00e7\u00e3o de colecionador in\u00e9dita para os f\u00e3s da banda de heavy metal. Os maiores \u00e1lbuns, a lista dos shows no Brasil, o poder do merchadising do grupo e at\u00e9 um tour pelo avi\u00e3o da banda voc\u00ea confere no especial impresso, \u00e0 venda na <strong>Loja Perfil<\/strong>.<\/p>\n<figure class=\"image\"><img loading=\"lazy\" decoding=\"async\" alt=\"\" height=\"924\" loading=\"lazy\" src=\"https:\/\/rollingstone.uol.com.br\/media\/uploads\/2024\/11\/whatsapp-image-2024-11-28-at-111827.jpeg\" width=\"773\"\/><figcaption>Rolling Stone Brasil especial: Iron Maiden<\/figcaption><\/figure>\n<p><strong>+++ LEIA TAMB\u00c9M: A diferen\u00e7a entre Steven Adler e Matt Sorum, segundo Frank Ferrer<br \/>+++ LEIA TAMB\u00c9M: A loucura que era tocar no Guns N\u2019 Roses nos anos 90, segundo Matt Sorum<\/strong><br \/><strong>+++ LEIA TAMB\u00c9M: As melhores bandas de todos os tempos para Axl Rose<br \/><\/strong><strong>+++ Clique aqui para seguir a Rolling Stone Brasil @rollingstonebrasil no Instagram<br \/>+++ Clique aqui para seguir o jornalista Igor Miranda @igormirandasite no Instagram<\/strong><\/p>\n<\/div>\n<p><script async src=\"\/\/www.instagram.com\/embed.js\"><\/script><br \/>\n<br \/><br \/>\n<br \/>Fonte: <a href=\"https:\/\/rollingstone.com.br\/musica\/o-surpreendente-post-do-guns-n-roses-sobre-frank-ferrer-logo-apos-rompimento\/\">rollingstone.com.br<\/a><\/p>\n","protected":false},"excerpt":{"rendered":"<p>Como noticiado, o Guns N\u2019 Roses anunciou na \u00faltima semana que Frank Ferrer n\u00e3o seria mais seu baterista. Ao compartilhar a informa\u00e7\u00e3o, a banda afirmou em nota que o rompimento ocorreu de forma \u201camig\u00e1vel\u201d. Apesar do clima aparentemente amistoso \u2014 e questionado ap\u00f3s Ferrer ter dito nas redes que sentiu \u201cdecep\u00e7\u00e3o\u201d pelo fim da parceria [&hellip;]<\/p>\n","protected":false},"author":5,"featured_media":7880,"comment_status":"open","ping_status":"open","sticky":false,"template":"","format":"standard","meta":{"_seopress_robots_primary_cat":"","_seopress_titles_title":"","_seopress_titles_desc":"","_seopress_robots_index":"","footnotes":""},"categories":[51],"tags":[],"class_list":["post-7879","post","type-post","status-publish","format-standard","has-post-thumbnail","hentry","category-musica"],"_links":{"self":[{"href":"https:\/\/mussicom.com\/noticias\/wp-json\/wp\/v2\/posts\/7879","targetHints":{"allow":["GET"]}}],"collection":[{"href":"https:\/\/mussicom.com\/noticias\/wp-json\/wp\/v2\/posts"}],"about":[{"href":"https:\/\/mussicom.com\/noticias\/wp-json\/wp\/v2\/types\/post"}],"author":[{"embeddable":true,"href":"https:\/\/mussicom.com\/noticias\/wp-json\/wp\/v2\/users\/5"}],"replies":[{"embeddable":true,"href":"https:\/\/mussicom.com\/noticias\/wp-json\/wp\/v2\/comments?post=7879"}],"version-history":[{"count":0,"href":"https:\/\/mussicom.com\/noticias\/wp-json\/wp\/v2\/posts\/7879\/revisions"}],"wp:featuredmedia":[{"embeddable":true,"href":"https:\/\/mussicom.com\/noticias\/wp-json\/wp\/v2\/media\/7880"}],"wp:attachment":[{"href":"https:\/\/mussicom.com\/noticias\/wp-json\/wp\/v2\/media?parent=7879"}],"wp:term":[{"taxonomy":"category","embeddable":true,"href":"https:\/\/mussicom.com\/noticias\/wp-json\/wp\/v2\/categories?post=7879"},{"taxonomy":"post_tag","embeddable":true,"href":"https:\/\/mussicom.com\/noticias\/wp-json\/wp\/v2\/tags?post=7879"}],"curies":[{"name":"wp","href":"https:\/\/api.w.org\/{rel}","templated":true}]}}