{"id":7859,"date":"2025-03-25T21:13:18","date_gmt":"2025-03-26T00:13:18","guid":{"rendered":"https:\/\/www.mussicom.com\/sp-desigualdade-na-saude-concentra-nas-zonas-norte-e-leste\/"},"modified":"2025-03-25T21:13:18","modified_gmt":"2025-03-26T00:13:18","slug":"sp-desigualdade-na-saude-concentra-nas-zonas-norte-e-leste","status":"publish","type":"post","link":"https:\/\/mussicom.com\/noticias\/sp-desigualdade-na-saude-concentra-nas-zonas-norte-e-leste\/","title":{"rendered":"SP: desigualdade na sa\u00fade concentra nas zonas norte e leste"},"content":{"rendered":"<p> <br \/>\n<\/p>\n<div>\n<p>A distribui\u00e7\u00e3o de equipamentos de sa\u00fade desigual na cidade de S\u00e3o Paulo influencia indicadores importantes para a qualidade de vida da popula\u00e7\u00e3o, e<strong> afeta as regi\u00f5es mais perif\u00e9ricas da cidade e bols\u00f5es de pobreza no centro, aponta estudo da Rede Nossa S\u00e3o Paulo.<\/strong><img decoding=\"async\" src=\"https:\/\/agenciabrasil.ebc.com.br\/ebc.gif?id=1635978&amp;o=node\" style=\"width:1px; height:1px; display:inline;\"\/><\/p>\n<p>A <strong>an\u00e1lise, que comp\u00f5e um recorte espec\u00edfico do Mapa da Desigualdade,<\/strong> \u00a0ferramenta pensada pela organiza\u00e7\u00e3o para auxiliar gestores p\u00fablicos e sociedade civil a identificar prioridades \u00e9 constru\u00edda a partir de levantamento de dados oficiais em diferentes \u00e1reas. O conjunto divulgado hoje se debru\u00e7a sobre <strong>cinco indicadores da \u00e1rea da sa\u00fade:<\/strong> mortalidade materna, mortalidade infantil, incid\u00eancia de dengue, tempo m\u00e9dio para consultas na aten\u00e7\u00e3o prim\u00e1ria e mortalidade por doen\u00e7as do aparelho respirat\u00f3rio. <strong>Esta divis\u00e3o retrata o desenvolvimento destes indicadores nos 96 distritos da cidade.<\/strong><\/p>\n<p>Agregados, os <strong>dados mostram que as Regi\u00f5es Norte e Leste s\u00e3o as mais carentes de servi\u00e7os p\u00fablicos e infraestrutura em sa\u00fade, principalmente nas \u00e1reas mais pr\u00f3ximas das divisas ao norte, <\/strong>com outros munic\u00edpios da regi\u00e3o metropolitana como Cajamar, Caieiras e Mairipor\u00e3, e da regi\u00e3o leste, como Guarulhos, Itaquaquecetuba, Po\u00e1 e Ferraz de Vasconcelos. Via de regra <strong>bairros mais centrais tem melhores indicadores, o que n\u00e3o ocorre, por\u00e9m, na regi\u00e3o do Pari e Br\u00e1s, h\u00e1 d\u00e9cadas marcadas por ocupa\u00e7\u00f5es e corti\u00e7os e que atraem a popula\u00e7\u00e3o pela proximidade com \u00e1reas de com\u00e9rcio popular.<\/strong><\/p>\n<p>Os dados refletem o distrito de resid\u00eancia da pessoa. No topo do <em>ranking<\/em> aparecem os distritos do Itaim Bibi, Pinheiros e Moema. Na outra ponta, Ponte Rasa, S\u00e3o Miguel e Pari. O <em>ranking <\/em>considera sete indicadores: idade m\u00e9dia ao morrer e gravidez na adolesc\u00eancia (j\u00e1 divulgados anteriormente) e os cinco que est\u00e3o sendo publicados nesta fase.<\/p>\n<blockquote>\n<p>&#8220;O resultado que a gente tem \u00e9 uma coisa muito contundente, n\u00e9, no sentido de que certas regi\u00f5es da cidade s\u00e3o grandes manchas vermelhas que mostram o pior desempenho dessas regi\u00f5es, daqueles temas, e que est\u00e3o concentradas nas \u00e1reas mais perif\u00e9ricas da cidade. Ent\u00e3o, por mais que n\u00e3o seja no extremo sul, no extremo leste da cidade, mas \u00e9 nas \u00e1reas mais perif\u00e9ricas onde esses problemas se concentram&#8221;, explicou Igor Pantoja, coordenador de Rela\u00e7\u00f5es Institucionais da Rede Nossa S\u00e3o Paulo e do Instituto Cidades Sustent\u00e1veis.<\/p>\n<\/blockquote>\n<p>Pantoja aponta ainda que algumas regi\u00f5es tem desequil\u00edbrios espec\u00edficos, em alguns indicadores, enquanto apresentam resultados positivos em outros. O distrito Jaguara, por exemplo, \u00e9 aquele com maior incid\u00eancia de casos de dengue, por\u00e9m n\u00e3o tem registro de Mortalidade Materna. Os dados completos podem ser consultados diretamente no <em>site<\/em> da Rede.<\/p>\n<p>Questionada sobre as desigualdades, a <strong>Secretaria Municipal de Sa\u00fade informou que foram entregues 93 equipamentos de sa\u00fade desde 2021, e que h\u00e1 1.055 unidades municipais de sa\u00fade distribu\u00eddas por toda a cidade.\u00a0<\/strong><\/p>\n<blockquote>\n<p>Segundo a pasta &#8221;\u00a0todas as UBSs atendem demandas espont\u00e2neas, servindo como porta de entrada do sistema de sa\u00fade&#8221;. A gest\u00e3o destacou tamb\u00e9m o aumento de Unidades de Pronto Atendimento, de 3 para 33 nos \u00faltimos quatro anos, e a transforma\u00e7\u00e3o de 12 dos 17 Hospitais Dia em unidades de atendimento 24 horas, capazes de realizar cirurgias de baixa e m\u00e9dia complexidade.<\/p>\n<\/blockquote>\n<p><em>*Com participa\u00e7\u00e3o de Daniel Melo, da TV Brasil<\/em><\/p>\n<p>      <!-- Relacionada --><\/p>\n<p>            <!-- Relacionada -->\n    <\/div>\n<p><br \/>\n<br \/>Fonte: <a href=\"https:\/\/agenciabrasil.ebc.com.br\/saude\/noticia\/2025-03\/sp-desigualdade-na-saude-concentra-nas-zonas-norte-e-leste\">Ag\u00eancia Brasil<\/a><\/p>\n","protected":false},"excerpt":{"rendered":"<p>A distribui\u00e7\u00e3o de equipamentos de sa\u00fade desigual na cidade de S\u00e3o Paulo influencia indicadores importantes para a qualidade de vida da popula\u00e7\u00e3o, e afeta as regi\u00f5es mais perif\u00e9ricas da cidade e bols\u00f5es de pobreza no centro, aponta estudo da Rede Nossa S\u00e3o Paulo. A an\u00e1lise, que comp\u00f5e um recorte espec\u00edfico do Mapa da Desigualdade, \u00a0ferramenta [&hellip;]<\/p>\n","protected":false},"author":5,"featured_media":7860,"comment_status":"open","ping_status":"open","sticky":false,"template":"","format":"standard","meta":{"_seopress_robots_primary_cat":"","_seopress_titles_title":"","_seopress_titles_desc":"","_seopress_robots_index":"","footnotes":""},"categories":[46],"tags":[],"class_list":["post-7859","post","type-post","status-publish","format-standard","has-post-thumbnail","hentry","category-saude"],"_links":{"self":[{"href":"https:\/\/mussicom.com\/noticias\/wp-json\/wp\/v2\/posts\/7859","targetHints":{"allow":["GET"]}}],"collection":[{"href":"https:\/\/mussicom.com\/noticias\/wp-json\/wp\/v2\/posts"}],"about":[{"href":"https:\/\/mussicom.com\/noticias\/wp-json\/wp\/v2\/types\/post"}],"author":[{"embeddable":true,"href":"https:\/\/mussicom.com\/noticias\/wp-json\/wp\/v2\/users\/5"}],"replies":[{"embeddable":true,"href":"https:\/\/mussicom.com\/noticias\/wp-json\/wp\/v2\/comments?post=7859"}],"version-history":[{"count":0,"href":"https:\/\/mussicom.com\/noticias\/wp-json\/wp\/v2\/posts\/7859\/revisions"}],"wp:featuredmedia":[{"embeddable":true,"href":"https:\/\/mussicom.com\/noticias\/wp-json\/wp\/v2\/media\/7860"}],"wp:attachment":[{"href":"https:\/\/mussicom.com\/noticias\/wp-json\/wp\/v2\/media?parent=7859"}],"wp:term":[{"taxonomy":"category","embeddable":true,"href":"https:\/\/mussicom.com\/noticias\/wp-json\/wp\/v2\/categories?post=7859"},{"taxonomy":"post_tag","embeddable":true,"href":"https:\/\/mussicom.com\/noticias\/wp-json\/wp\/v2\/tags?post=7859"}],"curies":[{"name":"wp","href":"https:\/\/api.w.org\/{rel}","templated":true}]}}