{"id":7842,"date":"2025-03-25T18:52:11","date_gmt":"2025-03-25T21:52:11","guid":{"rendered":"https:\/\/mussicom.com\/deltan-pede-comprovantes-da-agenda-oficial-de-janja-no-japao\/"},"modified":"2025-03-25T18:52:11","modified_gmt":"2025-03-25T21:52:11","slug":"deltan-pede-comprovantes-da-agenda-oficial-de-janja-no-japao","status":"publish","type":"post","link":"https:\/\/mussicom.com\/noticias\/deltan-pede-comprovantes-da-agenda-oficial-de-janja-no-japao\/","title":{"rendered":"Deltan pede comprovantes da agenda oficial de Janja no Jap\u00e3o"},"content":{"rendered":"<p> <br \/>\n<\/p>\n<div id=\"hd80s9wa1h892edh8192\">\n<p>O ex-procurador da <strong>Opera\u00e7\u00e3o Lava Jato<\/strong> Deltan Dallagnol solicitou ao<strong> Minist\u00e9rio da Gest\u00e3o e Inova\u00e7\u00e3o<\/strong> todos os documentos que comprovem a agenda oficial da primeira-dama Janja da Silva durante a recente viagem dela ao Jap\u00e3o.<\/p>\n<p>\u201cJanja tem que prestar contas\u201d, disse ele em publica\u00e7\u00e3o no X. Ela embarcou para o Jap\u00e3o uma semana antes da comitiva presidencial, que inclu\u00eda ministros, parlamentares e lideran\u00e7as partid\u00e1rias.\u00a0<\/p>\n<p><strong>+ Leia mais not\u00edcias de <\/strong><strong>Pol\u00edtica<\/strong><strong> em Oeste<\/strong><\/p>\n<p>De acordo com Dallagnol, o pedido de explica\u00e7\u00f5es ao governo federal foi simples. \u201cSe a viagem foi oficial, onde est\u00e3o os registros que justifiquem essa antecipa\u00e7\u00e3o com recursos p\u00fablicos?\u201d, explica. A solicita\u00e7\u00e3o foi feita com base na Lei de Acesso \u00e0 Informa\u00e7\u00e3o.<\/p>\n<blockquote class=\"twitter-tweet\">\n<p lang=\"pt\" dir=\"ltr\">\u2708\ufe0f\ud83c\uddef\ud83c\uddf5 Janja tem que prestar contas! E por isso, solicitamos ao Minist\u00e9rio da Gest\u00e3o e Inova\u00e7\u00e3o todos os documentos que comprovem a agenda oficial da primeira-dama em sua viagem ao Jap\u00e3o.<\/p>\n<p>\ud83e\udd14 Janja embarcou uma semana antes da comitiva presidencial, que inclu\u00eda ministros,\u2026 <a href=\"https:\/\/t.co\/EDYaGlgnTx\">pic.twitter.com\/EDYaGlgnTx<\/a><\/p>\n<p>\u2014 Deltan Dallagnol (@deltanmd) <a href=\"https:\/\/twitter.com\/deltanmd\/status\/1904302509964890576?ref_src=twsrc%5Etfw\">March 24, 2025<\/a><\/p><\/blockquote>\n<p>\u201cMesmo fora do mandato, seguimos firmes na miss\u00e3o de fiscalizar e defender a transpar\u00eancia no uso do dinheiro p\u00fablico\u201d, diz o ex-procurador da Lava Jato.\u00a0<\/p>\n<p>Dallagnol foi o deputado federal mais votado do Paran\u00e1, onde concorreu pelo partido Novo. No entanto, ele teve o mandato cassado pelo Tribunal Superior Eleitoral apenas quatro meses depois de tomar posse do cargo.\u00a0<\/p>\n<h2 class=\"wp-block-heading\"><strong>Janja vai emendar ida \u00e0 Fran\u00e7a na viagem ao Jap\u00e3o<\/strong><\/h2>\n<p>No \u00faltimo dia 15, Janja viajou ao Jap\u00e3o junto com a equipe precursora de Lula. O grupo, composto de assessores, policiais e membros do Gabinete de Seguran\u00e7a Institucional (GSI), costuma viajar antes do presidente para preparar as visitas oficiais.<\/p>\n<figure class=\"wp-block-image aligncenter size-full\"><picture><source data-srcset=\"https:\/\/medias.revistaoeste.com\/wp-content\/uploads\/2024\/04\/Dallagnol.jpg.webp 800w, https:\/\/medias.revistaoeste.com\/wp-content\/uploads\/2024\/04\/Dallagnol-300x200.jpg.webp 300w, https:\/\/medias.revistaoeste.com\/wp-content\/uploads\/2024\/04\/Dallagnol-150x100.jpg.webp 150w\" data-sizes=\"(max-width: 800px) 100vw, 800px\" type=\"image\/webp\"><img fetchpriority=\"high\" decoding=\"async\" width=\"800\" height=\"534\" src=\"https:\/\/medias.revistaoeste.com\/wp-content\/uploads\/2024\/04\/Dallagnol.jpg\" alt=\"Deltan Dallagnol Censura Morares\" class=\"wp-image-1414246\" srcset=\"https:\/\/medias.revistaoeste.com\/wp-content\/uploads\/2024\/04\/Dallagnol.jpg 800w, https:\/\/medias.revistaoeste.com\/wp-content\/uploads\/2024\/04\/Dallagnol-300x200.jpg 300w, https:\/\/medias.revistaoeste.com\/wp-content\/uploads\/2024\/04\/Dallagnol-150x100.jpg 150w\" sizes=\"(max-width: 800px) 100vw, 800px\" data-eio=\"p\"\/><\/source><\/picture><figcaption class=\"wp-element-caption\">Ex-deputado Deltan Dallagnol: | Foto: Divulga\u00e7\u00e3o<br \/>\n<\/figcaption><\/figure>\n<p>O governo adotou sigilo sobre as atividades da primeira-dama no Jap\u00e3o. Na semana passada, ela participou de um evento de sustentabilidade ligado \u00e0 COP30, que vai acontecer em novembro, em Bel\u00e9m, al\u00e9m de uma atividade cultural na Embaixada do Brasil em T\u00f3quio.\u00a0<\/p>\n<p>Antes de voltar ao Brasil, Lula autorizou a participa\u00e7\u00e3o de Janja na C\u00fapula Nutri\u00e7\u00e3o para o Crescimento, entre 26 e 30 de mar\u00e7o, em Paris, a convite do governo franc\u00eas.<\/p>\n<p><strong>Recentemente, o governo montou um grupo informal com o objetivo de \u201cblindar\u201d a primeira-dama.<\/strong> Em fevereiro, ela chegou a ensaiar um recolhimento para evitar desgastes, mas voltou \u00e0 cena ao insistir em fazer viagens internacionais, mesmo em meio a avalia\u00e7\u00f5es internas de que seus roteiros fora do pa\u00eds causam impacto negativo na imagem de Lula.\u00a0<\/p>\n<p><related-posts class=\"border-y border-gray-300 py-5\"><\/p>\n<h2 class=\"!text-2xl text-black font-primary font-semibold leading-none mb-3\">\n    Leia tamb\u00e9m:<br \/>\n  <\/h2>\n<p><\/related-posts><\/p><\/div>\n<p><script async src=\"\/\/platform.twitter.com\/widgets.js\" charset=\"utf-8\"><\/script><br \/>\n<br \/><br \/>\n<br \/>Fonte: <a href=\"https:\/\/revistaoeste.com\/politica\/deltan-pede-comprovantes-da-agenda-oficial-de-janja-no-japao\/\">Ag\u00eancia Brasil<\/a><\/p>\n","protected":false},"excerpt":{"rendered":"<p>O ex-procurador da Opera\u00e7\u00e3o Lava Jato Deltan Dallagnol solicitou ao Minist\u00e9rio da Gest\u00e3o e Inova\u00e7\u00e3o todos os documentos que comprovem a agenda oficial da primeira-dama Janja da Silva durante a recente viagem dela ao Jap\u00e3o. \u201cJanja tem que prestar contas\u201d, disse ele em publica\u00e7\u00e3o no X. Ela embarcou para o Jap\u00e3o uma semana antes da [&hellip;]<\/p>\n","protected":false},"author":5,"featured_media":7843,"comment_status":"open","ping_status":"open","sticky":false,"template":"","format":"standard","meta":{"_seopress_robots_primary_cat":"","_seopress_titles_title":"","_seopress_titles_desc":"","_seopress_robots_index":"","footnotes":""},"categories":[47,1],"tags":[],"class_list":["post-7842","post","type-post","status-publish","format-standard","has-post-thumbnail","hentry","category-politica","category-ultimas-noticias"],"_links":{"self":[{"href":"https:\/\/mussicom.com\/noticias\/wp-json\/wp\/v2\/posts\/7842","targetHints":{"allow":["GET"]}}],"collection":[{"href":"https:\/\/mussicom.com\/noticias\/wp-json\/wp\/v2\/posts"}],"about":[{"href":"https:\/\/mussicom.com\/noticias\/wp-json\/wp\/v2\/types\/post"}],"author":[{"embeddable":true,"href":"https:\/\/mussicom.com\/noticias\/wp-json\/wp\/v2\/users\/5"}],"replies":[{"embeddable":true,"href":"https:\/\/mussicom.com\/noticias\/wp-json\/wp\/v2\/comments?post=7842"}],"version-history":[{"count":0,"href":"https:\/\/mussicom.com\/noticias\/wp-json\/wp\/v2\/posts\/7842\/revisions"}],"wp:featuredmedia":[{"embeddable":true,"href":"https:\/\/mussicom.com\/noticias\/wp-json\/wp\/v2\/media\/7843"}],"wp:attachment":[{"href":"https:\/\/mussicom.com\/noticias\/wp-json\/wp\/v2\/media?parent=7842"}],"wp:term":[{"taxonomy":"category","embeddable":true,"href":"https:\/\/mussicom.com\/noticias\/wp-json\/wp\/v2\/categories?post=7842"},{"taxonomy":"post_tag","embeddable":true,"href":"https:\/\/mussicom.com\/noticias\/wp-json\/wp\/v2\/tags?post=7842"}],"curies":[{"name":"wp","href":"https:\/\/api.w.org\/{rel}","templated":true}]}}