{"id":7765,"date":"2025-03-25T11:45:05","date_gmt":"2025-03-25T14:45:05","guid":{"rendered":"https:\/\/www.mussicom.com\/pedido-de-suspeicao-de-ministros-do-stf-esta-parado\/"},"modified":"2025-03-25T11:45:05","modified_gmt":"2025-03-25T14:45:05","slug":"pedido-de-suspeicao-de-ministros-do-stf-esta-parado","status":"publish","type":"post","link":"https:\/\/mussicom.com\/noticias\/pedido-de-suspeicao-de-ministros-do-stf-esta-parado\/","title":{"rendered":"Pedido de suspei\u00e7\u00e3o de ministros do STF est\u00e1 parado"},"content":{"rendered":"<p> <br \/>\n<\/p>\n<div id=\"hd80s9wa1h892edh8192\">\n<p>Um pedido de suspei\u00e7\u00e3o de ministros do Supremo Tribunal Federal (STF) e do procurador-geral da Rep\u00fablica, Paulo Gonet, foi feito pela defesa de Filipe Martins, ex-assessor de Jair Bolsonaro. Esse pedido est\u00e1 parado no gabinete do presidente da Corte, Lu\u00eds Roberto Barroso, h\u00e1 duas semanas. <\/p>\n<p>A peti\u00e7\u00e3o, protocolada em 10 de mar\u00e7o, envolve os ministros Alexandre de Moraes, Cristiano Zanin e Fl\u00e1vio Dino, todos da 1\u00aa Turma do STF.<\/p>\n<p>Depois de o pedido ter sido encaminhado a Barroso em 11 de mar\u00e7o, n\u00e3o houve nenhuma movimenta\u00e7\u00e3o processual. Isso contrasta com outros processos semelhantes, decididos em at\u00e9 quatro dias. Barroso tem rejeitado tais pedidos e os encaminhado ao plen\u00e1rio para referendo.<\/p>\n<p>A defesa de Martins alega impedimento de Moraes, que se considera v\u00edtima de um suposto plano de assassinato orquestrado por apoiadores de Bolsonaro.<\/p>\n<h2 class=\"wp-block-heading\">Detalhes do pedido encaminhado ao STF<\/h2>\n<p>A defesa argumenta incompatibilidade para Cristiano Zanin e Fl\u00e1vio Dino, baseando-se no artigo 112 do C\u00f3digo de Processo Penal, que trata de impedimento e suspei\u00e7\u00e3o de ju\u00edzes. Dino entrou com queixa-crime contra Bolsonaro no Supremo. <\/p>\n<p>Zanin atuou na campanha presidencial de Luiz In\u00e1cio Lula da Silva e assinou um pedido de investiga\u00e7\u00e3o judicial contra Bolsonaro. <\/p>\n<p>Sobre Paulo Gonet, a defesa de Martins sustenta que a den\u00fancia estaria viciada por fatos coletados por Moraes, ferindo o rito processual.<\/p>\n<h2 class=\"wp-block-heading\">Refor\u00e7o da defesa<\/h2>\n<figure class=\"wp-block-image aligncenter size-full is-resized\"><picture><source data-srcset=\"https:\/\/medias.revistaoeste.com\/wp-content\/uploads\/2024\/11\/60362423_1610137129130631_5069216905806479360_n-facebook.jpg.webp 860w, https:\/\/medias.revistaoeste.com\/wp-content\/uploads\/2024\/11\/60362423_1610137129130631_5069216905806479360_n-facebook-300x199.jpg.webp 300w, https:\/\/medias.revistaoeste.com\/wp-content\/uploads\/2024\/11\/60362423_1610137129130631_5069216905806479360_n-facebook-150x99.jpg.webp 150w\" data-sizes=\"(max-width: 860px) 100vw, 860px\" type=\"image\/webp\"><img alt=\"\" fetchpriority=\"high\" decoding=\"async\" width=\"860\" height=\"570\" src=\"https:\/\/medias.revistaoeste.com\/wp-content\/uploads\/2024\/11\/60362423_1610137129130631_5069216905806479360_n-facebook.jpg\" alt=\"\" class=\"wp-image-1751717\" style=\"width:622px;height:auto\" srcset=\"https:\/\/medias.revistaoeste.com\/wp-content\/uploads\/2024\/11\/60362423_1610137129130631_5069216905806479360_n-facebook.jpg 860w, https:\/\/medias.revistaoeste.com\/wp-content\/uploads\/2024\/11\/60362423_1610137129130631_5069216905806479360_n-facebook-300x199.jpg 300w, https:\/\/medias.revistaoeste.com\/wp-content\/uploads\/2024\/11\/60362423_1610137129130631_5069216905806479360_n-facebook-150x99.jpg 150w\" sizes=\"(max-width: 860px) 100vw, 860px\" data-eio=\"p\"\/><\/source><\/picture><figcaption class=\"wp-element-caption\">Filipe Martins, ex-assessor do ex-presidente Jair Bolsonaro | Foto: Reprodu\u00e7\u00e3o<\/figcaption><\/figure>\n<p>Para refor\u00e7ar o pedido de suspei\u00e7\u00e3o, a defesa de Martins listou testemunhas que pretende ouvir. \u201cQueremos manter um di\u00e1logo respeitoso com a Corte. Por isso n\u00e3o procuramos o ministro Barroso ainda [sobre a demora]\u201d, comentou o advogado Marcelo Almeida Sant\u2019Anna. \u201cEspero que ele reflita sobre isso.\u201d<\/p>\n<p>Filipe Martins foi inclu\u00eddo pelo Supremo no \u201cn\u00facleo 2\u201d da alegada trama de golpe, com seu julgamento sobre o recebimento da den\u00fancia agendado pela 1\u00aa Turma para 29 de abril.<\/p>\n<p>At\u00e9 o momento, a assessoria de imprensa de Barroso n\u00e3o emitiu nenhum comunicado oficial a respeito do andamento ou da demora na an\u00e1lise do pedido. <\/p>\n<p><strong>+ Leia mais not\u00edcias de Pol\u00edtica em Oeste<\/strong><\/p>\n<\/p><\/div>\n<p><br \/>\n<br \/>Fonte: <a href=\"https:\/\/revistaoeste.com\/politica\/protocolado-por-defesa-de-martins-pedido-de-suspeicao-de-ministros-do-stf-esta-parado-ha-2-semanas\/\">Ag\u00eancia Brasil<\/a><\/p>\n","protected":false},"excerpt":{"rendered":"<p>Um pedido de suspei\u00e7\u00e3o de ministros do Supremo Tribunal Federal (STF) e do procurador-geral da Rep\u00fablica, Paulo Gonet, foi feito pela defesa de Filipe Martins, ex-assessor de Jair Bolsonaro. Esse pedido est\u00e1 parado no gabinete do presidente da Corte, Lu\u00eds Roberto Barroso, h\u00e1 duas semanas. A peti\u00e7\u00e3o, protocolada em 10 de mar\u00e7o, envolve os ministros [&hellip;]<\/p>\n","protected":false},"author":5,"featured_media":7766,"comment_status":"open","ping_status":"open","sticky":false,"template":"","format":"standard","meta":{"_seopress_robots_primary_cat":"","_seopress_titles_title":"","_seopress_titles_desc":"","_seopress_robots_index":"","footnotes":""},"categories":[47,1],"tags":[],"class_list":["post-7765","post","type-post","status-publish","format-standard","has-post-thumbnail","hentry","category-politica","category-ultimas-noticias"],"_links":{"self":[{"href":"https:\/\/mussicom.com\/noticias\/wp-json\/wp\/v2\/posts\/7765","targetHints":{"allow":["GET"]}}],"collection":[{"href":"https:\/\/mussicom.com\/noticias\/wp-json\/wp\/v2\/posts"}],"about":[{"href":"https:\/\/mussicom.com\/noticias\/wp-json\/wp\/v2\/types\/post"}],"author":[{"embeddable":true,"href":"https:\/\/mussicom.com\/noticias\/wp-json\/wp\/v2\/users\/5"}],"replies":[{"embeddable":true,"href":"https:\/\/mussicom.com\/noticias\/wp-json\/wp\/v2\/comments?post=7765"}],"version-history":[{"count":0,"href":"https:\/\/mussicom.com\/noticias\/wp-json\/wp\/v2\/posts\/7765\/revisions"}],"wp:featuredmedia":[{"embeddable":true,"href":"https:\/\/mussicom.com\/noticias\/wp-json\/wp\/v2\/media\/7766"}],"wp:attachment":[{"href":"https:\/\/mussicom.com\/noticias\/wp-json\/wp\/v2\/media?parent=7765"}],"wp:term":[{"taxonomy":"category","embeddable":true,"href":"https:\/\/mussicom.com\/noticias\/wp-json\/wp\/v2\/categories?post=7765"},{"taxonomy":"post_tag","embeddable":true,"href":"https:\/\/mussicom.com\/noticias\/wp-json\/wp\/v2\/tags?post=7765"}],"curies":[{"name":"wp","href":"https:\/\/api.w.org\/{rel}","templated":true}]}}