{"id":7722,"date":"2025-03-25T08:50:23","date_gmt":"2025-03-25T11:50:23","guid":{"rendered":"https:\/\/www.mussicom.com\/df-inicia-vacinacao-contra-a-gripe-nesta-terca-feira\/"},"modified":"2025-03-25T08:50:23","modified_gmt":"2025-03-25T11:50:23","slug":"df-inicia-vacinacao-contra-a-gripe-nesta-terca-feira","status":"publish","type":"post","link":"https:\/\/mussicom.com\/noticias\/df-inicia-vacinacao-contra-a-gripe-nesta-terca-feira\/","title":{"rendered":"DF inicia vacina\u00e7\u00e3o contra a gripe nesta ter\u00e7a-feira"},"content":{"rendered":"<p> <br \/>\n<\/p>\n<div>\n<p>A partir desta ter\u00e7a-feira (25), mais de 100 salas de vacina\u00e7\u00e3o do Distrito Federal come\u00e7am a distribuir a dose contra a gripe para grupos priorit\u00e1rios, incluindo idosos com 60 anos ou mais, crian\u00e7as de 6 meses a 5 anos e 11 meses, gestantes e professores das redes p\u00fablica e privada.<img decoding=\"async\" src=\"https:\/\/agenciabrasil.ebc.com.br\/ebc.gif?id=1635820&amp;o=node\" style=\"width:1px; height:1px; display:inline;\"\/><\/p>\n<p>De acordo com a Secretaria de Sa\u00fade do Distrito Federal, mais de 1,2 milh\u00e3o de pessoas est\u00e3o aptas a receber o imunizante. Confira, a seguir, a lista completa de todos os p\u00fablicos-alvo para a vacina\u00e7\u00e3o contra a gripe:<\/p>\n<p>&#8211; crian\u00e7as de 6 meses at\u00e9 5 anos e 11 meses;<\/p>\n<p>&#8211; idosos acima de 60 anos;<\/p>\n<p>&#8211; gestantes;<\/p>\n<p>&#8211; pu\u00e9rperas;<\/p>\n<p>&#8211; pessoas com doen\u00e7as cr\u00f4nicas n\u00e3o transmiss\u00edveis;<\/p>\n<p>&#8211; ind\u00edgenas;<\/p>\n<p>&#8211; trabalhadores da sa\u00fade;<\/p>\n<p>&#8211; popula\u00e7\u00e3o privada de liberdade;<\/p>\n<p>&#8211; funcion\u00e1rios do sistema prisional;<\/p>\n<p>&#8211; professores de escolas p\u00fablicas e privadas;<\/p>\n<p>&#8211; profissionais de for\u00e7as de seguran\u00e7a e salvamento;<\/p>\n<p>&#8211; trabalhadores de transporte coletivo rodovi\u00e1rio;<\/p>\n<p>&#8211; profissionais das For\u00e7as Armadas;<\/p>\n<p>&#8211; trabalhadores dos Correios;<\/p>\n<p>&#8211; trabalhadores portu\u00e1rios;<\/p>\n<p>&#8211; e caminhoneiros.<\/p>\n<h2>Primeiro lote<\/h2>\n<p>O Distrito Federal recebeu, na \u00faltima sexta-feira (21), o primeiro lote da vacina enviado pelo Minist\u00e9rio da Sa\u00fade, contendo 80 mil doses. O ministro da Sa\u00fade, Alexandre Padilha, entregou os imunizantes pessoalmente na Rede de Frio da secretaria.<\/p>\n<h2>O que levar<\/h2>\n<p>Para receber a dose, \u00e9 preciso comparecer a um dos locais de vacina\u00e7\u00e3o com documento de identifica\u00e7\u00e3o e, se poss\u00edvel, a caderneta de vacina. A depender do grupo priorit\u00e1rio, pode ser necess\u00e1rio apresentar comprovante da situa\u00e7\u00e3o m\u00e9dica ou profissional, como crach\u00e1 ou contracheque.<\/p>\n<p>A secretaria refor\u00e7ou que o imunizante contra a gripe pode ser administrado juntamente com outras vacinas. Portanto, no local de vacina\u00e7\u00e3o\u00a0\u00e9 poss\u00edvel atualizar mais de um esquema vacinal.<\/p>\n<h2>Campanha nacional<\/h2>\n<p>A Campanha Nacional de Vacina\u00e7\u00e3o contra a Influenza, este ano, come\u00e7a no dia 7 de abril. O an\u00fancio foi feito pelo ministro da Sa\u00fade, Alexandre Padilha, na \u00faltima sexta-feira (21), data em que as doses come\u00e7aram a ser distribu\u00eddas aos estados. A meta do governo federal \u00e9 imunizar 90% dos grupos priorit\u00e1rios<\/p>\n<h2>Entenda<\/h2>\n<p>A vacina contra a gripe \u00e9 atualizada todos os anos pela Organiza\u00e7\u00e3o Mundial da Sa\u00fade (OMS) a partir das cepas de maior circula\u00e7\u00e3o. A orienta\u00e7\u00e3o da entidade \u00e9 que mesmo quem se imunizou em anos anteriores compare\u00e7a aos postos para garantir a nova dose. Em 2025, a prote\u00e7\u00e3o \u00e9 garantida contra os v\u00edrus H1N1, H3N2 e B.<\/p>\n<p>      <!-- Relacionada --><\/p>\n<p>            <!-- Relacionada -->\n    <\/div>\n<p><br \/>\n<br \/>Fonte: <a href=\"https:\/\/agenciabrasil.ebc.com.br\/saude\/noticia\/2025-03\/df-inicia-vacinacao-contra-gripe-nesta-terca-feira\">Ag\u00eancia Brasil<\/a><\/p>\n","protected":false},"excerpt":{"rendered":"<p>A partir desta ter\u00e7a-feira (25), mais de 100 salas de vacina\u00e7\u00e3o do Distrito Federal come\u00e7am a distribuir a dose contra a gripe para grupos priorit\u00e1rios, incluindo idosos com 60 anos ou mais, crian\u00e7as de 6 meses a 5 anos e 11 meses, gestantes e professores das redes p\u00fablica e privada. De acordo com a Secretaria [&hellip;]<\/p>\n","protected":false},"author":5,"featured_media":7723,"comment_status":"open","ping_status":"open","sticky":false,"template":"","format":"standard","meta":{"_seopress_robots_primary_cat":"","_seopress_titles_title":"","_seopress_titles_desc":"","_seopress_robots_index":"","footnotes":""},"categories":[46],"tags":[],"class_list":["post-7722","post","type-post","status-publish","format-standard","has-post-thumbnail","hentry","category-saude"],"_links":{"self":[{"href":"https:\/\/mussicom.com\/noticias\/wp-json\/wp\/v2\/posts\/7722","targetHints":{"allow":["GET"]}}],"collection":[{"href":"https:\/\/mussicom.com\/noticias\/wp-json\/wp\/v2\/posts"}],"about":[{"href":"https:\/\/mussicom.com\/noticias\/wp-json\/wp\/v2\/types\/post"}],"author":[{"embeddable":true,"href":"https:\/\/mussicom.com\/noticias\/wp-json\/wp\/v2\/users\/5"}],"replies":[{"embeddable":true,"href":"https:\/\/mussicom.com\/noticias\/wp-json\/wp\/v2\/comments?post=7722"}],"version-history":[{"count":0,"href":"https:\/\/mussicom.com\/noticias\/wp-json\/wp\/v2\/posts\/7722\/revisions"}],"wp:featuredmedia":[{"embeddable":true,"href":"https:\/\/mussicom.com\/noticias\/wp-json\/wp\/v2\/media\/7723"}],"wp:attachment":[{"href":"https:\/\/mussicom.com\/noticias\/wp-json\/wp\/v2\/media?parent=7722"}],"wp:term":[{"taxonomy":"category","embeddable":true,"href":"https:\/\/mussicom.com\/noticias\/wp-json\/wp\/v2\/categories?post=7722"},{"taxonomy":"post_tag","embeddable":true,"href":"https:\/\/mussicom.com\/noticias\/wp-json\/wp\/v2\/tags?post=7722"}],"curies":[{"name":"wp","href":"https:\/\/api.w.org\/{rel}","templated":true}]}}