{"id":7698,"date":"2025-03-25T05:37:07","date_gmt":"2025-03-25T08:37:07","guid":{"rendered":"https:\/\/www.mussicom.com\/governo-monta-bunker-de-protecao-a-janja\/"},"modified":"2025-03-25T05:37:07","modified_gmt":"2025-03-25T08:37:07","slug":"governo-monta-bunker-de-protecao-a-janja","status":"publish","type":"post","link":"https:\/\/mussicom.com\/noticias\/governo-monta-bunker-de-protecao-a-janja\/","title":{"rendered":"Governo monta \u2018bunker de prote\u00e7\u00e3o\u2019 a Janja"},"content":{"rendered":"<p> <br \/>\n<\/p>\n<div id=\"hd80s9wa1h892edh8192\">\n<p>Diante da percep\u00e7\u00e3o de que Janja se tornou alvo frequente de cr\u00edticas por parte da oposi\u00e7\u00e3o, o governo formou um grupo informal com o objetivo de blindar a primeira-dama e oferecer uma estrat\u00e9gia jur\u00eddica e pol\u00edtica.\u00a0<\/p>\n<p>Em fevereiro, Janja chegou a ensaiar um recolhimento para evitar desgastes, mas voltou \u00e0 cena ao insistir em fazer viagens internacionais, mesmo com avalia\u00e7\u00f5es internas de que seus roteiros fora do pa\u00eds causam impacto negativo na imagem de Lula.\u00a0<\/p>\n<p><strong>+ Leia mais not\u00edcias de <\/strong><strong>Pol\u00edtica<\/strong><strong> em Oeste<\/strong><\/p>\n<p>A primeira-dama viajou para o Jap\u00e3o uma semana antes do presidente e, na pr\u00f3xima quarta-feira, 26, viajar\u00e1 a Paris para participar da C\u00fapula Nutri\u00e7\u00e3o para o Crescimento.<\/p>\n<figure class=\"wp-block-image aligncenter size-full\"><picture><source data-srcset=\"https:\/\/medias.revistaoeste.com\/wp-content\/uploads\/2025\/03\/Gleisi-e-Janja.jpeg.webp 1200w, https:\/\/medias.revistaoeste.com\/wp-content\/uploads\/2025\/03\/Gleisi-e-Janja-300x200.jpeg.webp 300w, https:\/\/medias.revistaoeste.com\/wp-content\/uploads\/2025\/03\/Gleisi-e-Janja-150x100.jpeg.webp 150w\" data-sizes=\"(max-width: 1200px) 100vw, 1200px\" type=\"image\/webp\"><img fetchpriority=\"high\" decoding=\"async\" width=\"1200\" height=\"800\" src=\"https:\/\/medias.revistaoeste.com\/wp-content\/uploads\/2025\/03\/Gleisi-e-Janja.jpeg\" alt=\"Sob cr\u00edticas em raz\u00e3o dos gastos com viagens, Janja recebe o apoio da nova ministra de Lula, Gleisi Hoffmann | Foto: Reprodu\u00e7\u00e3o\/Twitter\/X\" class=\"wp-image-1930693\" srcset=\"https:\/\/medias.revistaoeste.com\/wp-content\/uploads\/2025\/03\/Gleisi-e-Janja.jpeg 1200w, https:\/\/medias.revistaoeste.com\/wp-content\/uploads\/2025\/03\/Gleisi-e-Janja-300x200.jpeg 300w, https:\/\/medias.revistaoeste.com\/wp-content\/uploads\/2025\/03\/Gleisi-e-Janja-150x100.jpeg 150w\" sizes=\"(max-width: 1200px) 100vw, 1200px\" data-eio=\"p\"\/><\/source><\/picture><figcaption class=\"wp-element-caption\">Sob cr\u00edticas em raz\u00e3o dos gastos com viagens, Janja recebe o apoio da nova ministra de Lula, Gleisi Hoffmann | Foto: Reprodu\u00e7\u00e3o\/Twitter\/X<\/figcaption><\/figure>\n<p>O grupo que tem sido chamado internamente de \u201c<em>bunker<\/em> de prote\u00e7\u00e3o\u201d \u00e0 primeira-dama inclui o ministro da <strong>Advocacia-Geral da Uni\u00e3o<\/strong>, Jorge Messias, a ministra da Secretaria de Rela\u00e7\u00f5es Institucionais, <strong>Gleisi Hoffmann<\/strong>, o l\u00edder do PT na C\u00e2mara, <strong>Lindbergh Farias<\/strong> (RJ), e o grupo de advogados do Prerrogativas.\u00a0<\/p>\n<p>Messias acompanha de perto as representa\u00e7\u00f5es feitas contra a atua\u00e7\u00e3o de Janja em inst\u00e2ncias como a Justi\u00e7a, o Tribunal de Contas da Uni\u00e3o (TCU) e o Minist\u00e9rio P\u00fablico Federal (MPF). Uma dessas a\u00e7\u00f5es pedia a sa\u00edda de Janja do Pal\u00e1cio do Planalto, mas foi arquivada no \u00faltimo dia 14.<\/p>\n<p>Gleisi e Lindbergh ajudam na disputa pol\u00edtica nas redes sociais. J\u00e1 o grupo Prerrogativas, liderado pelo advogado Marco Aur\u00e9lio de Carvalho, tem a miss\u00e3o de defender a imagem de Janja perante a sociedade civil.\u00a0<\/p>\n<blockquote class=\"twitter-tweet\">\n<p lang=\"pt\" dir=\"ltr\">Janja, cuja fun\u00e7\u00e3o \u00e9 ser esposa do Lula, mant\u00e9m um gabinete com 8 assessores, que custam R$ 2 milh\u00f5es ao ano. <a href=\"https:\/\/t.co\/Oc0Se2ij5c\">pic.twitter.com\/Oc0Se2ij5c<\/a><\/p>\n<p>\u2014 Leo Siqueira (@leosiqueirabr) <a href=\"https:\/\/twitter.com\/leosiqueirabr\/status\/1873909635335287271?ref_src=twsrc%5Etfw\">December 31, 2024<\/a><\/p><\/blockquote>\n<p>A avalia\u00e7\u00e3o interna \u00e9 que, em um curto espa\u00e7o de tempo, houve uma \u201ca\u00e7\u00e3o coordenada da oposi\u00e7\u00e3o\u201d contra a primeira-dama, com ataques que, segundo o governo, estavam em um n\u00edvel diferente de agressividade em rela\u00e7\u00e3o a primeiras-damas no passado.\u00a0<\/p>\n<p>H\u00e1 um consenso de que isso tem prejudicado a imagem de Janja, mesmo que, do ponto de vista jur\u00eddico, as representa\u00e7\u00f5es contra ela n\u00e3o tenham avan\u00e7ado.<\/p>\n<h2 class=\"wp-block-heading\"><strong>Janja reconsidera posturas, mas n\u00e3o as viagens internacionais <\/strong><\/h2>\n<p>Diante da press\u00e3o, Janja considerou ajustar sua performance. Aliados afirmam que ela indicou que se concentraria apenas nas quest\u00f5es que considera essenciais, sem deixar de se posicionar sobre temas que considera importantes. A ideia seria adotar uma postura mais cautelosa.\u00a0<\/p>\n<p><related-posts class=\"border-y border-gray-300 py-5\"><\/p>\n<h2 class=\"!text-2xl text-black font-primary font-semibold leading-none mb-3\">\n    Leia tamb\u00e9m:<br \/>\n  <\/h2>\n<p><\/related-posts><\/p>\n<p>Contudo, esse recuo n\u00e3o inclui as viagens internacionais. A decis\u00e3o sobre esses compromissos \u00e9 tomada em conjunto com o presidente, dentro de um espa\u00e7o restrito de discuss\u00f5es, de acordo com a apura\u00e7\u00e3o do jornal <em>O Globo<\/em>.\u00a0<\/p>\n<p>No \u00faltimo dia 15, Janja viajou ao Jap\u00e3o junto com a equipe precursora do presidente. Esse grupo, composto por assessores, policiais e membros do Gabinete de Seguran\u00e7a Institucional (GSI), costuma viajar antes de Lula para preparar as visitas oficiais.<\/p>\n<p>O governo adotou sigilo sobre as atividades de Janja no Jap\u00e3o. Na semana passada, ela participou de um evento de sustentabilidade ligado \u00e0 COP30, que ocorrer\u00e1 em novembro em Bel\u00e9m, al\u00e9m de uma atividade cultural na Embaixada do Brasil em T\u00f3quio. <\/p>\n<figure class=\"wp-block-image aligncenter size-full\"><picture><source data-srcset=\"https:\/\/medias.revistaoeste.com\/wp-content\/uploads\/2025\/03\/janjapalooza.jpg.webp 712w, https:\/\/medias.revistaoeste.com\/wp-content\/uploads\/2025\/03\/janjapalooza-300x156.jpg.webp 300w, https:\/\/medias.revistaoeste.com\/wp-content\/uploads\/2025\/03\/janjapalooza-150x78.jpg.webp 150w\" data-sizes=\"(max-width: 712px) 100vw, 712px\" type=\"image\/webp\"><img decoding=\"async\" width=\"712\" height=\"370\" alt=\"Evento da OEI\" class=\"wp-image-1913261 perfmatters-lazy\" data-eio=\"p\" src=\"https:\/\/medias.revistaoeste.com\/wp-content\/uploads\/2025\/03\/janjapalooza.jpg\" srcset=\"https:\/\/medias.revistaoeste.com\/wp-content\/uploads\/2025\/03\/janjapalooza.jpg 712w, https:\/\/medias.revistaoeste.com\/wp-content\/uploads\/2025\/03\/janjapalooza-300x156.jpg 300w, https:\/\/medias.revistaoeste.com\/wp-content\/uploads\/2025\/03\/janjapalooza-150x78.jpg 150w\" data-sizes=\"(max-width: 712px) 100vw, 712px\"\/><img decoding=\"async\" width=\"712\" height=\"370\" src=\"https:\/\/medias.revistaoeste.com\/wp-content\/uploads\/2025\/03\/janjapalooza.jpg\" alt=\"Evento da OEI\" class=\"wp-image-1913261\" srcset=\"https:\/\/medias.revistaoeste.com\/wp-content\/uploads\/2025\/03\/janjapalooza.jpg 712w, https:\/\/medias.revistaoeste.com\/wp-content\/uploads\/2025\/03\/janjapalooza-300x156.jpg 300w, https:\/\/medias.revistaoeste.com\/wp-content\/uploads\/2025\/03\/janjapalooza-150x78.jpg 150w\" sizes=\"(max-width: 712px) 100vw, 712px\" data-eio=\"p\"\/><\/source><\/picture><figcaption class=\"wp-element-caption\">Evento G20 Social, realizado em novembro de 2024 | Foto: Ricardo Stuckert\/PR<\/figcaption><\/figure>\n<p>Antes de voltar ao Brasil, Lula autorizou a participa\u00e7\u00e3o de Janja na C\u00fapula Nutri\u00e7\u00e3o para o Crescimento, entre 26 e 30 de mar\u00e7o, em Paris, a convite do governo franc\u00eas.<\/p>\n<p>Entretanto, semanas antes, Janja desistiu de ir a Nova York para representar o Brasil na 69\u00aa sess\u00e3o da Comiss\u00e3o sobre a Situa\u00e7\u00e3o da Mulher, evento ligado \u00e0 ONU. Em 2024, ela participou do mesmo evento nos EUA, mas este ano optou por n\u00e3o ir devido ao desgaste causado por suas viagens.\u00a0<\/p>\n<p>A \u00faltima viagem de Janja foi em fevereiro, quando representou oficialmente o governo no evento Alian\u00e7a Global contra a Fome e a Pobreza, em Roma, onde se encontrou com o papa Francisco.\u00a0<\/p>\n<figure class=\"wp-block-image aligncenter size-full\"><picture><source data-srcset=\"https:\/\/medias.revistaoeste.com\/wp-content\/uploads\/2024\/11\/12_ed244.jpg.webp 1920w, https:\/\/medias.revistaoeste.com\/wp-content\/uploads\/2024\/11\/12_ed244-300x156.jpg.webp 300w, https:\/\/medias.revistaoeste.com\/wp-content\/uploads\/2024\/11\/12_ed244-712x370.jpg.webp 712w, https:\/\/medias.revistaoeste.com\/wp-content\/uploads\/2024\/11\/12_ed244-150x78.jpg.webp 150w\" data-sizes=\"(max-width: 1920px) 100vw, 1920px\" type=\"image\/webp\"><img alt=\"\" loading=\"lazy\" decoding=\"async\" width=\"1920\" height=\"1000\" alt=\"\" class=\"wp-image-1748387 perfmatters-lazy\" data-eio=\"p\" src=\"https:\/\/medias.revistaoeste.com\/wp-content\/uploads\/2024\/11\/12_ed244.jpg\" srcset=\"https:\/\/medias.revistaoeste.com\/wp-content\/uploads\/2024\/11\/12_ed244.jpg 1920w, https:\/\/medias.revistaoeste.com\/wp-content\/uploads\/2024\/11\/12_ed244-300x156.jpg 300w, https:\/\/medias.revistaoeste.com\/wp-content\/uploads\/2024\/11\/12_ed244-712x370.jpg 712w, https:\/\/medias.revistaoeste.com\/wp-content\/uploads\/2024\/11\/12_ed244-150x78.jpg 150w\" data-sizes=\"(max-width: 1920px) 100vw, 1920px\"\/><img alt=\"\" loading=\"lazy\" decoding=\"async\" width=\"1920\" height=\"1000\" src=\"https:\/\/medias.revistaoeste.com\/wp-content\/uploads\/2024\/11\/12_ed244.jpg\" alt=\"\" class=\"wp-image-1748387\" srcset=\"https:\/\/medias.revistaoeste.com\/wp-content\/uploads\/2024\/11\/12_ed244.jpg 1920w, https:\/\/medias.revistaoeste.com\/wp-content\/uploads\/2024\/11\/12_ed244-300x156.jpg 300w, https:\/\/medias.revistaoeste.com\/wp-content\/uploads\/2024\/11\/12_ed244-712x370.jpg 712w, https:\/\/medias.revistaoeste.com\/wp-content\/uploads\/2024\/11\/12_ed244-150x78.jpg 150w\" sizes=\"(max-width: 1920px) 100vw, 1920px\" data-eio=\"p\"\/><\/source><\/picture><figcaption class=\"wp-element-caption\">A primeira dama Janja fala durante o festival da Alian\u00e7a Global Contra a Fome e a Pobreza antes da c\u00fapula do G20, no Rio de Janeiro (16\/11\/24) | Foto: Reuters\/Ricardo Moraes<\/figcaption><\/figure>\n<p>O roteiro na It\u00e1lia gerou manifesta\u00e7\u00f5es p\u00fablicas de parlamentares da oposi\u00e7\u00e3o, como Marco Feliciano, Ros\u00e2ngela Moro, Fl\u00e1vio Bolsonaro e Caroline de Toni, e virou alvo de uma not\u00edcia de fato no MPF.<\/p>\n<p>A primeira-dama tamb\u00e9m decidiu n\u00e3o viajar a Nova York no momento em que a ministra das Mulheres, Cida Gon\u00e7alves, enfrenta risco de perder o cargo na reforma ministerial. Cida chefiou a miss\u00e3o aos EUA e uma ala do governo considera sua sa\u00edda iminente.<\/p>\n<h2 class=\"wp-block-heading\"><strong>Gabinete formal de primeira-dama n\u00e3o prospera<\/strong><\/h2>\n<p>Janja, por ora, tamb\u00e9m abandonou a ideia de criar um gabinete formal para definir seu escopo de atua\u00e7\u00e3o. Ela voltou a tocar nesse tema em meados de 2024, mas a proposta n\u00e3o avan\u00e7ou pelos mesmos motivos que a impediram de prosperar no in\u00edcio de 2023.\u00a0<\/p>\n<figure class=\"wp-block-image aligncenter size-full\"><picture><source data-srcset=\"https:\/\/medias.revistaoeste.com\/wp-content\/uploads\/2025\/02\/07A_ed258.jpg.webp 1920w, https:\/\/medias.revistaoeste.com\/wp-content\/uploads\/2025\/02\/07A_ed258-300x156.jpg.webp 300w, https:\/\/medias.revistaoeste.com\/wp-content\/uploads\/2025\/02\/07A_ed258-712x370.jpg.webp 712w, https:\/\/medias.revistaoeste.com\/wp-content\/uploads\/2025\/02\/07A_ed258-150x78.jpg.webp 150w\" data-sizes=\"(max-width: 1920px) 100vw, 1920px\" type=\"image\/webp\"><img alt=\"\" loading=\"lazy\" decoding=\"async\" width=\"1920\" height=\"1000\" alt=\"\" class=\"wp-image-1901272 perfmatters-lazy\" data-eio=\"p\" src=\"https:\/\/medias.revistaoeste.com\/wp-content\/uploads\/2025\/02\/07A_ed258.jpg\" srcset=\"https:\/\/medias.revistaoeste.com\/wp-content\/uploads\/2025\/02\/07A_ed258.jpg 1920w, https:\/\/medias.revistaoeste.com\/wp-content\/uploads\/2025\/02\/07A_ed258-300x156.jpg 300w, https:\/\/medias.revistaoeste.com\/wp-content\/uploads\/2025\/02\/07A_ed258-712x370.jpg 712w, https:\/\/medias.revistaoeste.com\/wp-content\/uploads\/2025\/02\/07A_ed258-150x78.jpg 150w\" data-sizes=\"(max-width: 1920px) 100vw, 1920px\"\/><img alt=\"\" loading=\"lazy\" decoding=\"async\" width=\"1920\" height=\"1000\" src=\"https:\/\/medias.revistaoeste.com\/wp-content\/uploads\/2025\/02\/07A_ed258.jpg\" alt=\"\" class=\"wp-image-1901272\" srcset=\"https:\/\/medias.revistaoeste.com\/wp-content\/uploads\/2025\/02\/07A_ed258.jpg 1920w, https:\/\/medias.revistaoeste.com\/wp-content\/uploads\/2025\/02\/07A_ed258-300x156.jpg 300w, https:\/\/medias.revistaoeste.com\/wp-content\/uploads\/2025\/02\/07A_ed258-712x370.jpg 712w, https:\/\/medias.revistaoeste.com\/wp-content\/uploads\/2025\/02\/07A_ed258-150x78.jpg 150w\" sizes=\"(max-width: 1920px) 100vw, 1920px\" data-eio=\"p\"\/><\/source><\/picture><figcaption class=\"wp-element-caption\">Janja (\u00e0 esquerda), Lula (ao centro) e a ex-presidente da Argentina, Cristina Kirchner (\u00e0 direita) | Foto: Reprodu\u00e7\u00e3o\/Redes Sociais<\/figcaption><\/figure>\n<p>Ministros pr\u00f3ximos a Lula alertaram que a oposi\u00e7\u00e3o poderia convoc\u00e1-la com frequ\u00eancia para dar explica\u00e7\u00f5es sobre sua fun\u00e7\u00e3o, o que levou \u00e0 decis\u00e3o de barrar a cria\u00e7\u00e3o do gabinete.<\/p>\n<p>Em entrevista \u00e0 CNN Brasil na \u00faltima sexta-feira, 21, Gleisi defendeu que Janja tivesse um cargo no governo. \u201cEu defendo sim, que tenha um cargo honor\u00edfico, ela n\u00e3o vai receber nada. Porque \u00e9 importante para que ela possa prestar contas, falar\u201d, disse a ministra. \u201cEu n\u00e3o vejo problema nenhum.\u201d<\/p>\n<p>Gleisi tamb\u00e9m disse achar importante que Janja tenha \u201ccondi\u00e7\u00f5es de atuar\u201d, por ser a companheira do presidente da Rep\u00fablica e, por isso, \u201cter um peso social importante\u201d.<\/p>\n<blockquote class=\"twitter-tweet\">\n<p lang=\"pt\" dir=\"ltr\">JANJA HOJE DURANTE PAINEL DO G20:<\/p>\n<p>\u201cFUCK YOU ELON MUSK\u201d. <\/p>\n<p>Na moral. Eu nem sei mais o que falar. <a href=\"https:\/\/t.co\/3w6YUj0xSE\">pic.twitter.com\/3w6YUj0xSE<\/a><\/p>\n<p>\u2014 Rafael Gloves (@rafaelgloves) <a href=\"https:\/\/twitter.com\/rafaelgloves\/status\/1857879660173889912?ref_src=twsrc%5Etfw\">November 16, 2024<\/a><\/p><\/blockquote>\n<p>Auxiliares do Planalto j\u00e1 percebem uma mudan\u00e7a na postura de Janja. Ela tem reduzido a participa\u00e7\u00e3o em eventos e feito menos pedidos, que anteriormente eram identificados como provenientes de seu gabinete.\u00a0<\/p>\n<p>Na semana passada, Janja tamb\u00e9m decidiu fechar seu perfil no Instagram. A assessoria dela justificou a decis\u00e3o como uma resposta a onda de coment\u00e1rios de \u00f3dio e mis\u00f3ginos nas publica\u00e7\u00f5es. Aliados afirmam que, nas redes sociais, Janja tem feito postagens mais criteriosas, com sele\u00e7\u00e3o mais cuidadosa sobre os temas sobre os quais se manifesta.<\/p>\n<p>No entanto, no Pal\u00e1cio do Planalto, n\u00e3o se descarta que esse recuo seja tempor\u00e1rio e que Janja volte a buscar protagonismo. H\u00e1 um ano, ela era vista como uma potencial cabo eleitoral para candidatas mulheres do PT nas elei\u00e7\u00f5es municipais. Mas, assim como Lula, ela se manteve afastada dos palanques femininos durante o per\u00edodo eleitoral.<\/p>\n<figure class=\"wp-block-image aligncenter size-full\"><img loading=\"lazy\" decoding=\"async\" width=\"1170\" height=\"700\" alt=\"governo Lula e Janja em viagem\" class=\"wp-image-1816642 perfmatters-lazy\" src=\"https:\/\/medias.revistaoeste.com\/wp-content\/uploads\/2024\/12\/Lula-em-viagem.webp\" srcset=\"https:\/\/medias.revistaoeste.com\/wp-content\/uploads\/2024\/12\/Lula-em-viagem.webp 1170w, https:\/\/medias.revistaoeste.com\/wp-content\/uploads\/2024\/12\/Lula-em-viagem-300x179.webp 300w, https:\/\/medias.revistaoeste.com\/wp-content\/uploads\/2024\/12\/Lula-em-viagem-150x90.webp 150w\" data-sizes=\"(max-width: 1170px) 100vw, 1170px\"\/><img loading=\"lazy\" decoding=\"async\" width=\"1170\" height=\"700\" src=\"https:\/\/medias.revistaoeste.com\/wp-content\/uploads\/2024\/12\/Lula-em-viagem.webp\" alt=\"governo Lula e Janja em viagem\" class=\"wp-image-1816642\" srcset=\"https:\/\/medias.revistaoeste.com\/wp-content\/uploads\/2024\/12\/Lula-em-viagem.webp 1170w, https:\/\/medias.revistaoeste.com\/wp-content\/uploads\/2024\/12\/Lula-em-viagem-300x179.webp 300w, https:\/\/medias.revistaoeste.com\/wp-content\/uploads\/2024\/12\/Lula-em-viagem-150x90.webp 150w\" sizes=\"(max-width: 1170px) 100vw, 1170px\"\/><figcaption class=\"wp-element-caption\">Lula e Janja embarcam no avi\u00e3o presidencial | Foto: Ricardo Stuckert\/PR<\/figcaption><\/figure>\n<h2 class=\"wp-block-heading\"><strong>Governo avalia que xingamento a Elon Musk foi pior momento<\/strong><\/h2>\n<p>Internamente, avalia-se que o pior momento para Janja foi em novembro passado, durante o G20, quando ela causou um constrangimento diplom\u00e1tico ao xingar o empres\u00e1rio Elon Musk. Durante o painel do G20 Social, a primeira-dama disse \u201c<em>fuck you<\/em>\u201d ao se referir ao bilion\u00e1rio, o que gerou uma rea\u00e7\u00e3o imediata contra o governo.\u00a0<\/p>\n<p>No dia seguinte, Lula declarou publicamente que n\u00e3o se pode \u201cofender ningu\u00e9m\u201d.<\/p>\n<p>O foco na figura de Janja surge em um momento de baixa popularidade para Lula. De acordo com uma pesquisa Ipsos-Ipec deste m\u00eas, 41% dos brasileiros consideram o mandato de Lula ruim ou p\u00e9ssimo, enquanto 27% o veem como \u00f3timo ou bom.\u00a0<\/p>\n<p>Al\u00e9m disso, uma pesquisa AtlasIntel\/Bloomberg de fevereiro revelou que 58% dos brasileiros t\u00eam uma imagem negativa de Janja, um aumento significativo em rela\u00e7\u00e3o aos 40% registrados em outubro.<\/p>\n<\/p><\/div>\n<p><script async src=\"\/\/platform.twitter.com\/widgets.js\" charset=\"utf-8\"><\/script><br \/>\n<br \/><br \/>\n<br \/>Fonte: <a href=\"https:\/\/revistaoeste.com\/politica\/governo-monta-bunker-de-protecao-a-janja\/\">Ag\u00eancia Brasil<\/a><\/p>\n","protected":false},"excerpt":{"rendered":"<p>Diante da percep\u00e7\u00e3o de que Janja se tornou alvo frequente de cr\u00edticas por parte da oposi\u00e7\u00e3o, o governo formou um grupo informal com o objetivo de blindar a primeira-dama e oferecer uma estrat\u00e9gia jur\u00eddica e pol\u00edtica.\u00a0 Em fevereiro, Janja chegou a ensaiar um recolhimento para evitar desgastes, mas voltou \u00e0 cena ao insistir em fazer [&hellip;]<\/p>\n","protected":false},"author":5,"featured_media":7699,"comment_status":"open","ping_status":"open","sticky":false,"template":"","format":"standard","meta":{"_seopress_robots_primary_cat":"","_seopress_titles_title":"","_seopress_titles_desc":"","_seopress_robots_index":"","footnotes":""},"categories":[47,1],"tags":[],"class_list":["post-7698","post","type-post","status-publish","format-standard","has-post-thumbnail","hentry","category-politica","category-ultimas-noticias"],"_links":{"self":[{"href":"https:\/\/mussicom.com\/noticias\/wp-json\/wp\/v2\/posts\/7698","targetHints":{"allow":["GET"]}}],"collection":[{"href":"https:\/\/mussicom.com\/noticias\/wp-json\/wp\/v2\/posts"}],"about":[{"href":"https:\/\/mussicom.com\/noticias\/wp-json\/wp\/v2\/types\/post"}],"author":[{"embeddable":true,"href":"https:\/\/mussicom.com\/noticias\/wp-json\/wp\/v2\/users\/5"}],"replies":[{"embeddable":true,"href":"https:\/\/mussicom.com\/noticias\/wp-json\/wp\/v2\/comments?post=7698"}],"version-history":[{"count":0,"href":"https:\/\/mussicom.com\/noticias\/wp-json\/wp\/v2\/posts\/7698\/revisions"}],"wp:featuredmedia":[{"embeddable":true,"href":"https:\/\/mussicom.com\/noticias\/wp-json\/wp\/v2\/media\/7699"}],"wp:attachment":[{"href":"https:\/\/mussicom.com\/noticias\/wp-json\/wp\/v2\/media?parent=7698"}],"wp:term":[{"taxonomy":"category","embeddable":true,"href":"https:\/\/mussicom.com\/noticias\/wp-json\/wp\/v2\/categories?post=7698"},{"taxonomy":"post_tag","embeddable":true,"href":"https:\/\/mussicom.com\/noticias\/wp-json\/wp\/v2\/tags?post=7698"}],"curies":[{"name":"wp","href":"https:\/\/api.w.org\/{rel}","templated":true}]}}