{"id":7690,"date":"2025-03-25T04:14:36","date_gmt":"2025-03-25T07:14:36","guid":{"rendered":"https:\/\/www.mussicom.com\/qual-o-paradeiro-da-arma-usada-no-crime-criador-responde\/"},"modified":"2025-03-25T04:14:36","modified_gmt":"2025-03-25T07:14:36","slug":"qual-o-paradeiro-da-arma-usada-no-crime-criador-responde","status":"publish","type":"post","link":"https:\/\/mussicom.com\/noticias\/qual-o-paradeiro-da-arma-usada-no-crime-criador-responde\/","title":{"rendered":"Qual o paradeiro da arma usada no crime? Criador responde"},"content":{"rendered":"<p> <br \/>\n<\/p>\n<div>\n<p>Em <strong><em>Adolesc\u00eancia<\/em><\/strong>, a s\u00e9rie mais assistida na <strong>Netflix<\/strong> nos \u00faltimos dias, o p\u00fablico acompanha a hist\u00f3ria de <strong>Jamie Miller<\/strong> (<strong>Owen Cooper<\/strong>), um menino de 13 anos preso sob suspeita de assassinar uma colega de turma.<\/p>\n<p>A trama tamb\u00e9m d\u00e1 destaque para o pai de <strong>Jamie<\/strong>, <strong>Eddie Miller<\/strong> (<strong>Stephen Graham<\/strong>), e o policial que investiga o caso, <strong>Luke Bascombe<\/strong> (<strong>Ashley Walters<\/strong>).<\/p>\n<p>O suposto crime teria acontecido com uma faca, mas a arma que teria sido utilizada pelo garoto n\u00e3o aparece na s\u00e9rie. No entanto, <strong>Jack Thorne<\/strong>, um dos escritores de <em><strong>Adolesc\u00eancia<\/strong><\/em>, revelou informa\u00e7\u00f5es sobre o paradeiro do objeto e a decis\u00e3o de n\u00e3o mostr\u00e1-la durante os epis\u00f3dios.<\/p>\n<h3>As respostas do criador de Adolesc\u00eancia sobre a arma do crime<\/h3>\n<p>Na avalia\u00e7\u00e3o de <strong>Thorne<\/strong>, a falta de detalhes sobre a arma est\u00e1 alinhada \u00e0 produ\u00e7\u00e3o da miniss\u00e9rie em plano-sequ\u00eancia sem cortes, ou seja, todos os epis\u00f3dios foram filmados em um s\u00f3 take, sem pausas. Essa estrat\u00e9gia enfatiza as perspectivas de cada personagem e n\u00e3o aborda toda a hist\u00f3ria de uma maneira completa e imparcial.<\/p>\n<blockquote class=\"citacao\"><p>Eu acho que h\u00e1 prazer real no incompleto. Em qu\u00e3o parcial a s\u00e9rie conseguiu ser. Ela foi escrita de uma forma realmente parcial, n\u00e3o conseguimos cobrir todos os cantos\u201d, disse ao site <em>Deadline<\/em>.<\/p><\/blockquote>\n<p>O escritor tamb\u00e9m afirmou que a resposta sobre onde est\u00e1 a faca poderia ter sido encaixada em algum dos di\u00e1logos, mas essa solu\u00e7\u00e3o pareceu pouco aut\u00eantica.<\/p>\n<blockquote class=\"citacao\"><p>N\u00e3o vou responder [onde est\u00e1 a faca] porque se eu respondesse, isso estragaria tudo&#8230; Isso est\u00e1 resolvido na nossa hist\u00f3ria. Mas o ponto \u00e9 que n\u00e3o precisamos responder, e ao fazer isso, criamos uma pergunta que fica pendurada.&#8221;<\/p><\/blockquote>\n<p>Thorne continuou: &#8220;Os espectadores entendem o ritmo em que estamos como dramaturgos. Um p\u00fablico tem certas expectativas sobre o que vai acontecer. O que a s\u00e9rie pode fazer por meio do formato de plano-sequ\u00eancia \u00e9 desafiar essas expectativas de uma maneira diferente.&#8221;<\/p>\n<p><iframe title=\"Adolesc\u00eancia | Trailer oficial | Netflix\" width=\"800\" height=\"450\" src=\"https:\/\/www.youtube.com\/embed\/mh48KXaCSxM?feature=oembed\" frameborder=\"0\" allow=\"accelerometer; autoplay; clipboard-write; encrypted-media; gyroscope; picture-in-picture; web-share\" referrerpolicy=\"strict-origin-when-cross-origin\" allowfullscreen><\/iframe><\/p>\n<p>Embora o foco da narrativa n\u00e3o esteja na arma supostamente utilizada por <strong>Jamie Miller<\/strong>, a faca serve como um s\u00edmbolo para a tem\u00e1tica da s\u00e9rie, que explora, entre outras coisas, a misoginia e a radicaliza\u00e7\u00e3o online.<\/p>\n<p><em><strong>Adolesc\u00eancia<\/strong><\/em>n\u00e3o tem influ\u00eancia direta de um caso espec\u00edfico, mas foi inspirada pelo aumento alarmante de ataques com facas no Reino Unido. Segundo o Office for National Statistics, crimes desse tipo dobraram na \u00faltima d\u00e9cada na Inglaterra e no Pa\u00eds de Gales. Em 2023, o Minist\u00e9rio da Justi\u00e7a brit\u00e2nico registrou 18 mil condena\u00e7\u00f5es por crimes envolvendo facas, sendo que 17,3% dos agressores tinham entre 10 e 17 anos.<\/p>\n<p><strong>+++LEIA MAIS: Entenda o final de Adolesc\u00eancia: Jamie \u00e9 realmente culpado?<\/strong><\/p>\n<p><strong>+++LEIA MAIS: Premier brit\u00e2nico defende exibi\u00e7\u00e3o de Adolesc\u00eancia, da Netflix, nas escolas<\/strong><\/p>\n<p><strong>+++LEIA MAIS: Adolesc\u00eancia: Quem \u00e9 Owen Cooper, protagonista que nunca havia atuado ates<\/strong><\/p>\n<\/div>\n<p><br \/>\n<br \/>Fonte: <a href=\"https:\/\/rollingstone.com.br\/entretenimento\/criador-de-adolescencia-detalha-paradeiro-da-suposta-faca-usada-no-crime\/\">rollingstone.com.br<\/a><\/p>\n","protected":false},"excerpt":{"rendered":"<p>Em Adolesc\u00eancia, a s\u00e9rie mais assistida na Netflix nos \u00faltimos dias, o p\u00fablico acompanha a hist\u00f3ria de Jamie Miller (Owen Cooper), um menino de 13 anos preso sob suspeita de assassinar uma colega de turma. A trama tamb\u00e9m d\u00e1 destaque para o pai de Jamie, Eddie Miller (Stephen Graham), e o policial que investiga o [&hellip;]<\/p>\n","protected":false},"author":5,"featured_media":7691,"comment_status":"open","ping_status":"open","sticky":false,"template":"","format":"standard","meta":{"_seopress_robots_primary_cat":"","_seopress_titles_title":"","_seopress_titles_desc":"","_seopress_robots_index":"","footnotes":""},"categories":[51],"tags":[],"class_list":["post-7690","post","type-post","status-publish","format-standard","has-post-thumbnail","hentry","category-musica"],"_links":{"self":[{"href":"https:\/\/mussicom.com\/noticias\/wp-json\/wp\/v2\/posts\/7690","targetHints":{"allow":["GET"]}}],"collection":[{"href":"https:\/\/mussicom.com\/noticias\/wp-json\/wp\/v2\/posts"}],"about":[{"href":"https:\/\/mussicom.com\/noticias\/wp-json\/wp\/v2\/types\/post"}],"author":[{"embeddable":true,"href":"https:\/\/mussicom.com\/noticias\/wp-json\/wp\/v2\/users\/5"}],"replies":[{"embeddable":true,"href":"https:\/\/mussicom.com\/noticias\/wp-json\/wp\/v2\/comments?post=7690"}],"version-history":[{"count":0,"href":"https:\/\/mussicom.com\/noticias\/wp-json\/wp\/v2\/posts\/7690\/revisions"}],"wp:featuredmedia":[{"embeddable":true,"href":"https:\/\/mussicom.com\/noticias\/wp-json\/wp\/v2\/media\/7691"}],"wp:attachment":[{"href":"https:\/\/mussicom.com\/noticias\/wp-json\/wp\/v2\/media?parent=7690"}],"wp:term":[{"taxonomy":"category","embeddable":true,"href":"https:\/\/mussicom.com\/noticias\/wp-json\/wp\/v2\/categories?post=7690"},{"taxonomy":"post_tag","embeddable":true,"href":"https:\/\/mussicom.com\/noticias\/wp-json\/wp\/v2\/tags?post=7690"}],"curies":[{"name":"wp","href":"https:\/\/api.w.org\/{rel}","templated":true}]}}