{"id":76756,"date":"2026-05-01T22:47:05","date_gmt":"2026-05-02T01:47:05","guid":{"rendered":"https:\/\/mussicom.com\/noticias\/fenasoja-tera-foruns-sobre-suinocultura-brucelose-e-tuberculose\/"},"modified":"2026-05-01T22:47:05","modified_gmt":"2026-05-02T01:47:05","slug":"fenasoja-tera-foruns-sobre-suinocultura-brucelose-e-tuberculose","status":"publish","type":"post","link":"https:\/\/mussicom.com\/noticias\/fenasoja-tera-foruns-sobre-suinocultura-brucelose-e-tuberculose\/","title":{"rendered":"Fenasoja ter\u00e1 f\u00f3runs sobre suinocultura, brucelose e tuberculose"},"content":{"rendered":"<p> <br \/>\n<\/p>\n<div>\n<p style=\"text-align:justify\">A Fenasoja, que ocorre de 1\u00ba a 10 de maio em Santa Rosa, ter\u00e1 um dia dedicado \u00e0 sanidade animal, com a realiza\u00e7\u00e3o de dois f\u00f3runs na quarta-feira (6\/5): o 2\u00ba F\u00f3rum Estadual de Sanidade Su\u00edna, \u00e0s 10h, e o 1\u00ba F\u00f3rum Estadual de Brucelose e Tuberculose Bovina, \u00e0s 14h. Os encontros s\u00e3o organizados pelo Departamento de Vigil\u00e2ncia e Defesa Sanit\u00e1ria Animal da Secretaria da Agricultura, Pecu\u00e1ria, Produ\u00e7\u00e3o Sustent\u00e1vel e Irriga\u00e7\u00e3o (DDA\/Seapi) e pelo Fundo de Desenvolvimento e Defesa Sanit\u00e1ria Animal (Fundesa).\u00a0&#13;\n<\/p>\n<p style=\"text-align:justify\"><strong>Sanidade Su\u00edna<\/strong><\/p>\n<p style=\"text-align:justify\">A segunda edi\u00e7\u00e3o do F\u00f3rum Estadual de Sanidade Su\u00edna tratar\u00e1 da biosseguridade na suinocultura. A programa\u00e7\u00e3o vai abordar estrat\u00e9gias de preven\u00e7\u00e3o de doen\u00e7as, redu\u00e7\u00e3o de riscos sanit\u00e1rios, prote\u00e7\u00e3o dos rebanhos e fortalecimento das a\u00e7\u00f5es integradas entre o setor produtivo e o Servi\u00e7o Veterin\u00e1rio Oficial.\u00a0<\/p>\n<p style=\"text-align:justify\">\u201cO evento ser\u00e1 um espa\u00e7o de di\u00e1logo t\u00e9cnico e institucional, reunindo especialistas, gestores, produtores e representantes da cadeia suin\u00edcola para discutir desafios atuais e boas pr\u00e1ticas voltadas \u00e0 manuten\u00e7\u00e3o do status sanit\u00e1rio da suinocultura ga\u00facha\u201d, detalha a fiscal estadual agropecu\u00e1ria Gabriela Cavagni, do Programa de Sanidade Su\u00eddea do Rio Grande do Sul.\u00a0&#13;\n<\/p>\n<p style=\"text-align:justify\">A realiza\u00e7\u00e3o do F\u00f3rum durante a Fenasoja amplia o alcance das discuss\u00f5es, fortalece a integra\u00e7\u00e3o entre cadeias produtivas e valoriza a sanidade animal como tema estrat\u00e9gico dentro do contexto do agroneg\u00f3cio, facilitando a participa\u00e7\u00e3o dos diferentes atores envolvidos na suinocultura. \u201cAl\u00e9m disso, temos a localiza\u00e7\u00e3o estrat\u00e9gica da cidade de Santa Rosa, numa regi\u00e3o que re\u00fane munic\u00edpios com as maiores popula\u00e7\u00f5es su\u00ednas do estado\u201d, complementa Gabriela.<\/p>\n<p style=\"text-align:justify\"><strong>Brucelose e Tuberculose Bovina<\/strong><\/p>\n<p style=\"text-align:justify\">O 1\u00ba F\u00f3rum Estadual de Brucelose e Tuberculose Bovina vai discutir a import\u00e2ncia da preven\u00e7\u00e3o e do controle dessas enfermidades. A programa\u00e7\u00e3o contar\u00e1 com palestras com experi\u00eancia nas suas \u00e1reas, com a vis\u00e3o da Ind\u00fastria de Latic\u00ednios, do produtor rural, do Fundo de Apoio \u2013 Fundesa, e do Servi\u00e7o Veterin\u00e1rio Oficial Estadual.&#13;\n<\/p>\n<p style=\"text-align:justify\">\u201cSanta Rosa est\u00e1 inserida numa das principais regi\u00f5es produtoras de leite do estado, e sediar o F\u00f3rum na Fenasoja tem como finalidade de mobilizar e sensibilizar a cadeia de produ\u00e7\u00e3o em rela\u00e7\u00e3o ao tema\u201d, explica a fiscal estadual agropecu\u00e1ria Ana Cl\u00e1udia Groff, do Programa de Controle e Erradica\u00e7\u00e3o da Brucelose e Tuberculose Animal da Seapi.<\/p>\n<\/p><\/div>\n<p><script data-cfasync=\"false\">\n    !function (f, b, e, v, n, t, s) {\n        if (f.fbq) return; n = f.fbq = function () {\n            n.callMethod ?\n                n.callMethod.apply(n, arguments) : n.queue.push(arguments)\n        };\n        if (!f._fbq) f._fbq = n; n.push = n; n.loaded = !0; n.version = '2.0';\n        n.queue = []; t = b.createElement(e); t.async = !0;\n        t.src = v; s = b.getElementsByTagName(e)[0];\n        s.parentNode.insertBefore(t, s)\n    }(window, document, 'script',\n        'https:\/\/connect.facebook.net\/en_US\/fbevents.js');\n    fbq('init', '522546078623747');\n    fbq('track', 'PageView');\n<\/script><br \/>\n<br \/><br \/>\n<br \/>Fonte: <a href=\"https:\/\/www.agrolink.com.br\/noticias\/fenasoja-tera-foruns-sobre-suinocultura--brucelose-e-tuberculose_513803.html\">AGROLINK<\/a><\/p>\n","protected":false},"excerpt":{"rendered":"<p>A Fenasoja, que ocorre de 1\u00ba a 10 de maio em Santa Rosa, ter\u00e1 um dia dedicado \u00e0 sanidade animal, com a realiza\u00e7\u00e3o de dois f\u00f3runs na quarta-feira (6\/5): o 2\u00ba F\u00f3rum Estadual de Sanidade Su\u00edna, \u00e0s 10h, e o 1\u00ba F\u00f3rum Estadual de Brucelose e Tuberculose Bovina, \u00e0s 14h. Os encontros s\u00e3o organizados pelo [&hellip;]<\/p>\n","protected":false},"author":5,"featured_media":76757,"comment_status":"open","ping_status":"open","sticky":false,"template":"","format":"standard","meta":{"_seopress_robots_primary_cat":"","_seopress_titles_title":"","_seopress_titles_desc":"","_seopress_robots_index":"","footnotes":""},"categories":[53],"tags":[],"class_list":["post-76756","post","type-post","status-publish","format-standard","has-post-thumbnail","hentry","category-agronegocio"],"_links":{"self":[{"href":"https:\/\/mussicom.com\/noticias\/wp-json\/wp\/v2\/posts\/76756","targetHints":{"allow":["GET"]}}],"collection":[{"href":"https:\/\/mussicom.com\/noticias\/wp-json\/wp\/v2\/posts"}],"about":[{"href":"https:\/\/mussicom.com\/noticias\/wp-json\/wp\/v2\/types\/post"}],"author":[{"embeddable":true,"href":"https:\/\/mussicom.com\/noticias\/wp-json\/wp\/v2\/users\/5"}],"replies":[{"embeddable":true,"href":"https:\/\/mussicom.com\/noticias\/wp-json\/wp\/v2\/comments?post=76756"}],"version-history":[{"count":0,"href":"https:\/\/mussicom.com\/noticias\/wp-json\/wp\/v2\/posts\/76756\/revisions"}],"wp:featuredmedia":[{"embeddable":true,"href":"https:\/\/mussicom.com\/noticias\/wp-json\/wp\/v2\/media\/76757"}],"wp:attachment":[{"href":"https:\/\/mussicom.com\/noticias\/wp-json\/wp\/v2\/media?parent=76756"}],"wp:term":[{"taxonomy":"category","embeddable":true,"href":"https:\/\/mussicom.com\/noticias\/wp-json\/wp\/v2\/categories?post=76756"},{"taxonomy":"post_tag","embeddable":true,"href":"https:\/\/mussicom.com\/noticias\/wp-json\/wp\/v2\/tags?post=76756"}],"curies":[{"name":"wp","href":"https:\/\/api.w.org\/{rel}","templated":true}]}}