{"id":7667,"date":"2025-03-25T00:31:11","date_gmt":"2025-03-25T03:31:11","guid":{"rendered":"https:\/\/mussicom.com\/celso-de-mello-fala-em-conduta-imperdoavel\/"},"modified":"2025-03-25T00:31:11","modified_gmt":"2025-03-25T03:31:11","slug":"celso-de-mello-fala-em-conduta-imperdoavel","status":"publish","type":"post","link":"https:\/\/mussicom.com\/noticias\/celso-de-mello-fala-em-conduta-imperdoavel\/","title":{"rendered":"Celso de Mello fala em &#8216;conduta imperdo\u00e1vel&#8217;"},"content":{"rendered":"<p> <br \/>\n<\/p>\n<div id=\"hd80s9wa1h892edh8192\">\n<p>Ex-decano do <strong>Supremo Tribunal Federal (STF),<\/strong> o ministro aposentado Celso de Mello escreveu um artigo, sobre o caso da cabeleireira D\u00e9bora dos Santos, de 39 anos, presa por causa do 8 de janeiro.<\/p>\n<p>Repleto de exclama\u00e7\u00f5es, a exemplo de decis\u00f5es que proferiu quando atuava na Corte, o texto intitulado \u201co caso do batom da golpista\u201d afirma ser \u201ctotalmente falaciosa (e absolutamente divorciada da realidade do processo penal contra ela instaurado) a afirma\u00e7\u00e3o de que a puni\u00e7\u00e3o a 14 anos de pris\u00e3o se deveu, unicamente, ao fato de a r\u00e9 haver passado batom em uma est\u00e1tua\u201d.<\/p>\n<p>De acordo com Mello, \u201ca picha\u00e7\u00e3o, no caso, foi apenas um dos in\u00fameros elementos das m\u00faltiplas imputa\u00e7\u00f5es penais formuladas contra referida condenada, a quem foram atribu\u00eddas pr\u00e1ticas criminosas grav\u00edssimas em concurso material (CP, art. 69), o que justifica, ante o que disp\u00f5e o C\u00f3digo Penal, a soma de cada um dos crimes perpetrados por seu autor (crit\u00e9rio do c\u00famulo material das infra\u00e7\u00f5es delituosas)\u201d.<\/p>\n<p>Conforme o ex-ministro, \u201cn\u00e3o h\u00e1 perd\u00e3o para quem atenta contra o regime democr\u00e1tico\u201d.<\/p>\n<h2 class=\"wp-block-heading\">Leia a \u00edntegra do artigo de Celso de Mello, sobre D\u00e9bora dos Santos<\/h2>\n<figure class=\"wp-block-image size-full\"><picture><source data-srcset=\"https:\/\/medias.revistaoeste.com\/wp-content\/uploads\/2024\/09\/debora-dos-santos.jpg.webp 878w, https:\/\/medias.revistaoeste.com\/wp-content\/uploads\/2024\/09\/debora-dos-santos-300x168.jpg.webp 300w, https:\/\/medias.revistaoeste.com\/wp-content\/uploads\/2024\/09\/debora-dos-santos-400x225.jpg.webp 400w, https:\/\/medias.revistaoeste.com\/wp-content\/uploads\/2024\/09\/debora-dos-santos-216x121.jpg.webp 216w, https:\/\/medias.revistaoeste.com\/wp-content\/uploads\/2024\/09\/debora-dos-santos-150x84.jpg.webp 150w\" data-sizes=\"(max-width: 878px) 100vw, 878px\" type=\"image\/webp\"><img fetchpriority=\"high\" decoding=\"async\" width=\"878\" height=\"492\" src=\"https:\/\/medias.revistaoeste.com\/wp-content\/uploads\/2024\/09\/debora-dos-santos.jpg\" alt=\"d\u00e9bora dos santos; stf\" class=\"wp-image-1668780\" srcset=\"https:\/\/medias.revistaoeste.com\/wp-content\/uploads\/2024\/09\/debora-dos-santos.jpg 878w, https:\/\/medias.revistaoeste.com\/wp-content\/uploads\/2024\/09\/debora-dos-santos-300x168.jpg 300w, https:\/\/medias.revistaoeste.com\/wp-content\/uploads\/2024\/09\/debora-dos-santos-400x225.jpg 400w, https:\/\/medias.revistaoeste.com\/wp-content\/uploads\/2024\/09\/debora-dos-santos-216x121.jpg 216w, https:\/\/medias.revistaoeste.com\/wp-content\/uploads\/2024\/09\/debora-dos-santos-150x84.jpg 150w\" sizes=\"(max-width: 878px) 100vw, 878px\" data-eio=\"p\"\/><\/source><\/picture><figcaption class=\"wp-element-caption\">A cabeleireira D\u00e9bora dos Santos, de 39 anos, com a fam\u00edlia | Foto: Reprodu\u00e7\u00e3o<\/figcaption><\/figure>\n<p>A seguir, o texto do ex-ministro, sem reparos:<\/p>\n<p><em>\u201cO CASO DO BATOM DA GOLPISTA \u2026<\/em><\/p>\n<p><em>A resposta penal do Estado foi severa , exemplar e proporcional \u00e0 extrema gravidade do comportamento da condenada , considerados os diversos crimes por ela cometidos, entre os quais os delitos de golpe de estado (CP, art. 359-M) , de aboli\u00e7\u00e3o violenta do Estado democr\u00e1tico de Direito (CP, art. 359-L) e de associa\u00e7\u00e3o criminosa armada (CP, art. 288, par\u00e1grafo \u00fanico), al\u00e9m das infra\u00e7\u00f5es de dano qualificado (CP, art. 163, par\u00e1grafo \u00fanico, ns. I, III e IV) e de deteriora\u00e7\u00e3o de patrim\u00f4nio tombado (Lei n. 9.605\/98, art. 62, n. I) !<\/em><\/p>\n<p><em>\u00c9 totalmente falaciosa (e absolutamente divorciada da realidade do processo penal contra ela instaurado) a afirma\u00e7\u00e3o de que a puni\u00e7\u00e3o a 14 anos de pris\u00e3o se deveu, unicamente, ao fato de a r\u00e9 haver passado batom em uma est\u00e1tua !!!<\/em><\/p>\n<p><em>N\u00e3o, a picha\u00e7\u00e3o, no caso, foi apenas um dos in\u00fameros elementos das m\u00faltiplas imputa\u00e7\u00f5es penais formuladas contra referida condenada, a quem foram atribu\u00eddas pr\u00e1ticas criminosas grav\u00edssimas em concurso material (CP, art. 69), o que justifica, ante o que disp\u00f5e o C\u00f3digo Penal, a soma de cada um dos crimes perpetrados por seu autor (crit\u00e9rio do c\u00famulo material das infra\u00e7\u00f5es delituosas).<\/em><\/p>\n<p><em>\u00c9 sempre importante relembrar que n\u00e3o h\u00e1 perd\u00e3o para quem atenta contra o regime democr\u00e1tico !<\/em><\/p>\n<p><em>A\u00e7\u00f5es criminosas contra o Estado democr\u00e1tico de Direito T\u00caM consequ\u00eancias extremamente graves , que se projetam contra quem incide em comportamentos sediciosos , vulneradores da ordem constitucional !<\/em><\/p>\n<p><em>\u201cQuem, de qualquer modo, concorre para o crime incide nas penas a este cominadas, na medida de sua culpabilidade\u201d ! \u00c9 o que prev\u00ea o artigo 29 do C\u00f3digo Penal brasileiro !<\/em><\/p>\n<p><em>Japona, farda ou trajes civis, qualquer que seja o g\u00eanero (cis ou trans) , idade (a partir de 18 anos de idade), confiss\u00e3o religiosa, posi\u00e7\u00e3o social ou financeira ou condi\u00e7\u00e3o pol\u00edtico-funcional ou hier\u00e1rquica ou atividade profissional (como no caso da condenada) n\u00e3o conferem imunidade penal a quem, atrevidamente, transgredir os fundamentos da democracia constitucional !!!<\/em><\/p>\n<p><em>\u00c9 simplesmente imperdo\u00e1vel a conduta criminosa de quem pretendeu desrespeitar o resultado leg\u00edtimo de uma elei\u00e7\u00e3o presidencial transparente, democr\u00e1tica e honesta !<\/em><\/p>\n<p><em>Em regimes de democracia constitucional , como o que vige plenamente no Brasil, o Presidente da Rep\u00fablica \u00e9 sucedido pela escolha popular majorit\u00e1ria , em vota\u00e7\u00e3o livre e independente, jamais, por\u00e9m, por golpes de Estado , como criminosamente tentaram aqueles envolvidos em trama s\u00f3rdida que agora sofre a repulsa en\u00e9rgica do ordenamento jur\u00eddico de nosso Pa\u00eds!<\/em><\/p>\n<p><em>O legado de pervers\u00e3o moral e de subvers\u00e3o pol\u00edtico-institucional deixado pela c\u00fapula golpista atinge, frontal , direta, pessoal e duramente, no plano penal, aqueles (os invasores de 08 de janeiro de 2023) que se dispuseram a seguir, movidos por irresist\u00edvel puls\u00e3o totalit\u00e1ria, os corifeus do golpe , cujo est\u00edmulo caracterizou-se , com o aux\u00edlio de outros agentes e part\u00edcipes, por seus perigosos discursos de car\u00e1ter sedicioso , impregnados de profundo e irracional sentimento de \u00f3dio e disseminadores de mensagens falsas ou veiculadores de dolosa e fraudulenta distor\u00e7\u00e3o da realidade !<\/em><\/p>\n<p><em>Aos criminosos, a puni\u00e7\u00e3o, respeitada , sempre, a garantia constitucional do \u201cdevido processo legal\u201d (tal como se registrou neste caso) ! Aos delinquentes, a imposi\u00e7\u00e3o da pena, que constitui a resposta jur\u00eddica do Estado ao \u201cmal injusto\u201d cometido por seu autor , vale dizer, ao crime praticado pelo infrator !<\/em><\/p>\n<p><em>O JUIZ , \u201catendendo \u00e0 culpabilidade, aos antecedentes, \u00e0 conduta social, \u00e0 personalidade do agente, aos motivos, \u00e0s circunst\u00e2ncias e conseq\u00fc\u00eancias do crime, bem como ao comportamento da v\u00edtima\u201d (CP, art. 59) , e observado o crit\u00e9rio trif\u00e1sico a que alude o art. 68 do C\u00f3digo Penal , IMPOR\u00c1 ao condenado , na senten\u00e7a que proferir, a PENA que julgar adequada e proporcional \u00e0 gravidade do delito , em quantidade que repute<br \/>necess\u00e1ria e suficiente para reprova\u00e7\u00e3o e preven\u00e7\u00e3o do crime .<\/em><\/p>\n<p><em>A\u00e7\u00f5es criminosas t\u00eam consequ\u00eancias de ordem penal ! Pr\u00e1ticas criminosas autorizam julgamentos condenat\u00f3rios e legitimam a imposi\u00e7\u00e3o de san\u00e7\u00f5es penais , ainda que severas, desde que se respeitem \u2013 como no caso desta condenada se respeitaram \u2013 os postulados constitucionais que informam e d\u00e3o subst\u00e2ncia \u00e0 cl\u00e1usula do \u201cdevido processo legal\u201d !<\/em><\/p>\n<p><em>Essa a admoni\u00e7\u00e3o , severa e grave, que se faz \u201csine ira ac studio\u201d, vale dizer, \u201csem animosidade nem parcialidade\u201d, dirigida \u201c\u00e0 turba an\u00f4nima e \u00e0 multid\u00e3o sem nome\u201d (\u201csine nomine vulgus\u201d) que , ao criminosamente invadir em 08 de janeiro de 2023 a sede constitucional dos Tr\u00eas Poderes, dessacralizou os s\u00edmbolos majestosos da Rep\u00fablica e do Estado democr\u00e1tico de Direito !!!\u201d<\/em><\/p>\n<\/p><\/div>\n<p><br \/>\n<br \/>Fonte: <a href=\"https:\/\/revistaoeste.com\/politica\/nao-ha-perdao-para-quem-atenta-contra-o-regime-democratico-diz-ex-ministro-do-stf-sobre-o-caso-debora-dos-santos\/\">Ag\u00eancia Brasil<\/a><\/p>\n","protected":false},"excerpt":{"rendered":"<p>Ex-decano do Supremo Tribunal Federal (STF), o ministro aposentado Celso de Mello escreveu um artigo, sobre o caso da cabeleireira D\u00e9bora dos Santos, de 39 anos, presa por causa do 8 de janeiro. Repleto de exclama\u00e7\u00f5es, a exemplo de decis\u00f5es que proferiu quando atuava na Corte, o texto intitulado \u201co caso do batom da golpista\u201d [&hellip;]<\/p>\n","protected":false},"author":5,"featured_media":7668,"comment_status":"open","ping_status":"open","sticky":false,"template":"","format":"standard","meta":{"_seopress_robots_primary_cat":"","_seopress_titles_title":"","_seopress_titles_desc":"","_seopress_robots_index":"","footnotes":""},"categories":[47,1],"tags":[],"class_list":["post-7667","post","type-post","status-publish","format-standard","has-post-thumbnail","hentry","category-politica","category-ultimas-noticias"],"_links":{"self":[{"href":"https:\/\/mussicom.com\/noticias\/wp-json\/wp\/v2\/posts\/7667","targetHints":{"allow":["GET"]}}],"collection":[{"href":"https:\/\/mussicom.com\/noticias\/wp-json\/wp\/v2\/posts"}],"about":[{"href":"https:\/\/mussicom.com\/noticias\/wp-json\/wp\/v2\/types\/post"}],"author":[{"embeddable":true,"href":"https:\/\/mussicom.com\/noticias\/wp-json\/wp\/v2\/users\/5"}],"replies":[{"embeddable":true,"href":"https:\/\/mussicom.com\/noticias\/wp-json\/wp\/v2\/comments?post=7667"}],"version-history":[{"count":0,"href":"https:\/\/mussicom.com\/noticias\/wp-json\/wp\/v2\/posts\/7667\/revisions"}],"wp:featuredmedia":[{"embeddable":true,"href":"https:\/\/mussicom.com\/noticias\/wp-json\/wp\/v2\/media\/7668"}],"wp:attachment":[{"href":"https:\/\/mussicom.com\/noticias\/wp-json\/wp\/v2\/media?parent=7667"}],"wp:term":[{"taxonomy":"category","embeddable":true,"href":"https:\/\/mussicom.com\/noticias\/wp-json\/wp\/v2\/categories?post=7667"},{"taxonomy":"post_tag","embeddable":true,"href":"https:\/\/mussicom.com\/noticias\/wp-json\/wp\/v2\/tags?post=7667"}],"curies":[{"name":"wp","href":"https:\/\/api.w.org\/{rel}","templated":true}]}}