{"id":76500,"date":"2026-04-30T18:15:53","date_gmt":"2026-04-30T21:15:53","guid":{"rendered":"https:\/\/mussicom.com\/noticias\/trump-ataca-abc-e-reforca-apelo-por-demissao-de-jimmy-kimmel\/"},"modified":"2026-04-30T18:15:53","modified_gmt":"2026-04-30T21:15:53","slug":"trump-ataca-abc-e-reforca-apelo-por-demissao-de-jimmy-kimmel","status":"publish","type":"post","link":"https:\/\/mussicom.com\/noticias\/trump-ataca-abc-e-reforca-apelo-por-demissao-de-jimmy-kimmel\/","title":{"rendered":"Trump ataca ABC e refor\u00e7a apelo por demiss\u00e3o de Jimmy Kimmel"},"content":{"rendered":"<p> <br \/>\n<\/p>\n<div id=\"tp-post-content\">\n<p class=\"postParagraph_post-paragraph__juWZN postParagraph_post-paragraph-innerHtml__Q5vwc\">O presidente dos EUA, Donald Trump, voltou a pressionar a rede de televis\u00e3o ABC pela demiss\u00e3o do apresentador Jimmy Kimmel nesta quinta-feira (30)<\/p>\n<p class=\"postParagraph_post-paragraph__juWZN postParagraph_post-paragraph-innerHtml__Q5vwc\">Por meio da Truth Social, o l\u00edder da Casa Branca classificou a emissora como uma &#8220;rede de not\u00edcias falsas&#8221; e disse que as pessoas &#8211; possivelmente uma refer\u00eancia a seus apoiadores &#8211; est\u00e3o irritadas com a situa\u00e7\u00e3o.<\/p>\n<p class=\"postParagraph_post-paragraph__juWZN postParagraph_post-paragraph-innerHtml__Q5vwc\">&#8220;Quando \u00e9 que a ABC, a rede de not\u00edcias falsas, vai demitir o Jimmy Kimmel, que \u00e9 profundamente sem gra\u00e7a e apresenta de forma incompetente um dos programas com pior audi\u00eancia da televis\u00e3o?&#8221;, escreveu Trump, acrescentando que &#8220;as pessoas est\u00e3o furiosas. \u00c9 melhor que seja logo!!!&#8221;.<\/p>\n<p class=\"postParagraph_post-paragraph__juWZN postParagraph_post-paragraph-innerHtml__Q5vwc\">O novo embate entre o governante e o humorista americano surgiu no in\u00edcio desta semana, quando a primeira-dama dos EUA, Melania Trump, pediu a demiss\u00e3o de Kimmel por uma piada em que a retratava como vi\u00fava, dias antes do atentado contra o presidente.<\/p>\n<p class=\"postParagraph_post-paragraph__juWZN postParagraph_post-paragraph-innerHtml__Q5vwc\">Posteriormente, o pr\u00f3prio presidente Trump se manifestou sobre o epis\u00f3dio, pedindo a sa\u00edda do apresentador da emissora. Nesta quarta-feira, a Comiss\u00e3o Federal de Comunica\u00e7\u00f5es (FCC), respons\u00e1vel por supervisionar servi\u00e7os de internet e televis\u00e3o nos EUA, ordenou uma revis\u00e3o\u00a0das licen\u00e7as de transmiss\u00e3o da Disney para as emissoras regionais da ABC.<\/p>\n<p class=\"postParagraph_post-paragraph__juWZN postParagraph_post-paragraph-innerHtml__Q5vwc\">A FCC n\u00e3o deu detalhes do que teria motivado a decis\u00e3o, mas ela surge logo ap\u00f3s o novo conflito ser iniciado.<\/p>\n<p class=\"postParagraph_post-paragraph__juWZN postParagraph_post-paragraph-innerHtml__Q5vwc\">O comediante americano se defendeu da situa\u00e7\u00e3o, dizendo que n\u00e3o incitava de forma alguma o assassinato de Trump e que seu direito de fazer piada est\u00e1 protegido pela Primeira Emenda. \u201cTamb\u00e9m devo ressaltar que Donald Trump tem o direito de dizer o que quiser, assim como voc\u00ea, eu e todos n\u00f3s, porque, de acordo com a Primeira Emenda [da Constitui\u00e7\u00e3o], n\u00f3s, americanos, temos o direito \u00e0 liberdade de express\u00e3o\u201d.<\/p>\n<\/div>\n<p><br \/>\n<br \/>Fonte: <a href=\"https:\/\/www.gazetadopovo.com.br\/mundo\/trump-chama-abc-emissora-enganosa-reforca-apelo-demissao-jimmy-kimmel\/\">Revista Oeste<\/a><\/p>\n","protected":false},"excerpt":{"rendered":"<p>O presidente dos EUA, Donald Trump, voltou a pressionar a rede de televis\u00e3o ABC pela demiss\u00e3o do apresentador Jimmy Kimmel nesta quinta-feira (30) Por meio da Truth Social, o l\u00edder da Casa Branca classificou a emissora como uma &#8220;rede de not\u00edcias falsas&#8221; e disse que as pessoas &#8211; possivelmente uma refer\u00eancia a seus apoiadores &#8211; [&hellip;]<\/p>\n","protected":false},"author":5,"featured_media":76501,"comment_status":"open","ping_status":"open","sticky":false,"template":"","format":"standard","meta":{"_seopress_robots_primary_cat":"","_seopress_titles_title":"","_seopress_titles_desc":"","_seopress_robots_index":"","footnotes":""},"categories":[48],"tags":[],"class_list":["post-76500","post","type-post","status-publish","format-standard","has-post-thumbnail","hentry","category-internacional"],"_links":{"self":[{"href":"https:\/\/mussicom.com\/noticias\/wp-json\/wp\/v2\/posts\/76500","targetHints":{"allow":["GET"]}}],"collection":[{"href":"https:\/\/mussicom.com\/noticias\/wp-json\/wp\/v2\/posts"}],"about":[{"href":"https:\/\/mussicom.com\/noticias\/wp-json\/wp\/v2\/types\/post"}],"author":[{"embeddable":true,"href":"https:\/\/mussicom.com\/noticias\/wp-json\/wp\/v2\/users\/5"}],"replies":[{"embeddable":true,"href":"https:\/\/mussicom.com\/noticias\/wp-json\/wp\/v2\/comments?post=76500"}],"version-history":[{"count":0,"href":"https:\/\/mussicom.com\/noticias\/wp-json\/wp\/v2\/posts\/76500\/revisions"}],"wp:featuredmedia":[{"embeddable":true,"href":"https:\/\/mussicom.com\/noticias\/wp-json\/wp\/v2\/media\/76501"}],"wp:attachment":[{"href":"https:\/\/mussicom.com\/noticias\/wp-json\/wp\/v2\/media?parent=76500"}],"wp:term":[{"taxonomy":"category","embeddable":true,"href":"https:\/\/mussicom.com\/noticias\/wp-json\/wp\/v2\/categories?post=76500"},{"taxonomy":"post_tag","embeddable":true,"href":"https:\/\/mussicom.com\/noticias\/wp-json\/wp\/v2\/tags?post=76500"}],"curies":[{"name":"wp","href":"https:\/\/api.w.org\/{rel}","templated":true}]}}