{"id":76456,"date":"2026-04-30T14:18:37","date_gmt":"2026-04-30T17:18:37","guid":{"rendered":"https:\/\/mussicom.com\/noticias\/novo-tecnico-das-sereias-marcelo-frigerio-e-apresentado-e-fala-em-potencializar-elenco\/"},"modified":"2026-04-30T14:18:37","modified_gmt":"2026-04-30T17:18:37","slug":"novo-tecnico-das-sereias-marcelo-frigerio-e-apresentado-e-fala-em-potencializar-elenco","status":"publish","type":"post","link":"https:\/\/mussicom.com\/noticias\/novo-tecnico-das-sereias-marcelo-frigerio-e-apresentado-e-fala-em-potencializar-elenco\/","title":{"rendered":"Novo t\u00e9cnico das Sereias, Marcelo Frigerio \u00e9 apresentado e fala em potencializar elenco"},"content":{"rendered":"<p> <br \/>\n<\/p>\n<div>\n<div id=\"attachment_183295\" style=\"width: 1068px\" class=\"wp-caption aligncenter\"><\/p>\n<p id=\"caption-attachment-183295\" class=\"wp-caption-text\">Marcelo Frigerio foi apresentado pelo Santos em coletiva (Cr\u00e9dito: Reinaldo Campos\/Santos FC)<\/p>\n<\/div>\n<p>Marcelo Frigerio, novo t\u00e9cnico das Sereias, foi apresentado por Thais Picarte, coordenadora de futebol feminino do Santos, em coletiva na Vila Belmiro nesta quinta-feira (30). O treinador comentou sobre a chegada no clube e ressaltou quais ser\u00e3o os primeiros passos no comando do time, dando resposta atrav\u00e9s do trabalho para ter como objetivo classificar a equipe entre as oito melhores do Brasileir\u00e3o.<\/p>\n<p>\u201c\u00c9 um desafio muito grande e prazeroso. De um orgulho muito grande poder chegar aqui no Santos e fazer parte desse clube gigante. \u00c9 trabalho. Muita dedica\u00e7\u00e3o, sou um especialista do futebol feminino e conseguimos alguns atalhos por essa experi\u00eancia. Mas \u00e9 muito trabalho, mudan\u00e7a de filosofia de treinador, as jogadoras estavam acostumadas e vem um processo. Vai entrar em outro estilo e ideia. Agora \u00e9 n\u00e3o perder tempo, ser o mais simples e objetivo poss\u00edvel dentro do tempo que temos e colocando aos poucos as minhas ideias para poder melhorar. Esse \u00e9 meu objetivo, melhorar o desempenho da equipe e isso vai chegando ao objetivo que \u00e9 estar entre os oito do Brasileiro at\u00e9 chegar a algo mais longo\u201d, afirmou.<\/p>\n<p>Com curto tempo no clube, \u2018Tchelo\u2019 foi questionado sobre a primeira impress\u00e3o que teve do grupo e elogiou a garra das atletas. Ele esteve in loco no Allianz Parque e acompanhou o empate delas com o Palmeiras sem gols, pelo Brasileiro, na \u00faltima segunda-feira (27) e foi comandar o primeiro treino ainda na quarta-feira (29).<\/p>\n<p>\u201cUma coisa que me chamou minha aten\u00e7\u00e3o \u00e9 um time aguerrido. Senti muito, um bom ambiente entre elas e profissionais. Gosto muito. Contato com as jogadoras tive s\u00f3 no primeiro treino nesta quarta e nesta sexta j\u00e1 temos jogo. N\u00e3o \u00e9 muito tempo. Mas tem coisas boas no time que vou potencializar cada vez mais e colocando minhas ideias, agregando as jogadoras adequadas para meu modelo de jogo. Se eu gosto de jogadoras velozes ou ret\u00e9m a bola por dentro, mas s\u00e3o caracter\u00edsticas que vou olhar no dia a dia. No jogo ou de fora \u00e9 uma coisa, diferente da rotina e vai identificando coisas a potencializar. Mas de in\u00edcio, essa garra e vontade, correr para atr\u00e1s e se defender. Jogadoras interessantes como da Evelin, que chama a aten\u00e7\u00e3o de todos, uma joia, tem um estilo de jogo legal. Vamos adaptando. Nesse primeiro jogo n\u00e3o d\u00e1 para fazer muita coisa. \u00c9 manter as coisas que est\u00e3o sendo trabalhadas e tentar colocar alguma nova ideia, mas sem confundir a cabe\u00e7a delas. N\u00e3o temos muito tempo\u201d, completou.<\/p>\n<p>Por fim, comentou sobre o estilo de jogo que acredita ser o ideal e ressalta a import\u00e2ncia de um time equilibrado defensivamente e ofensivamente. Marcelo falou em preservar as coisas boas e potencializando, mas aos poucos colocar as ideias pessoais em campo at\u00e9 encontrar o formato ideal.<\/p>\n<p>\u201cPrezo pelo equil\u00edbrio da equipe nas fases do jogo. Quando tiver que defender, um time compacto e quando sair, ser agressivo. Um time equilibrado e riscos calculados. Vai ter momentos que vamos ter que arriscar e prezo pelo equil\u00edbrio. O mais importante \u00e9 definir um modelo de jogo, para as jogadoras entenderem e fazerem com vontade. Na minha carreira sempre deu resultado. Gosto de um time equilibrado. Quando tem que marcar, marca de verdade e jogar tamb\u00e9m, sair com agressividade. Elas tem essa \u201cpegada\u201d, s\u00e3o concentradas e fome de fazer acontecer. Para mim \u00e9 excelente. Atalho pra mim, j\u00e1 tem o DNA de agressividade sem a bola. Poder compactar a equipe, s\u00e3o conceitos que tenho na minha cabe\u00e7a para trabalhar na equipe o modelo que quero. A princ\u00edpio, tem coisas boas para aproveitar, preservar e potencializar e o que eu quero, vamos mudando ao campo. \u00c9 muito cedo para falar\u201d, contou.<\/p>\n<p><em><strong>Leia tamb\u00e9m: <\/strong>Cuca elogia Rollheiser ap\u00f3s sequ\u00eancia como titular no Santos<\/em><\/p>\n<p><strong>VAI USAR A BASE?<\/strong><\/p>\n<p>\u201cSobre as jogadoras de base, gosto muito, acho importante. Mas agora chego num momento que tenho que ver, conhecer. Gosto muito de trazer o time de base para treinar com o time de cima para avaliar ou eu pessoalmente estar nos treinos do Sub-20. Agora n\u00e3o temos muito tempo, mas quando eu tiver adaptado gosto de ver. O que mais gosto \u00e9 de ter por exemplo a Evelin que est\u00e1 aqui. Se eu vejo uma jogadora boa, que pode estar no time de cima, vamos trazer. \u00c9 meu modo de pensar, mas tempo ao tempo para tomar atitudes, conhecer e ver\u201d<\/p>\n<p><strong>J\u00c1 MAPEIA O MERCADO?<\/strong><\/p>\n<p>\u201cSeria irrespons\u00e1vel da minha parte agora falar de mercado. Estou chegando agora, vamos ver o que temos aqui e potencializar. Depois, no momento certo, conversando com a Tha\u00eds, a\u00ed trabalharemos juntos com nossa comiss\u00e3o t\u00e9cnica. No momento oportuno vamos poder olhar para o mercado ou aquilo que o Santos pode melhorar. Ainda n\u00e3o \u00e9 momento disso. Processo mais pra frente\u201d<\/p>\n<p><strong>TER\u00c1 RETORNO DE JOGADORAS LESIONADAS?<\/strong><\/p>\n<p>\u201cAinda n\u00e3o estou totalmente integrado. Temos uma boa comiss\u00e3o e o pessoal tem cuidado com carinho disso. \u00c9 muita coisa, tenho um dia de clube. Aos poucos vamos interando e colocando a prioridade. Elas est\u00e3o em boas m\u00e3os, estou acompanhando a volta da Thaisinha e da Ingryd. Todas est\u00e3o retorno, processo de transi\u00e7\u00e3o e logo vou ter elas \u00e0 disposi\u00e7\u00e3o\u201d<\/p>\n<div id=\"attachment_183297\" style=\"width: 1035px\" class=\"wp-caption aligncenter\"><img alt=\"\" fetchpriority=\"high\" decoding=\"async\" aria-describedby=\"caption-attachment-183297\" class=\" wp-image-183297\" alt=\"\" width=\"1025\" height=\"1281\" srcset=\"https:\/\/www.diariodopeixe.com.br\/wp-content\/uploads\/2026\/04\/55240591324_a001b5af68_o-200x250.webp 200w, https:\/\/www.diariodopeixe.com.br\/wp-content\/uploads\/2026\/04\/55240591324_a001b5af68_o-240x300.webp 240w, https:\/\/www.diariodopeixe.com.br\/wp-content\/uploads\/2026\/04\/55240591324_a001b5af68_o-400x500.webp 400w, https:\/\/www.diariodopeixe.com.br\/wp-content\/uploads\/2026\/04\/55240591324_a001b5af68_o-600x750.webp 600w, https:\/\/www.diariodopeixe.com.br\/wp-content\/uploads\/2026\/04\/55240591324_a001b5af68_o-768x960.webp 768w, https:\/\/www.diariodopeixe.com.br\/wp-content\/uploads\/2026\/04\/55240591324_a001b5af68_o-800x1000.webp 800w, https:\/\/www.diariodopeixe.com.br\/wp-content\/uploads\/2026\/04\/55240591324_a001b5af68_o-819x1024.webp 819w, https:\/\/www.diariodopeixe.com.br\/wp-content\/uploads\/2026\/04\/55240591324_a001b5af68_o-1200x1500.webp 1200w, https:\/\/www.diariodopeixe.com.br\/wp-content\/uploads\/2026\/04\/55240591324_a001b5af68_o-1229x1536.webp 1229w, https:\/\/www.diariodopeixe.com.br\/wp-content\/uploads\/2026\/04\/55240591324_a001b5af68_o-1638x2048.webp 1638w\" data-lazy-sizes=\"(max-width: 1025px) 100vw, 1025px\" src=\"https:\/\/www.diariodopeixe.com.br\/wp-content\/uploads\/2026\/04\/55240591324_a001b5af68_o-240x300.webp\"\/><img alt=\"\" decoding=\"async\" aria-describedby=\"caption-attachment-183297\" class=\" wp-image-183297\" src=\"https:\/\/www.diariodopeixe.com.br\/wp-content\/uploads\/2026\/04\/55240591324_a001b5af68_o-240x300.webp\" alt=\"\" width=\"1025\" height=\"1281\" srcset=\"https:\/\/www.diariodopeixe.com.br\/wp-content\/uploads\/2026\/04\/55240591324_a001b5af68_o-200x250.webp 200w, https:\/\/www.diariodopeixe.com.br\/wp-content\/uploads\/2026\/04\/55240591324_a001b5af68_o-240x300.webp 240w, https:\/\/www.diariodopeixe.com.br\/wp-content\/uploads\/2026\/04\/55240591324_a001b5af68_o-400x500.webp 400w, https:\/\/www.diariodopeixe.com.br\/wp-content\/uploads\/2026\/04\/55240591324_a001b5af68_o-600x750.webp 600w, https:\/\/www.diariodopeixe.com.br\/wp-content\/uploads\/2026\/04\/55240591324_a001b5af68_o-768x960.webp 768w, https:\/\/www.diariodopeixe.com.br\/wp-content\/uploads\/2026\/04\/55240591324_a001b5af68_o-800x1000.webp 800w, https:\/\/www.diariodopeixe.com.br\/wp-content\/uploads\/2026\/04\/55240591324_a001b5af68_o-819x1024.webp 819w, https:\/\/www.diariodopeixe.com.br\/wp-content\/uploads\/2026\/04\/55240591324_a001b5af68_o-1200x1500.webp 1200w, https:\/\/www.diariodopeixe.com.br\/wp-content\/uploads\/2026\/04\/55240591324_a001b5af68_o-1229x1536.webp 1229w, https:\/\/www.diariodopeixe.com.br\/wp-content\/uploads\/2026\/04\/55240591324_a001b5af68_o-1638x2048.webp 1638w\" sizes=\"(max-width: 1025px) 100vw, 1025px\"\/><\/p>\n<p id=\"caption-attachment-183297\" class=\"wp-caption-text\">Frigerio aguarda a regulariza\u00e7\u00e3o no BID da CBF para estrear no comando das Sereias (Cr\u00e9dito: Reinaldo Campos\/Santos FC)<\/p>\n<\/div>\n<p><strong>TRAJET\u00d3RIA DE FRIGERIO<\/strong><\/p>\n<p>Natural de Mil\u00e3o (It\u00e1lia), o treinador tem 55 anos \u00e9 conhecido como \u2018Tchelo\u2019. Ele tem passagens por Juventus-SP, Unisant\u2019AnnaSP, S\u00e3o Bento de Sorocaba-SP, Palmeiras, S\u00e3o Caetano, Am\u00e9rica-RJ, Salto, Atl\u00e9tico OristanoIt\u00e1lia, SAADEC-SP, XV de Piracicaba-SP, Ava\u00ed\/Kindermann, S\u00e3o Paulo, 3B da Amaz\u00f4nia, Foz Cataratas, Changchun (China), Audax-SP, Gr\u00eamio, Cruzeiro e Pumas (M\u00e9xico). Tamb\u00e9m pela Sele\u00e7\u00e3o Brasileira Universit\u00e1ria e pela Sele\u00e7\u00e3o de Guin\u00e9 Equatorial.<\/p>\n<\/p><\/div>\n<p><br \/>\n<br \/>Fonte: <a href=\"https:\/\/www.diariodopeixe.com.br\/noticias\/novo-tecnico-das-sereias-marcelo-frigerio-e-apresentado-e-fala-em-potencializar-elenco\/\">Di\u00e1rio do Peixe<\/a><\/p>\n","protected":false},"excerpt":{"rendered":"<p>Marcelo Frigerio foi apresentado pelo Santos em coletiva (Cr\u00e9dito: Reinaldo Campos\/Santos FC) Marcelo Frigerio, novo t\u00e9cnico das Sereias, foi apresentado por Thais Picarte, coordenadora de futebol feminino do Santos, em coletiva na Vila Belmiro nesta quinta-feira (30). O treinador comentou sobre a chegada no clube e ressaltou quais ser\u00e3o os primeiros passos no comando do [&hellip;]<\/p>\n","protected":false},"author":5,"featured_media":76457,"comment_status":"open","ping_status":"open","sticky":false,"template":"","format":"standard","meta":{"_seopress_robots_primary_cat":"","_seopress_titles_title":"","_seopress_titles_desc":"","_seopress_robots_index":"","footnotes":""},"categories":[55],"tags":[],"class_list":["post-76456","post","type-post","status-publish","format-standard","has-post-thumbnail","hentry","category-santos-fc"],"_links":{"self":[{"href":"https:\/\/mussicom.com\/noticias\/wp-json\/wp\/v2\/posts\/76456","targetHints":{"allow":["GET"]}}],"collection":[{"href":"https:\/\/mussicom.com\/noticias\/wp-json\/wp\/v2\/posts"}],"about":[{"href":"https:\/\/mussicom.com\/noticias\/wp-json\/wp\/v2\/types\/post"}],"author":[{"embeddable":true,"href":"https:\/\/mussicom.com\/noticias\/wp-json\/wp\/v2\/users\/5"}],"replies":[{"embeddable":true,"href":"https:\/\/mussicom.com\/noticias\/wp-json\/wp\/v2\/comments?post=76456"}],"version-history":[{"count":0,"href":"https:\/\/mussicom.com\/noticias\/wp-json\/wp\/v2\/posts\/76456\/revisions"}],"wp:featuredmedia":[{"embeddable":true,"href":"https:\/\/mussicom.com\/noticias\/wp-json\/wp\/v2\/media\/76457"}],"wp:attachment":[{"href":"https:\/\/mussicom.com\/noticias\/wp-json\/wp\/v2\/media?parent=76456"}],"wp:term":[{"taxonomy":"category","embeddable":true,"href":"https:\/\/mussicom.com\/noticias\/wp-json\/wp\/v2\/categories?post=76456"},{"taxonomy":"post_tag","embeddable":true,"href":"https:\/\/mussicom.com\/noticias\/wp-json\/wp\/v2\/tags?post=76456"}],"curies":[{"name":"wp","href":"https:\/\/api.w.org\/{rel}","templated":true}]}}