{"id":76364,"date":"2026-04-30T06:03:52","date_gmt":"2026-04-30T09:03:52","guid":{"rendered":"https:\/\/mussicom.com\/noticias\/timao-vence-o-vasco-da-gama-e-soma-mais-tres-pontos-no-brasileirao-2026\/"},"modified":"2026-04-30T06:03:52","modified_gmt":"2026-04-30T09:03:52","slug":"timao-vence-o-vasco-da-gama-e-soma-mais-tres-pontos-no-brasileirao-2026","status":"publish","type":"post","link":"https:\/\/mussicom.com\/noticias\/timao-vence-o-vasco-da-gama-e-soma-mais-tres-pontos-no-brasileirao-2026\/","title":{"rendered":"Tim\u00e3o vence o Vasco da Gama e soma mais tr\u00eas pontos no Brasileir\u00e3o 2026"},"content":{"rendered":"<p> <br \/>\n<\/p>\n<div id=\"texto\">\n<p>Na tarde deste domingo (26), o Corinthians entrou em campo para mais um desafio na temporada. Pela 13\u00aa rodada do Brasileir\u00e3o 2026, o Tim\u00e3o, com o apoio de sempre da Fiel em casa, mediu for\u00e7as com o Vasco da Gama, na Neo Qu\u00edmica Arena. O Alvinegro do Parque S\u00e3o Jorge se deu melhor ap\u00f3s os 90 minutos e venceu por 1 a 0, com gol de Matheus Bidu.<\/p>\n<p>\u00a0<\/p>\n<p>O resultado positivo soma mais tr\u00eas pontos pra o Coring\u00e3o na tabela geral de classifica\u00e7\u00e3o. Com 15 na soma, a campanha corinthiana at\u00e9 aqui \u00e9 de tr\u00eas vit\u00f3rias, seis empates e quatro derrotas. \u00a0\u00a0<\/p>\n<p>\u00a0<\/p>\n<p>Ficha T\u00e9cnica<br \/>&#13;<br \/>\nCorinthians x Vasco da Gama \u2013 Neo Qu\u00edmica Arena &#8211; 26\/04\/26<\/p>\n<p>Gols: 1T: 37\u2019: Matheus Bidu.<\/p>\n<p>P\u00fablico e renda:<br \/>&#13;<br \/>\nP\u00fablico pagante: 41.977<br \/>&#13;<br \/>\nP\u00fablico Total: 42.352<br \/>&#13;<br \/>\nRenda: R$ 3.245.975,15<\/p>\n<p>Escala\u00e7\u00e3o: Kau\u00ea; Gabriel Paulista, Gustavo Henrique, Matheus Bidu, Raniele; Allan, Andr\u00e9, Breno Bidon, Garro; Vitinho e Yuri Alberto.<\/p>\n<p>Suplentes: Felipe Longo, Andr\u00e9 Ramalho, Pedro Raul, Carrillo, Pedro Milans, Matheus Pereira, Angileri, Kaio C\u00e9sar, Labyad, Dieguinho, Lingard e Alex Santana.<\/p>\n<p>Substitui\u00e7\u00f5es: 2T \u2013 17\u00b4: Lingard no lugar de Vitinho.<br \/>&#13;<br \/>\n2T \u2013 30\u2019: Carrillo no lugar de Garro.<br \/>&#13;<br \/>\n2T \u2013 42\u2019: Angileri e Matheus Pereira nos lugares de Matheus Bidu e Breno Bidon.<\/p>\n<p>Pr\u00f3ximo jogo<\/p>\n<p>O Corinthians volta a entrar em campo na pr\u00f3xima quinta-feira (30), pela CONMEBOL Libertadores. O advers\u00e1rio ser\u00e1 o Pe\u00f1arol, na Neo Qu\u00edmica Arena, pela 3\u00aa rodada da fase de grupos do torneio continental.<\/p>\n<\/p><\/div>\n<p><script async defer crossorigin=\"anonymous\" src=\"https:\/\/connect.facebook.net\/pt_BR\/sdk.js#xfbml=1&#038;version=v12.0&#038;appId=&#038;autoLogAppEvents=1\" nonce=\"ou0fI1lo\"><\/script><br \/>\n<br \/><br \/>\n<br \/>Fonte: <a href=\"https:\/\/www.bs9.com.br\/esportes\/timao-vence-o-vasco-da-gama-e-soma-mais-tres-pontos-no-brasileirao\/39146\/\">BS9<\/a><\/p>\n","protected":false},"excerpt":{"rendered":"<p>Na tarde deste domingo (26), o Corinthians entrou em campo para mais um desafio na temporada. Pela 13\u00aa rodada do Brasileir\u00e3o 2026, o Tim\u00e3o, com o apoio de sempre da Fiel em casa, mediu for\u00e7as com o Vasco da Gama, na Neo Qu\u00edmica Arena. O Alvinegro do Parque S\u00e3o Jorge se deu melhor ap\u00f3s os [&hellip;]<\/p>\n","protected":false},"author":5,"featured_media":76365,"comment_status":"open","ping_status":"open","sticky":false,"template":"","format":"standard","meta":{"_seopress_robots_primary_cat":"","_seopress_titles_title":"","_seopress_titles_desc":"","_seopress_robots_index":"","footnotes":""},"categories":[52],"tags":[],"class_list":["post-76364","post","type-post","status-publish","format-standard","has-post-thumbnail","hentry","category-santoseregiao"],"_links":{"self":[{"href":"https:\/\/mussicom.com\/noticias\/wp-json\/wp\/v2\/posts\/76364","targetHints":{"allow":["GET"]}}],"collection":[{"href":"https:\/\/mussicom.com\/noticias\/wp-json\/wp\/v2\/posts"}],"about":[{"href":"https:\/\/mussicom.com\/noticias\/wp-json\/wp\/v2\/types\/post"}],"author":[{"embeddable":true,"href":"https:\/\/mussicom.com\/noticias\/wp-json\/wp\/v2\/users\/5"}],"replies":[{"embeddable":true,"href":"https:\/\/mussicom.com\/noticias\/wp-json\/wp\/v2\/comments?post=76364"}],"version-history":[{"count":0,"href":"https:\/\/mussicom.com\/noticias\/wp-json\/wp\/v2\/posts\/76364\/revisions"}],"wp:featuredmedia":[{"embeddable":true,"href":"https:\/\/mussicom.com\/noticias\/wp-json\/wp\/v2\/media\/76365"}],"wp:attachment":[{"href":"https:\/\/mussicom.com\/noticias\/wp-json\/wp\/v2\/media?parent=76364"}],"wp:term":[{"taxonomy":"category","embeddable":true,"href":"https:\/\/mussicom.com\/noticias\/wp-json\/wp\/v2\/categories?post=76364"},{"taxonomy":"post_tag","embeddable":true,"href":"https:\/\/mussicom.com\/noticias\/wp-json\/wp\/v2\/tags?post=76364"}],"curies":[{"name":"wp","href":"https:\/\/api.w.org\/{rel}","templated":true}]}}