{"id":76360,"date":"2026-04-30T06:01:47","date_gmt":"2026-04-30T09:01:47","guid":{"rendered":"https:\/\/mussicom.com\/noticias\/ditadora-aceita-tutela-dos-eua\/"},"modified":"2026-04-30T06:01:47","modified_gmt":"2026-04-30T09:01:47","slug":"ditadora-aceita-tutela-dos-eua","status":"publish","type":"post","link":"https:\/\/mussicom.com\/noticias\/ditadora-aceita-tutela-dos-eua\/","title":{"rendered":"ditadora aceita \u201ctutela\u201d dos EUA"},"content":{"rendered":"<p> <br \/>\n<\/p>\n<div id=\"tp-post-content\">\n<p class=\"postParagraph_post-paragraph__juWZN postParagraph_post-paragraph-innerHtml__Q5vwc\">O Partido Comunista da Venezuela (PCV) acusou o regime da ditadora interina Delcy Rodr\u00edguez de aceitar \u201csem resist\u00eancia\u201d tutela dos Estados Unidos sobre o pa\u00eds.<\/p>\n<p class=\"postParagraph_post-paragraph__juWZN postParagraph_post-paragraph-innerHtml__Q5vwc\">\u201cUm governo prostrado, um governo que aceita tutela sem resist\u00eancia. Um governo que parabeniza seus opressores. Verdadeiramente, um governo vergonhoso\u201d, disse \u00d3scar Figuera, secret\u00e1rio-geral do Comit\u00ea Central do PCV, em comunicado divulgado nesta ter\u00e7a-feira (28), segundo informa\u00e7\u00f5es da ag\u00eancia EFE.<\/p>\n<p class=\"postParagraph_post-paragraph__juWZN postParagraph_post-paragraph-innerHtml__Q5vwc\">O l\u00edder partid\u00e1rio disse que o atual regime chavista est\u00e1 promovendo uma pol\u00edtica de \u201csubordina\u00e7\u00e3o e colonialismo\u201d que busca \u201cdesmobilizar o povo trabalhador e desviar a aten\u00e7\u00e3o da crise nacional\u201d.<\/p>\n<p class=\"postParagraph_post-paragraph__juWZN postParagraph_post-paragraph-innerHtml__Q5vwc\">Figuera argumentou que na Venezuela \u201cest\u00e1 sendo imposto um caminho pol\u00edtico subordinado a interesses externos\u201d, especialmente, afirmou, aqueles ligados ao governo dos Estados Unidos.<\/p>\n<p class=\"postParagraph_post-paragraph__juWZN postParagraph_post-paragraph-innerHtml__Q5vwc\">Apesar de ter apoiado o chavismo a partir da chegada de Hugo Ch\u00e1vez ao poder, em 1999, o PCV rompeu com o regime em 2017, quando a ditadura venezuelana j\u00e1 era liderada por Nicol\u00e1s Maduro.<\/p>\n<p class=\"postParagraph_post-paragraph__juWZN postParagraph_post-paragraph-innerHtml__Q5vwc\">Em agosto de 2023, o Tribunal Supremo de Justi\u00e7a (TSJ), aparelhado pelo ent\u00e3o ditador, ordenou uma interven\u00e7\u00e3o e destituiu toda a dire\u00e7\u00e3o do partido.<\/p>\n<p class=\"postParagraph_post-paragraph__juWZN postParagraph_post-paragraph-innerHtml__Q5vwc\">Rodr\u00edguez se tornou ditadora interina da Venezuela no in\u00edcio de janeiro, depois que os Estados Unidos realizaram uma opera\u00e7\u00e3o militar em Caracas que resultou na captura de Maduro e da esposa deste, Cilia Flores, para que respondessem na Justi\u00e7a federal americana a acusa\u00e7\u00f5es relacionadas a narcoterrorismo.<\/p>\n<p class=\"postParagraph_post-paragraph__juWZN postParagraph_post-paragraph-innerHtml__Q5vwc\">Desde ent\u00e3o, o regime chavista tem se aproximado dos Estados Unidos (com quem restabeleceu rela\u00e7\u00f5es diplom\u00e1ticas e fez uma parceria de longo prazo na \u00e1rea de energia) e recebido elogios do presidente americano, Donald Trump, que se recusou a apoiar a l\u00edder oposicionista Mar\u00eda Corina Machado para comandar a Venezuela, alegando que ela n\u00e3o teria o apoio necess\u00e1rio dentro do pa\u00eds.<\/p>\n<p class=\"postParagraph_post-paragraph__juWZN postParagraph_post-paragraph-innerHtml__Q5vwc\">No in\u00edcio de abril, o Escrit\u00f3rio de Controle de Ativos Estrangeiros (OFAC, na sigla em ingl\u00eas) do Departamento do Tesouro dos EUA retirou o nome de Rodr\u00edguez da sua lista de alvos de san\u00e7\u00f5es econ\u00f4micas, onde ela estava desde 2018 devido a acusa\u00e7\u00f5es de corrup\u00e7\u00e3o e viola\u00e7\u00f5es de direitos humanos.<\/p>\n<\/div>\n<p><br \/>\n<br \/>Fonte: <a href=\"https:\/\/www.gazetadopovo.com.br\/mundo\/comunistas-venezuela-acusam-ditadora-aceitar-tutela-eua-sem-resistencia\/\">Revista Oeste<\/a><\/p>\n","protected":false},"excerpt":{"rendered":"<p>O Partido Comunista da Venezuela (PCV) acusou o regime da ditadora interina Delcy Rodr\u00edguez de aceitar \u201csem resist\u00eancia\u201d tutela dos Estados Unidos sobre o pa\u00eds. \u201cUm governo prostrado, um governo que aceita tutela sem resist\u00eancia. Um governo que parabeniza seus opressores. Verdadeiramente, um governo vergonhoso\u201d, disse \u00d3scar Figuera, secret\u00e1rio-geral do Comit\u00ea Central do PCV, em [&hellip;]<\/p>\n","protected":false},"author":5,"featured_media":76361,"comment_status":"open","ping_status":"open","sticky":false,"template":"","format":"standard","meta":{"_seopress_robots_primary_cat":"","_seopress_titles_title":"","_seopress_titles_desc":"","_seopress_robots_index":"","footnotes":""},"categories":[48],"tags":[],"class_list":["post-76360","post","type-post","status-publish","format-standard","has-post-thumbnail","hentry","category-internacional"],"_links":{"self":[{"href":"https:\/\/mussicom.com\/noticias\/wp-json\/wp\/v2\/posts\/76360","targetHints":{"allow":["GET"]}}],"collection":[{"href":"https:\/\/mussicom.com\/noticias\/wp-json\/wp\/v2\/posts"}],"about":[{"href":"https:\/\/mussicom.com\/noticias\/wp-json\/wp\/v2\/types\/post"}],"author":[{"embeddable":true,"href":"https:\/\/mussicom.com\/noticias\/wp-json\/wp\/v2\/users\/5"}],"replies":[{"embeddable":true,"href":"https:\/\/mussicom.com\/noticias\/wp-json\/wp\/v2\/comments?post=76360"}],"version-history":[{"count":0,"href":"https:\/\/mussicom.com\/noticias\/wp-json\/wp\/v2\/posts\/76360\/revisions"}],"wp:featuredmedia":[{"embeddable":true,"href":"https:\/\/mussicom.com\/noticias\/wp-json\/wp\/v2\/media\/76361"}],"wp:attachment":[{"href":"https:\/\/mussicom.com\/noticias\/wp-json\/wp\/v2\/media?parent=76360"}],"wp:term":[{"taxonomy":"category","embeddable":true,"href":"https:\/\/mussicom.com\/noticias\/wp-json\/wp\/v2\/categories?post=76360"},{"taxonomy":"post_tag","embeddable":true,"href":"https:\/\/mussicom.com\/noticias\/wp-json\/wp\/v2\/tags?post=76360"}],"curies":[{"name":"wp","href":"https:\/\/api.w.org\/{rel}","templated":true}]}}