{"id":76356,"date":"2026-04-30T05:07:44","date_gmt":"2026-04-30T08:07:44","guid":{"rendered":"https:\/\/mussicom.com\/noticias\/vaga-para-messias-no-stf-nao-e-legitima-diz-senador-assista\/"},"modified":"2026-04-30T05:07:44","modified_gmt":"2026-04-30T08:07:44","slug":"vaga-para-messias-no-stf-nao-e-legitima-diz-senador-assista","status":"publish","type":"post","link":"https:\/\/mussicom.com\/noticias\/vaga-para-messias-no-stf-nao-e-legitima-diz-senador-assista\/","title":{"rendered":"Vaga para Messias no STF &#8220;n\u00e3o \u00e9 leg\u00edtima&#8221;, diz senador; assista"},"content":{"rendered":"<p> <br \/>\n<\/p>\n<div id=\"tp-post-content\">\n<p class=\"postParagraph_post-paragraph__juWZN postParagraph_post-paragraph-innerHtml__Q5vwc\">Para o senador Jorge Seif (PL-SC), a vaga no Supremo Tribunal Federal (STF) para a qual Jorge Messias foi indicado pelo presidente Luiz In\u00e1cio Lula da Silva (PT) n\u00e3o \u00e9 leg\u00edtima. A afirma\u00e7\u00e3o foi feita durante sabatina na Comiss\u00e3o de Constitui\u00e7\u00e3o e Justi\u00e7a (CCJ) do Senado nesta quarta-feira (29).<\/p>\n<p class=\"postParagraph_post-paragraph__juWZN postParagraph_post-paragraph-innerHtml__Q5vwc\">\u201cEm minha opini\u00e3o e com todo respeito aos que divergem, esta vaga \u00e0 qual o senhor concorre n\u00e3o \u00e9 leg\u00edtima. N\u00e3o se trata de sua pessoa, mas do fato de o ministro [Lu\u00eds Roberto] Barroso \u2014 aquele que afirmou ter &#8220;vencido o bolsonarismo&#8221; \u2014 ter antecipado sua sa\u00edda\u201d, disse Seif a Messias.<\/p>\n<p class=\"postParagraph_post-paragraph__juWZN postParagraph_post-paragraph-innerHtml__Q5vwc\">Seguindo o posicionamento de outros senadores, como Marcio Bittar (PL-AC) e Sergio Moro (PL-PR), Seif defendeu que a defini\u00e7\u00e3o do novo ministro acontecesse ap\u00f3s as elei\u00e7\u00f5es. \u201cVejo o movimento como uma manobra, dado que o ministro Barroso estava em final de carreira e houve essa antecipa\u00e7\u00e3o para que o senhor fosse indicado.\u201d<\/p>\n<p class=\"postParagraph_post-paragraph__juWZN postParagraph_post-paragraph-innerHtml__Q5vwc\">O senador citou ainda pesquisas indicando que a maioria dos brasileiros n\u00e3o confiam no Supremo. \u201cO momento \u00e9 inadequado para discutirmos o STF diante de tantos esc\u00e2ndalos, contratos com familiares de ministros e viagens que colocam em xeque a lisura de alguns membros\u201d, concluiu.<\/p>\n<\/div>\n<p><br \/>\n<br \/>Fonte: <a href=\"https:\/\/www.gazetadopovo.com.br\/republica\/vaga-messias-stf-nao-e-legitima-diz-senador\/\">Revista Oeste<\/a><\/p>\n","protected":false},"excerpt":{"rendered":"<p>Para o senador Jorge Seif (PL-SC), a vaga no Supremo Tribunal Federal (STF) para a qual Jorge Messias foi indicado pelo presidente Luiz In\u00e1cio Lula da Silva (PT) n\u00e3o \u00e9 leg\u00edtima. A afirma\u00e7\u00e3o foi feita durante sabatina na Comiss\u00e3o de Constitui\u00e7\u00e3o e Justi\u00e7a (CCJ) do Senado nesta quarta-feira (29). \u201cEm minha opini\u00e3o e com todo [&hellip;]<\/p>\n","protected":false},"author":5,"featured_media":76357,"comment_status":"open","ping_status":"open","sticky":false,"template":"","format":"standard","meta":{"_seopress_robots_primary_cat":"","_seopress_titles_title":"","_seopress_titles_desc":"","_seopress_robots_index":"","footnotes":""},"categories":[1],"tags":[],"class_list":["post-76356","post","type-post","status-publish","format-standard","has-post-thumbnail","hentry","category-ultimas-noticias"],"_links":{"self":[{"href":"https:\/\/mussicom.com\/noticias\/wp-json\/wp\/v2\/posts\/76356","targetHints":{"allow":["GET"]}}],"collection":[{"href":"https:\/\/mussicom.com\/noticias\/wp-json\/wp\/v2\/posts"}],"about":[{"href":"https:\/\/mussicom.com\/noticias\/wp-json\/wp\/v2\/types\/post"}],"author":[{"embeddable":true,"href":"https:\/\/mussicom.com\/noticias\/wp-json\/wp\/v2\/users\/5"}],"replies":[{"embeddable":true,"href":"https:\/\/mussicom.com\/noticias\/wp-json\/wp\/v2\/comments?post=76356"}],"version-history":[{"count":0,"href":"https:\/\/mussicom.com\/noticias\/wp-json\/wp\/v2\/posts\/76356\/revisions"}],"wp:featuredmedia":[{"embeddable":true,"href":"https:\/\/mussicom.com\/noticias\/wp-json\/wp\/v2\/media\/76357"}],"wp:attachment":[{"href":"https:\/\/mussicom.com\/noticias\/wp-json\/wp\/v2\/media?parent=76356"}],"wp:term":[{"taxonomy":"category","embeddable":true,"href":"https:\/\/mussicom.com\/noticias\/wp-json\/wp\/v2\/categories?post=76356"},{"taxonomy":"post_tag","embeddable":true,"href":"https:\/\/mussicom.com\/noticias\/wp-json\/wp\/v2\/tags?post=76356"}],"curies":[{"name":"wp","href":"https:\/\/api.w.org\/{rel}","templated":true}]}}