{"id":76296,"date":"2026-04-29T23:51:43","date_gmt":"2026-04-30T02:51:43","guid":{"rendered":"https:\/\/mussicom.com\/noticias\/quais-senadores-votaram-na-rejeicao-de-messias-ao-stf\/"},"modified":"2026-04-29T23:51:43","modified_gmt":"2026-04-30T02:51:43","slug":"quais-senadores-votaram-na-rejeicao-de-messias-ao-stf","status":"publish","type":"post","link":"https:\/\/mussicom.com\/noticias\/quais-senadores-votaram-na-rejeicao-de-messias-ao-stf\/","title":{"rendered":"Quais senadores votaram na rejei\u00e7\u00e3o de Messias ao STF"},"content":{"rendered":"<p> <br \/>\n<\/p>\n<div id=\"tp-post-content\">\n<p class=\"postParagraph_post-paragraph__juWZN postParagraph_post-paragraph-innerHtml__Q5vwc\">O Senado rejeitou nesta quarta-feira (29) a indica\u00e7\u00e3o do advogado-geral da Uni\u00e3o, Jorge Messias, ao Supremo Tribunal Federal (STF). Eram necess\u00e1rios pelo menos 41 votos para a aprova\u00e7\u00e3o, a maioria simples do plen\u00e1rio, mas Messias recebeu 34 favor\u00e1veis, 42 contr\u00e1rios e houve uma absten\u00e7\u00e3o.<\/p>\n<p class=\"postParagraph_post-paragraph__juWZN postParagraph_post-paragraph-innerHtml__Q5vwc\">A vota\u00e7\u00e3o da indica\u00e7\u00e3o de autoridades \u00e9 <strong>secreta<\/strong>. Com isso, o sistema do Senado registra apenas qual senador \u201cvotou\u201d, sem especificar se o voto foi a favor ou contra a indica\u00e7\u00e3o do AGU, e quem n\u00e3o votou ou n\u00e3o estava presente na sess\u00e3o.<\/p>\n<h2 class=\"postParagraph_post-paragraph__juWZN postParagraph_post-paragraph-innerHtml__Q5vwc postParagraph_type-tag-h2__TtFkT\">Senadores que n\u00e3o participaram da vota\u00e7\u00e3o<\/h2>\n<ul class=\"postList_post-list-container__W0E4y postList_visual-type-unordered-list__M8U7t\">\n<li class=\"postList_post-list-item__34Ck1\">Cid Gomes (PSB-CE): Em miss\u00e3o;<\/li>\n<li class=\"postList_post-list-item__34Ck1\">Astronauta Marcos Pontes (PL-SP): N\u00e3o compareceu;<\/li>\n<li class=\"postList_post-list-item__34Ck1\">Oriovisto Guimar\u00e3es (PSDB-PR): N\u00e3o compareceu;<\/li>\n<li class=\"postList_post-list-item__34Ck1\">Wilder Morais (PL-GO): N\u00e3o compareceu.<\/li>\n<\/ul>\n<p class=\"postParagraph_post-paragraph__juWZN postParagraph_post-paragraph-innerHtml__Q5vwc\">\u201cN\u00e3o votar significa votar n\u00e3o de forma aberta para todos verem!\u201d, disse o senador Marcos Pontes nas redes sociais ap\u00f3s a vota\u00e7\u00e3o.<\/p>\n<p class=\"postParagraph_post-paragraph__juWZN postParagraph_post-paragraph-innerHtml__Q5vwc\">Durante a vota\u00e7\u00e3o, o presidente do Senado, Davi Alcolumbre (Uni\u00e3o-AP), afirmou que Pontes e Wilder Morais estavam presentes na sess\u00e3o, mas decidiram n\u00e3o votar.<\/p>\n<p class=\"postParagraph_post-paragraph__juWZN postParagraph_post-paragraph-innerHtml__Q5vwc\">Oriovisto Guimar\u00e3es (PSDB), por sua vez, informou ao site <em>Plat\u00f4BR<\/em> que est\u00e1 viajando ao exterior e n\u00e3o participaria da vota\u00e7\u00e3o.<\/p>\n<h2 class=\"postParagraph_post-paragraph__juWZN postParagraph_post-paragraph-innerHtml__Q5vwc postParagraph_type-tag-h2__TtFkT\">34 x 42: Senadores que participaram da vota\u00e7\u00e3o<\/h2>\n<ul class=\"postList_post-list-container__W0E4y postList_visual-type-unordered-list__M8U7t\">\n<li class=\"postList_post-list-item__34Ck1\">Alan Rick (REPUBLICANOS-AC);<\/li>\n<li class=\"postList_post-list-item__34Ck1\">Alessandro Vieira (MDB-SE);<\/li>\n<li class=\"postList_post-list-item__34Ck1\">Ana Paula Lobato (PSB-MA);<\/li>\n<li class=\"postList_post-list-item__34Ck1\">Angelo Coronel (REPUBLICANOS-BA);<\/li>\n<li class=\"postList_post-list-item__34Ck1\">Beto Faro (PT-PA);<\/li>\n<li class=\"postList_post-list-item__34Ck1\">Camilo Santana (PT-CE);<\/li>\n<li class=\"postList_post-list-item__34Ck1\">Carlos F\u00e1varo (PSD-MT);<\/li>\n<li class=\"postList_post-list-item__34Ck1\">Carlos Portinho (PL-RJ);<\/li>\n<li class=\"postList_post-list-item__34Ck1\">Carlos Viana (PSD-MG);<\/li>\n<li class=\"postList_post-list-item__34Ck1\">Chico Rodrigues (PSB-RR);<\/li>\n<li class=\"postList_post-list-item__34Ck1\">Ciro Nogueira (PP-PI);<\/li>\n<li class=\"postList_post-list-item__34Ck1\">Cleitinho (REPUBLICANOS-MG);<\/li>\n<li class=\"postList_post-list-item__34Ck1\">Conf\u00facio Moura (MDB-RO);<\/li>\n<li class=\"postList_post-list-item__34Ck1\">Damares Alves (REPUBLICANOS-DF);<\/li>\n<li class=\"postList_post-list-item__34Ck1\">Daniella Ribeiro (PP-PB);<\/li>\n<li class=\"postList_post-list-item__34Ck1\">Davi Alcolumbre (UNI\u00c3O-AP);<\/li>\n<li class=\"postList_post-list-item__34Ck1\">Dr. Hiran (PP-RR);<\/li>\n<li class=\"postList_post-list-item__34Ck1\">Dra. Eud\u00f3cia (PSDB-AL);<\/li>\n<li class=\"postList_post-list-item__34Ck1\">Eduardo Braga (MDB-AM);<\/li>\n<li class=\"postList_post-list-item__34Ck1\">Eduardo Gir\u00e3o (NOVO-CE);<\/li>\n<li class=\"postList_post-list-item__34Ck1\">Eduardo Gomes (PL-TO);<\/li>\n<li class=\"postList_post-list-item__34Ck1\">Efraim Filho (PL-PB);<\/li>\n<li class=\"postList_post-list-item__34Ck1\">Eliziane Gama (PSD-MA);<\/li>\n<li class=\"postList_post-list-item__34Ck1\">Esperidi\u00e3o Amin (PP-SC);<\/li>\n<li class=\"postList_post-list-item__34Ck1\">Fabiano Contarato (PT-ES);<\/li>\n<li class=\"postList_post-list-item__34Ck1\">Fernando Dueire (PSD-PE);<\/li>\n<li class=\"postList_post-list-item__34Ck1\">Fl\u00e1vio Arns (PSB-PR);<\/li>\n<li class=\"postList_post-list-item__34Ck1\">Fl\u00e1vio Bolsonaro (PL-RJ);<\/li>\n<li class=\"postList_post-list-item__34Ck1\">Giordano (PODEMOS-SP);<\/li>\n<li class=\"postList_post-list-item__34Ck1\">Hamilton Mour\u00e3o (REPUBLICANOS-RS);<\/li>\n<li class=\"postList_post-list-item__34Ck1\">Humberto Costa (PT-PE);<\/li>\n<li class=\"postList_post-list-item__34Ck1\">Iraj\u00e1 (PSD-TO);<\/li>\n<li class=\"postList_post-list-item__34Ck1\">Ivete da Silveira (MDB-SC);<\/li>\n<li class=\"postList_post-list-item__34Ck1\">Izalci Lucas (PL-DF);<\/li>\n<li class=\"postList_post-list-item__34Ck1\">Jader Barbalho (MDB-PA);<\/li>\n<li class=\"postList_post-list-item__34Ck1\">Jaime Bagattoli (PL-RO);<\/li>\n<li class=\"postList_post-list-item__34Ck1\">Jaques Wagner (PT-BA);<\/li>\n<li class=\"postList_post-list-item__34Ck1\">Jayme Campos (UNI\u00c3O-MT);<\/li>\n<li class=\"postList_post-list-item__34Ck1\">Jorge Kajuru (PSB-GO);<\/li>\n<li class=\"postList_post-list-item__34Ck1\">Jorge Seif (PL-SC);<\/li>\n<li class=\"postList_post-list-item__34Ck1\">La\u00e9rcio Oliveira (PP-SE);<\/li>\n<li class=\"postList_post-list-item__34Ck1\">Leila Barros (PDT-DF);<\/li>\n<li class=\"postList_post-list-item__34Ck1\">Lucas Barreto (PSD-AP);<\/li>\n<li class=\"postList_post-list-item__34Ck1\">Luis Carlos Heinze (PP-RS);<\/li>\n<li class=\"postList_post-list-item__34Ck1\">Magno Malta (PL-ES);<\/li>\n<li class=\"postList_post-list-item__34Ck1\">Mara Gabrilli (PSD-SP);<\/li>\n<li class=\"postList_post-list-item__34Ck1\">Marcelo Castro (MDB-PI);<\/li>\n<li class=\"postList_post-list-item__34Ck1\">Marcio Bittar (PL-AC);<\/li>\n<li class=\"postList_post-list-item__34Ck1\">Marcos do Val (AVANTE-ES);<\/li>\n<li class=\"postList_post-list-item__34Ck1\">Marcos Rog\u00e9rio (PL-RO);<\/li>\n<li class=\"postList_post-list-item__34Ck1\">Nelsinho Trad (PSD-MS);<\/li>\n<li class=\"postList_post-list-item__34Ck1\">Omar Aziz (PSD-AM);<\/li>\n<li class=\"postList_post-list-item__34Ck1\">Otto Alencar (PSD-BA);<\/li>\n<li class=\"postList_post-list-item__34Ck1\">Paulo Paim (PT-RS);<\/li>\n<li class=\"postList_post-list-item__34Ck1\">Pl\u00ednio Val\u00e9rio (PSDB-AM);<\/li>\n<li class=\"postList_post-list-item__34Ck1\">Professora Dorinha Seabra (UNI\u00c3O-TO);<\/li>\n<li class=\"postList_post-list-item__34Ck1\">Randolfe Rodrigues (PT-AP);<\/li>\n<li class=\"postList_post-list-item__34Ck1\">Renan Calheiros (MDB-AL);<\/li>\n<li class=\"postList_post-list-item__34Ck1\">Renan Filho (MDB-AL);<\/li>\n<li class=\"postList_post-list-item__34Ck1\">Roberta Acioly (REPUBLICANOS-RR);<\/li>\n<li class=\"postList_post-list-item__34Ck1\">Rodrigo Pacheco (PSB-MG);<\/li>\n<li class=\"postList_post-list-item__34Ck1\">Rogerio Marinho (PL-RN);<\/li>\n<li class=\"postList_post-list-item__34Ck1\">Rog\u00e9rio Carvalho (PT-SE);<\/li>\n<li class=\"postList_post-list-item__34Ck1\">Rom\u00e1rio (PL-RJ);<\/li>\n<li class=\"postList_post-list-item__34Ck1\">Sergio Moro (PL-PR);<\/li>\n<li class=\"postList_post-list-item__34Ck1\">S\u00e9rgio Petec\u00e3o (PSD-AC);<\/li>\n<li class=\"postList_post-list-item__34Ck1\">Soraya Thronicke (PSB-MS);<\/li>\n<li class=\"postList_post-list-item__34Ck1\">Styvenson Valentim (PODEMOS-RN);<\/li>\n<li class=\"postList_post-list-item__34Ck1\">Teresa Leit\u00e3o (PT-PE);<\/li>\n<li class=\"postList_post-list-item__34Ck1\">Tereza Cristina (PP-MS);<\/li>\n<li class=\"postList_post-list-item__34Ck1\">Vanderlan Cardoso (PSD-GO);<\/li>\n<li class=\"postList_post-list-item__34Ck1\">Veneziano Vital do R\u00eago (MDB-PB);<\/li>\n<li class=\"postList_post-list-item__34Ck1\">Wellington Dias (PT-PI);<\/li>\n<li class=\"postList_post-list-item__34Ck1\">Wellington Fagundes (PL-MT);<\/li>\n<li class=\"postList_post-list-item__34Ck1\">Weverton (PDT-MA);<\/li>\n<li class=\"postList_post-list-item__34Ck1\">Zenaide Maia (PSD-RN);<\/li>\n<li class=\"postList_post-list-item__34Ck1\">Zequinha Marinho (PODEMOS-PA);<\/li>\n<\/ul>\n<\/div>\n<p><br \/>\n<br \/>Fonte: <a href=\"https:\/\/www.gazetadopovo.com.br\/republica\/quais-senadores-participaram-da-votacao-que-barrou-indicacao-de-messias-ao-stf\/\">Revista Oeste<\/a><\/p>\n","protected":false},"excerpt":{"rendered":"<p>O Senado rejeitou nesta quarta-feira (29) a indica\u00e7\u00e3o do advogado-geral da Uni\u00e3o, Jorge Messias, ao Supremo Tribunal Federal (STF). Eram necess\u00e1rios pelo menos 41 votos para a aprova\u00e7\u00e3o, a maioria simples do plen\u00e1rio, mas Messias recebeu 34 favor\u00e1veis, 42 contr\u00e1rios e houve uma absten\u00e7\u00e3o. A vota\u00e7\u00e3o da indica\u00e7\u00e3o de autoridades \u00e9 secreta. Com isso, o [&hellip;]<\/p>\n","protected":false},"author":5,"featured_media":76297,"comment_status":"open","ping_status":"open","sticky":false,"template":"","format":"standard","meta":{"_seopress_robots_primary_cat":"","_seopress_titles_title":"","_seopress_titles_desc":"","_seopress_robots_index":"","footnotes":""},"categories":[1],"tags":[],"class_list":["post-76296","post","type-post","status-publish","format-standard","has-post-thumbnail","hentry","category-ultimas-noticias"],"_links":{"self":[{"href":"https:\/\/mussicom.com\/noticias\/wp-json\/wp\/v2\/posts\/76296","targetHints":{"allow":["GET"]}}],"collection":[{"href":"https:\/\/mussicom.com\/noticias\/wp-json\/wp\/v2\/posts"}],"about":[{"href":"https:\/\/mussicom.com\/noticias\/wp-json\/wp\/v2\/types\/post"}],"author":[{"embeddable":true,"href":"https:\/\/mussicom.com\/noticias\/wp-json\/wp\/v2\/users\/5"}],"replies":[{"embeddable":true,"href":"https:\/\/mussicom.com\/noticias\/wp-json\/wp\/v2\/comments?post=76296"}],"version-history":[{"count":0,"href":"https:\/\/mussicom.com\/noticias\/wp-json\/wp\/v2\/posts\/76296\/revisions"}],"wp:featuredmedia":[{"embeddable":true,"href":"https:\/\/mussicom.com\/noticias\/wp-json\/wp\/v2\/media\/76297"}],"wp:attachment":[{"href":"https:\/\/mussicom.com\/noticias\/wp-json\/wp\/v2\/media?parent=76296"}],"wp:term":[{"taxonomy":"category","embeddable":true,"href":"https:\/\/mussicom.com\/noticias\/wp-json\/wp\/v2\/categories?post=76296"},{"taxonomy":"post_tag","embeddable":true,"href":"https:\/\/mussicom.com\/noticias\/wp-json\/wp\/v2\/tags?post=76296"}],"curies":[{"name":"wp","href":"https:\/\/api.w.org\/{rel}","templated":true}]}}