{"id":7628,"date":"2025-03-24T20:53:18","date_gmt":"2025-03-24T23:53:18","guid":{"rendered":"https:\/\/mussicom.com\/novo-premie-do-canada-quer-ter-conversa-ampla-com-os-eua\/"},"modified":"2025-03-24T20:53:18","modified_gmt":"2025-03-24T23:53:18","slug":"novo-premie-do-canada-quer-ter-conversa-ampla-com-os-eua","status":"publish","type":"post","link":"https:\/\/mussicom.com\/noticias\/novo-premie-do-canada-quer-ter-conversa-ampla-com-os-eua\/","title":{"rendered":"Novo premi\u00ea do Canad\u00e1 quer ter conversa \u201campla\u201d com os EUA"},"content":{"rendered":"<p> <br \/>\n<\/p>\n<div><\/p>\n<div>Novo premi\u00ea do Canad\u00e1, Mark Carney, quer di\u00e1logo com EUA sobre economia e seguran\u00e7a ap\u00f3s medidas de Donald Trump<\/div>\n<\/div>\n<p><br \/>\n<br \/>Fonte: <a href=\"https:\/\/www.gazetadopovo.com.br\/mundo\/novo-premie-do-canada-quer-ter-conversa-ampla-com-os-eua\/\">Revista Oeste<\/a><\/p>\n","protected":false},"excerpt":{"rendered":"<p>Novo premi\u00ea do Canad\u00e1, Mark Carney, quer di\u00e1logo com EUA sobre economia e seguran\u00e7a ap\u00f3s medidas de Donald Trump Fonte: Revista Oeste<\/p>\n","protected":false},"author":5,"featured_media":7629,"comment_status":"open","ping_status":"open","sticky":false,"template":"","format":"standard","meta":{"_seopress_robots_primary_cat":"","_seopress_titles_title":"","_seopress_titles_desc":"","_seopress_robots_index":"","footnotes":""},"categories":[1],"tags":[],"class_list":["post-7628","post","type-post","status-publish","format-standard","has-post-thumbnail","hentry","category-ultimas-noticias"],"_links":{"self":[{"href":"https:\/\/mussicom.com\/noticias\/wp-json\/wp\/v2\/posts\/7628","targetHints":{"allow":["GET"]}}],"collection":[{"href":"https:\/\/mussicom.com\/noticias\/wp-json\/wp\/v2\/posts"}],"about":[{"href":"https:\/\/mussicom.com\/noticias\/wp-json\/wp\/v2\/types\/post"}],"author":[{"embeddable":true,"href":"https:\/\/mussicom.com\/noticias\/wp-json\/wp\/v2\/users\/5"}],"replies":[{"embeddable":true,"href":"https:\/\/mussicom.com\/noticias\/wp-json\/wp\/v2\/comments?post=7628"}],"version-history":[{"count":0,"href":"https:\/\/mussicom.com\/noticias\/wp-json\/wp\/v2\/posts\/7628\/revisions"}],"wp:featuredmedia":[{"embeddable":true,"href":"https:\/\/mussicom.com\/noticias\/wp-json\/wp\/v2\/media\/7629"}],"wp:attachment":[{"href":"https:\/\/mussicom.com\/noticias\/wp-json\/wp\/v2\/media?parent=7628"}],"wp:term":[{"taxonomy":"category","embeddable":true,"href":"https:\/\/mussicom.com\/noticias\/wp-json\/wp\/v2\/categories?post=7628"},{"taxonomy":"post_tag","embeddable":true,"href":"https:\/\/mussicom.com\/noticias\/wp-json\/wp\/v2\/tags?post=7628"}],"curies":[{"name":"wp","href":"https:\/\/api.w.org\/{rel}","templated":true}]}}