{"id":76266,"date":"2026-04-29T20:56:01","date_gmt":"2026-04-29T23:56:01","guid":{"rendered":"https:\/\/mussicom.com\/noticias\/messias-e-a-primeira-rejeicao-de-um-indicado-ao-stf-desde-1894\/"},"modified":"2026-04-29T20:56:01","modified_gmt":"2026-04-29T23:56:01","slug":"messias-e-a-primeira-rejeicao-de-um-indicado-ao-stf-desde-1894","status":"publish","type":"post","link":"https:\/\/mussicom.com\/noticias\/messias-e-a-primeira-rejeicao-de-um-indicado-ao-stf-desde-1894\/","title":{"rendered":"Messias \u00e9 a primeira rejei\u00e7\u00e3o de um indicado ao STF desde 1894"},"content":{"rendered":"<p> <br \/>\n<\/p>\n<div id=\"tp-post-content\">\n<p class=\"postParagraph_post-paragraph__juWZN postParagraph_post-paragraph-innerHtml__Q5vwc\">A indica\u00e7\u00e3o do advogado-geral da Uni\u00e3o, Jorge Messias, para ocupar a vaga de ministro deixada no Supremo Tribunal Federal (STF) por Lu\u00eds Roberto Barroso foi rejeitada pelo plen\u00e1rio do Senado nesta quarta-feira (29), em uma derrota hist\u00f3rica para o governo do presidente Lula (PT). Messias recebeu 34 votos favor\u00e1veis e 42 contr\u00e1rios &#8211; eram necess\u00e1rios no m\u00ednimo 41 votos entre os 81 senadores.<\/p>\n<p class=\"postParagraph_post-paragraph__juWZN postParagraph_post-paragraph-innerHtml__Q5vwc\">Com o resultado, Messias entra para a hist\u00f3ria como o sexto indicado ao STF a ser barrado pelo Senado e o primeiro desde a Constitui\u00e7\u00e3o de 1988. Em 135 anos de exist\u00eancia da Corte, apenas cinco nomes haviam sido recusados pelos senadores, todos em 1894, durante o governo do marechal Floriano Peixoto. Todas as outras 29 indica\u00e7\u00f5es feitas pelos presidentes ap\u00f3s a Constitui\u00e7\u00e3o de 1988 haviam sido aprovadas no Senado at\u00e9 a rejei\u00e7\u00e3o de Messias &#8211; a 30\u00aa indica\u00e7\u00e3o &#8211; nesta quarta.<\/p>\n<h2 class=\"postParagraph_post-paragraph__juWZN postParagraph_post-paragraph-innerHtml__Q5vwc postParagraph_type-tag-h2__TtFkT\">As cinco rejei\u00e7\u00f5es de 1894<\/h2>\n<p class=\"postParagraph_post-paragraph__juWZN postParagraph_post-paragraph-innerHtml__Q5vwc\">A rejei\u00e7\u00e3o mais emblem\u00e1tica de uma indica\u00e7\u00e3o \u00e0 Corte Suprema foi a do m\u00e9dico e abolicionista C\u00e2ndido Barata Ribeiro, ex-prefeito do Rio de Janeiro (\u00e0 \u00e9poca, capital do Brasil). Indicado pelo ent\u00e3o presidente Floriano Peixoto em 1893, ele chegou a atuar como ministro do STF por cerca de dez meses &#8211; naquele per\u00edodo, os escolhidos podiam assumir o cargo antes da vota\u00e7\u00e3o no Senado. Em setembro de 1894, em sess\u00e3o secreta, os senadores negaram a aprova\u00e7\u00e3o sob o argumento de falta de &#8220;not\u00e1vel saber&#8221;, crit\u00e9rio exigido pela Constitui\u00e7\u00e3o de 1891. Pesou contra ele a aus\u00eancia de forma\u00e7\u00e3o jur\u00eddica.<\/p>\n<p class=\"postParagraph_post-paragraph__juWZN postParagraph_post-paragraph-innerHtml__Q5vwc\"><strong>Depois de Barata Ribeiro, outros quatro nomes indicados por Floriano tamb\u00e9m foram barrados:<\/strong><\/p>\n<ul class=\"postList_post-list-container__W0E4y postList_visual-type-unordered-list__M8U7t\">\n<li class=\"postList_post-list-item__34Ck1\"><span><strong>Demosthenes da Silveira Lobo<\/strong>, diretor-geral dos Correios, tamb\u00e9m sem diploma em Direito.<\/span><\/li>\n<li class=\"postList_post-list-item__34Ck1\"><span><strong>Inoc\u00eancio Galv\u00e3o de Queiroz<\/strong>, general formado em Direito, mas com trajet\u00f3ria predominantemente militar;<\/span><\/li>\n<li class=\"postList_post-list-item__34Ck1\"><span><strong>Ewerton Quadros<\/strong>, general que havia atuado de forma decisiva no fim da Revolu\u00e7\u00e3o Federalista, sem forma\u00e7\u00e3o jur\u00eddica;<\/span><\/li>\n<li class=\"postList_post-list-item__34Ck1\"><span><strong>Ant\u00f4nio S\u00e8ve Navarro<\/strong>, subprocurador da Rep\u00fablica, formado em Direito, mas considerado sem o &#8220;not\u00e1vel saber jur\u00eddico&#8221; exigido para o cargo.<\/span><\/li>\n<\/ul>\n<\/div>\n<p><br \/>\n<br \/>Fonte: <a href=\"https:\/\/www.gazetadopovo.com.br\/republica\/messias-e-a-primeira-rejeicao-de-um-indicado-ao-stf-desde-1894\/\">Revista Oeste<\/a><\/p>\n","protected":false},"excerpt":{"rendered":"<p>A indica\u00e7\u00e3o do advogado-geral da Uni\u00e3o, Jorge Messias, para ocupar a vaga de ministro deixada no Supremo Tribunal Federal (STF) por Lu\u00eds Roberto Barroso foi rejeitada pelo plen\u00e1rio do Senado nesta quarta-feira (29), em uma derrota hist\u00f3rica para o governo do presidente Lula (PT). Messias recebeu 34 votos favor\u00e1veis e 42 contr\u00e1rios &#8211; eram necess\u00e1rios [&hellip;]<\/p>\n","protected":false},"author":5,"featured_media":76267,"comment_status":"open","ping_status":"open","sticky":false,"template":"","format":"standard","meta":{"_seopress_robots_primary_cat":"","_seopress_titles_title":"","_seopress_titles_desc":"","_seopress_robots_index":"","footnotes":""},"categories":[1],"tags":[],"class_list":["post-76266","post","type-post","status-publish","format-standard","has-post-thumbnail","hentry","category-ultimas-noticias"],"_links":{"self":[{"href":"https:\/\/mussicom.com\/noticias\/wp-json\/wp\/v2\/posts\/76266","targetHints":{"allow":["GET"]}}],"collection":[{"href":"https:\/\/mussicom.com\/noticias\/wp-json\/wp\/v2\/posts"}],"about":[{"href":"https:\/\/mussicom.com\/noticias\/wp-json\/wp\/v2\/types\/post"}],"author":[{"embeddable":true,"href":"https:\/\/mussicom.com\/noticias\/wp-json\/wp\/v2\/users\/5"}],"replies":[{"embeddable":true,"href":"https:\/\/mussicom.com\/noticias\/wp-json\/wp\/v2\/comments?post=76266"}],"version-history":[{"count":0,"href":"https:\/\/mussicom.com\/noticias\/wp-json\/wp\/v2\/posts\/76266\/revisions"}],"wp:featuredmedia":[{"embeddable":true,"href":"https:\/\/mussicom.com\/noticias\/wp-json\/wp\/v2\/media\/76267"}],"wp:attachment":[{"href":"https:\/\/mussicom.com\/noticias\/wp-json\/wp\/v2\/media?parent=76266"}],"wp:term":[{"taxonomy":"category","embeddable":true,"href":"https:\/\/mussicom.com\/noticias\/wp-json\/wp\/v2\/categories?post=76266"},{"taxonomy":"post_tag","embeddable":true,"href":"https:\/\/mussicom.com\/noticias\/wp-json\/wp\/v2\/tags?post=76266"}],"curies":[{"name":"wp","href":"https:\/\/api.w.org\/{rel}","templated":true}]}}