{"id":7624,"date":"2025-03-24T20:27:14","date_gmt":"2025-03-24T23:27:14","guid":{"rendered":"https:\/\/mussicom.com\/decisao-do-stf-mobiliza-redes-sociais-em-favor-de-cabeleireira\/"},"modified":"2025-03-24T20:27:14","modified_gmt":"2025-03-24T23:27:14","slug":"decisao-do-stf-mobiliza-redes-sociais-em-favor-de-cabeleireira","status":"publish","type":"post","link":"https:\/\/mussicom.com\/noticias\/decisao-do-stf-mobiliza-redes-sociais-em-favor-de-cabeleireira\/","title":{"rendered":"Decis\u00e3o do STF mobiliza redes sociais em favor de cabeleireira"},"content":{"rendered":"<p> <br \/>\n<\/p>\n<div id=\"hd80s9wa1h892edh8192\">\n<p>A decis\u00e3o do ministro do <strong>Supremo Tribunal Federal (STF) Alexandre de Moraes<\/strong>, de condenar a 14 anos de pris\u00e3o a cabeleireira D\u00e9bora dos Santos, provocou rea\u00e7\u00e3o nas redes sociais. Neste domingo, 23, v\u00e1rios perfis come\u00e7aram a publicar a <em>hashtag<\/em> <strong>#TodasSomosDebora<\/strong>, <strong>em apoio \u00e0 manifestante presa durante os protestos de 8 de janeiro de 2023<\/strong>.<\/p>\n<p>A campanha pede aos seguidores dos perfis que postem principalmente uma imagem pr\u00f3pria segurando um batom na m\u00e3o. A ideia \u00e9 em protesto ao julgamento no STF, pelo qual D\u00e9bora recebeu pena por escrever, com o uso de um batom, a express\u00e3o \u201cPerdeu, man\u00e9\u201d, na est\u00e1tua da Justi\u00e7a.\u00a0<\/p>\n<h2 class=\"wp-block-heading\"><strong>Vereadora cobra equil\u00edbrio do STF<\/strong><\/h2>\n<p>Um dos perfis que divulgam a campanha \u00e9 o da vereadora de Porto Alegre Comandante Nadia (PL). Em sua mensagem, a parlamentar n\u00e3o s\u00f3 pede o apoio \u00e0 cabeleireira, mas, principalmente, que a sociedade cobre da justi\u00e7a a aplica\u00e7\u00e3o de \u201cpesos e medidas compat\u00edveis com cada crime realizado\u201d.<\/p>\n<blockquote class=\"instagram-media\" data-instgrm-captioned=\"\" data-instgrm-permalink=\"https:\/\/www.instagram.com\/reel\/DHjzZ1uuQKx\/?utm_source=ig_embed&amp;utm_campaign=loading\" data-instgrm-version=\"14\" style=\" background:#FFF; border:0; border-radius:3px; box-shadow:0 0 1px 0 rgba(0,0,0,0.5),0 1px 10px 0 rgba(0,0,0,0.15); margin: 1px; max-width:540px; min-width:326px; padding:0; width:99.375%; width:-webkit-calc(100% - 2px); width:calc(100% - 2px);\"\/>\n<p>Na descri\u00e7\u00e3o do v\u00eddeo que est\u00e1 no Instagram, a vereadora, que tem 64,5 mil seguidores, escreve e pergunta: \u201cEnquanto criminosos perigosos est\u00e3o soltos, uma m\u00e3e de duas crian\u00e7as recebe este tratamento. Essa \u00e9 a \u2018justi\u00e7a\u2019 que querem impor?\u201d. No Twitter\/X, a mesma campanha circula na p\u00e1gina da influenciadora Iara Perez, que tem 62,5 mil seguidores.<\/p>\n<figure class=\"wp-block-embed is-type-video is-provider-youtube wp-block-embed-youtube wp-embed-aspect-16-9 wp-has-aspect-ratio\">\n<div class=\"wp-block-embed__wrapper\">\n<div class=\"perfmatters-lazy-youtube\" data-src=\"https:\/\/www.youtube.com\/embed\/X61B5BiVJP4\" data-id=\"X61B5BiVJP4\" data-query=\"feature=oembed\" onclick=\"perfmattersLazyLoadYouTube(this);\">\n<div><img fetchpriority=\"high\" decoding=\"async\" src=\"https:\/\/i.ytimg.com\/vi\/X61B5BiVJP4\/hqdefault.jpg\" alt=\"YouTube video\" width=\"480\" height=\"360\" data-pin-nopin=\"true\" nopin=\"nopin\"\/><\/div>\n<\/div>\n<p><noscript><iframe title=\"&#039;Presa do batom&#039;: Moraes vota e pede 14 anos de pris\u00e3o para cabeleireira D\u00e9bora dos Santos\" width=\"800\" height=\"450\" src=\"https:\/\/www.youtube.com\/embed\/X61B5BiVJP4?feature=oembed\" frameborder=\"0\" allow=\"accelerometer; autoplay; clipboard-write; encrypted-media; gyroscope; picture-in-picture; web-share\" referrerpolicy=\"strict-origin-when-cross-origin\" allowfullscreen><\/iframe><\/noscript>\n<\/div>\n<\/figure>\n<p>O perfil exibe uma foto com v\u00e1rias mulheres segurando, cada uma delas, um batom. Uma das pessoas que aderiu \u00e0 campanha ironiza a decis\u00e3o do STF e escreve: \u201cEm breve, essa arma perigosamente destruidora ser\u00e1 proibida. \u00c9 um total absurdo, \u00e9 coisa de psicopata\u201d.<\/p>\n<figure class=\"wp-block-embed is-type-rich is-provider-twitter wp-block-embed-twitter\"\/>\n<p>Nesta \u00faltima sexta-feira, 21, o <strong>ministro-relator Alexandre de Moraes<\/strong> divulgou seu voto. Ele condenou D\u00e9bora a 14 anos de cadeia, sendo 12 anos e seis meses em regime fechado. Determinou, da mesma forma, pagamento de multa de R$ 30 milh\u00f5es, com quita\u00e7\u00e3o solid\u00e1ria com outros r\u00e9us.<\/p>\n<p>+ <strong>Leia mais not\u00edcias de Pol\u00edtica na Oeste<\/strong><\/p>\n<\/p><\/div>\n<p><script async src=\"\/\/www.instagram.com\/embed.js\"><\/script><br \/>\n<br \/><br \/>\n<br \/>Fonte: <a href=\"https:\/\/revistaoeste.com\/politica\/decisao-do-stf-mobiliza-internet-em-favor-da-cabeleireira-debora\/\">Ag\u00eancia Brasil<\/a><\/p>\n","protected":false},"excerpt":{"rendered":"<p>A decis\u00e3o do ministro do Supremo Tribunal Federal (STF) Alexandre de Moraes, de condenar a 14 anos de pris\u00e3o a cabeleireira D\u00e9bora dos Santos, provocou rea\u00e7\u00e3o nas redes sociais. Neste domingo, 23, v\u00e1rios perfis come\u00e7aram a publicar a hashtag #TodasSomosDebora, em apoio \u00e0 manifestante presa durante os protestos de 8 de janeiro de 2023. A [&hellip;]<\/p>\n","protected":false},"author":5,"featured_media":7625,"comment_status":"open","ping_status":"open","sticky":false,"template":"","format":"standard","meta":{"_seopress_robots_primary_cat":"","_seopress_titles_title":"","_seopress_titles_desc":"","_seopress_robots_index":"","footnotes":""},"categories":[47,1],"tags":[],"class_list":["post-7624","post","type-post","status-publish","format-standard","has-post-thumbnail","hentry","category-politica","category-ultimas-noticias"],"_links":{"self":[{"href":"https:\/\/mussicom.com\/noticias\/wp-json\/wp\/v2\/posts\/7624","targetHints":{"allow":["GET"]}}],"collection":[{"href":"https:\/\/mussicom.com\/noticias\/wp-json\/wp\/v2\/posts"}],"about":[{"href":"https:\/\/mussicom.com\/noticias\/wp-json\/wp\/v2\/types\/post"}],"author":[{"embeddable":true,"href":"https:\/\/mussicom.com\/noticias\/wp-json\/wp\/v2\/users\/5"}],"replies":[{"embeddable":true,"href":"https:\/\/mussicom.com\/noticias\/wp-json\/wp\/v2\/comments?post=7624"}],"version-history":[{"count":0,"href":"https:\/\/mussicom.com\/noticias\/wp-json\/wp\/v2\/posts\/7624\/revisions"}],"wp:featuredmedia":[{"embeddable":true,"href":"https:\/\/mussicom.com\/noticias\/wp-json\/wp\/v2\/media\/7625"}],"wp:attachment":[{"href":"https:\/\/mussicom.com\/noticias\/wp-json\/wp\/v2\/media?parent=7624"}],"wp:term":[{"taxonomy":"category","embeddable":true,"href":"https:\/\/mussicom.com\/noticias\/wp-json\/wp\/v2\/categories?post=7624"},{"taxonomy":"post_tag","embeddable":true,"href":"https:\/\/mussicom.com\/noticias\/wp-json\/wp\/v2\/tags?post=7624"}],"curies":[{"name":"wp","href":"https:\/\/api.w.org\/{rel}","templated":true}]}}