{"id":76210,"date":"2026-04-29T17:45:43","date_gmt":"2026-04-29T20:45:43","guid":{"rendered":"https:\/\/mussicom.com\/noticias\/veja-os-principais-pontos-na-ccj\/"},"modified":"2026-04-29T17:45:43","modified_gmt":"2026-04-29T20:45:43","slug":"veja-os-principais-pontos-na-ccj","status":"publish","type":"post","link":"https:\/\/mussicom.com\/noticias\/veja-os-principais-pontos-na-ccj\/","title":{"rendered":"veja os principais pontos na CCJ"},"content":{"rendered":"<p> <br \/>\n<\/p>\n<div id=\"tp-post-content\">\n<p class=\"postParagraph_post-paragraph__juWZN postParagraph_post-paragraph-innerHtml__Q5vwc\">Nesta quarta-feira (29), Jorge Messias, indicado ao STF, foi sabatinado pela CCJ do Senado. Em seu discurso, o advogado-geral da Uni\u00e3o buscou reduzir resist\u00eancias da oposi\u00e7\u00e3o ao destacar sua f\u00e9 evang\u00e9lica, defender a autoconten\u00e7\u00e3o judicial e elogiar a lideran\u00e7a de parlamentares.<\/p>\n<h2 class=\"postParagraph_post-paragraph__juWZN postParagraph_post-paragraph-innerHtml__Q5vwc postParagraph_type-tag-h2__TtFkT\">Qual foi o tom religioso adotado por Jorge Messias durante a sess\u00e3o?<\/h2>\n<p class=\"postParagraph_post-paragraph__juWZN postParagraph_post-paragraph-innerHtml__Q5vwc\">Desde os cumprimentos iniciais, Messias enfatizou sua identidade religiosa. Ele se definiu como um &#8216;servo de Deus&#8217; e destacou vir de uma fam\u00edlia evang\u00e9lica h\u00e1 40 anos. O indicado usou cita\u00e7\u00f5es b\u00edblicas para falar sobre pacifica\u00e7\u00e3o entre os Poderes, tentando suavizar cr\u00edticas de parlamentares que o veem como mais ligado ao petismo do que aos valores religiosos.<\/p>\n<h2 class=\"postParagraph_post-paragraph__juWZN postParagraph_post-paragraph-innerHtml__Q5vwc postParagraph_type-tag-h2__TtFkT\">Como o indicado avaliou a atua\u00e7\u00e3o atual do Supremo Tribunal Federal?<\/h2>\n<p class=\"postParagraph_post-paragraph__juWZN postParagraph_post-paragraph-innerHtml__Q5vwc\">Messias reconheceu que a hist\u00f3ria da Corte \u00e9 feita de &#8216;erros e acertos&#8217;. Ele prop\u00f4s o que chamou de &#8216;recalibragens&#8217; institucionais, defendendo que o tribunal precisa se manter aberto a aperfei\u00e7oamentos para recuperar a confian\u00e7a da popula\u00e7\u00e3o. Segundo ele, ajustes de rota n\u00e3o demonstram fraqueza, mas fortalecem o Judici\u00e1rio.<\/p>\n<h2 class=\"postParagraph_post-paragraph__juWZN postParagraph_post-paragraph-innerHtml__Q5vwc postParagraph_type-tag-h2__TtFkT\">O que ele pensa sobre o chamado &#8216;ativismo judicial&#8217;?<\/h2>\n<p class=\"postParagraph_post-paragraph__juWZN postParagraph_post-paragraph-innerHtml__Q5vwc\">O indicado defendeu o equil\u00edbrio e a autoconten\u00e7\u00e3o. Para Messias, o juiz n\u00e3o deve interferir em processos internos do Legislativo ou atuar de forma expansionista. Ele argumentou que as regras devem proteger a sociedade contra o voluntarismo dos ju\u00edzes, ou seja, evitar que magistrados decidam com base em vontades pr\u00f3prias em vez de seguir estritamente o que diz a lei.<\/p>\n<h2 class=\"postParagraph_post-paragraph__juWZN postParagraph_post-paragraph-innerHtml__Q5vwc postParagraph_type-tag-h2__TtFkT\">Qual a posi\u00e7\u00e3o de Messias sobre decis\u00f5es individuais de ministros?<\/h2>\n<p class=\"postParagraph_post-paragraph__juWZN postParagraph_post-paragraph-innerHtml__Q5vwc\">Ele criticou o excesso de protagonismo individual. Messias afirmou que, quanto mais um ministro decide sozinho (as chamadas decis\u00f5es monocr\u00e1ticas), menor se torna a dimens\u00e3o institucional do STF. Nesse ponto, ele elogiou o senador Rodrigo Pacheco por conduzir discuss\u00f5es para reformar essas regras e limitar pedidos de vista que travam julgamentos.<\/p>\n<h2 class=\"postParagraph_post-paragraph__juWZN postParagraph_post-paragraph-innerHtml__Q5vwc postParagraph_type-tag-h2__TtFkT\">Como ele abordou os processos de defesa da democracia?<\/h2>\n<p class=\"postParagraph_post-paragraph__juWZN postParagraph_post-paragraph-innerHtml__Q5vwc\">Embora tenha defendido a prote\u00e7\u00e3o da ordem constitucional, o indicado afirmou que isso s\u00f3 \u00e9 leg\u00edtimo quando respeita os limites do Estado de Direito. Ele declarou que o devido processo legal \u00e9 essencial para evitar o que chamou de &#8216;linchamento moral&#8217; e afirmou que um processo penal justo deve equilibrar a puni\u00e7\u00e3o estatal com a prote\u00e7\u00e3o dos direitos do cidad\u00e3o.<\/p>\n<p class=\"postParagraph_post-paragraph__juWZN postParagraph_post-paragraph-innerHtml__Q5vwc\"><i>Conte\u00fado produzido a partir de informa\u00e7\u00f5es apuradas pela equipe de rep\u00f3rteres da Gazeta do Povo. Para acessar a informa\u00e7\u00e3o na \u00edntegra e se aprofundar sobre o tema leia a reportagem abaixo.<\/i><\/p>\n<div class=\"postViewMore_post-view-more-container___5wai\" data-mrf-recirculation=\"Post - Veja tamb\u00e9m\">\n<p class=\"gp-styles-module-size-small-afeYRa gp-styles-module-font-family2-afeYRa gp-styles-module-color-secondary-afeYRa gp-styles-module-weight-bold-afeYRa\">VEJA TAMB\u00c9M:<\/p>\n<ul class=\"postViewMore_post-view-more-list__CU_CE\">\n<li class=\"postViewMore_post-view-more-item__2MzRb\"><span class=\"postViewMore_post-view-more-link-icon___stPC\"><svg xmlns=\"http:\/\/www.w3.org\/2000\/svg\" width=\"16\" height=\"16\" viewbox=\"0 0 16 16\"><rect width=\"16\" height=\"16\" fill=\"none\"\/><g transform=\"translate(3 3)\"><path d=\"M22.5,15l3.4,3.4-3.4,3.4\" transform=\"translate(-15.896 -11.793)\" fill=\"none\" stroke=\"#717171\" stroke-linecap=\"round\" stroke-width=\"1.4\"\/><path d=\"M6,6v4.2a2.452,2.452,0,0,0,2.5,2.4H16\" transform=\"translate(-6 -6)\" fill=\"none\" stroke=\"#717171\" stroke-linecap=\"round\" stroke-width=\"1.4\"\/><\/g><\/svg><\/span><span class=\"postViewMore_post-view-more-link-text__hO_kM\">De cita\u00e7\u00e3o b\u00edblica a elogio a Alcolumbre: como Messias se apresentou na sabatina do Senado<\/span><\/li>\n<\/ul>\n<\/div>\n<\/div>\n<p><br \/>\n<br \/>Fonte: <a href=\"https:\/\/www.gazetadopovo.com.br\/republica\/como-jorge-messias-se-posicionou-na-sabatina-do-senado-para-o-cargo-no-stf\/\">Revista Oeste<\/a><\/p>\n","protected":false},"excerpt":{"rendered":"<p>Nesta quarta-feira (29), Jorge Messias, indicado ao STF, foi sabatinado pela CCJ do Senado. Em seu discurso, o advogado-geral da Uni\u00e3o buscou reduzir resist\u00eancias da oposi\u00e7\u00e3o ao destacar sua f\u00e9 evang\u00e9lica, defender a autoconten\u00e7\u00e3o judicial e elogiar a lideran\u00e7a de parlamentares. Qual foi o tom religioso adotado por Jorge Messias durante a sess\u00e3o? Desde os [&hellip;]<\/p>\n","protected":false},"author":5,"featured_media":76211,"comment_status":"open","ping_status":"open","sticky":false,"template":"","format":"standard","meta":{"_seopress_robots_primary_cat":"","_seopress_titles_title":"","_seopress_titles_desc":"","_seopress_robots_index":"","footnotes":""},"categories":[1],"tags":[],"class_list":["post-76210","post","type-post","status-publish","format-standard","has-post-thumbnail","hentry","category-ultimas-noticias"],"_links":{"self":[{"href":"https:\/\/mussicom.com\/noticias\/wp-json\/wp\/v2\/posts\/76210","targetHints":{"allow":["GET"]}}],"collection":[{"href":"https:\/\/mussicom.com\/noticias\/wp-json\/wp\/v2\/posts"}],"about":[{"href":"https:\/\/mussicom.com\/noticias\/wp-json\/wp\/v2\/types\/post"}],"author":[{"embeddable":true,"href":"https:\/\/mussicom.com\/noticias\/wp-json\/wp\/v2\/users\/5"}],"replies":[{"embeddable":true,"href":"https:\/\/mussicom.com\/noticias\/wp-json\/wp\/v2\/comments?post=76210"}],"version-history":[{"count":0,"href":"https:\/\/mussicom.com\/noticias\/wp-json\/wp\/v2\/posts\/76210\/revisions"}],"wp:featuredmedia":[{"embeddable":true,"href":"https:\/\/mussicom.com\/noticias\/wp-json\/wp\/v2\/media\/76211"}],"wp:attachment":[{"href":"https:\/\/mussicom.com\/noticias\/wp-json\/wp\/v2\/media?parent=76210"}],"wp:term":[{"taxonomy":"category","embeddable":true,"href":"https:\/\/mussicom.com\/noticias\/wp-json\/wp\/v2\/categories?post=76210"},{"taxonomy":"post_tag","embeddable":true,"href":"https:\/\/mussicom.com\/noticias\/wp-json\/wp\/v2\/tags?post=76210"}],"curies":[{"name":"wp","href":"https:\/\/api.w.org\/{rel}","templated":true}]}}