{"id":76192,"date":"2026-04-29T15:50:53","date_gmt":"2026-04-29T18:50:53","guid":{"rendered":"https:\/\/mussicom.com\/noticias\/caetano-veloso-nunca-pegou-em-arma-so-em-violao-diz-senador\/"},"modified":"2026-04-29T15:50:53","modified_gmt":"2026-04-29T18:50:53","slug":"caetano-veloso-nunca-pegou-em-arma-so-em-violao-diz-senador","status":"publish","type":"post","link":"https:\/\/mussicom.com\/noticias\/caetano-veloso-nunca-pegou-em-arma-so-em-violao-diz-senador\/","title":{"rendered":"\u201cCaetano Veloso nunca pegou em arma, s\u00f3 em viol\u00e3o\u201d, diz senador"},"content":{"rendered":"<p> <br \/>\n<\/p>\n<div id=\"tp-post-content\">\n<p class=\"postParagraph_post-paragraph__juWZN postParagraph_post-paragraph-innerHtml__Q5vwc\">At\u00e9 o cantor Caetano Veloso virou tema de discuss\u00e3o durante a sabatina de Jorge Messias na Comiss\u00e3o de Constitui\u00e7\u00e3o e Justi\u00e7a (CCJ) do Senado. A refer\u00eancia ocorreu durante fala do senador Marcio Bittar (PL-AC), que abordava a condena\u00e7\u00e3o dos envolvidos nos atos de 8 de janeiro.<\/p>\n<p class=\"postParagraph_post-paragraph__juWZN postParagraph_post-paragraph-innerHtml__Q5vwc\">Bittar citava pessoas que discursam a favor dos direitos humanos, mas s\u00e3o contr\u00e1rios \u00e0 anistia de pessoas que n\u00e3o pegaram em armas na suposta tentativa de golpe de Estado condenada pelo Supremo Tribunal Federal (STF). \u201cEssas mesmas pessoas que encenam esse discurso de direitos humanos s\u00e3o aquelas que foram beneficiadas por uma anistia.\u201d<\/p>\n<p class=\"postParagraph_post-paragraph__juWZN postParagraph_post-paragraph-innerHtml__Q5vwc\">\u201cAt\u00e9 o Caetano Veloso em um momento de lucidez admitiu isso. N\u00e3o lutavam pela democracia, lutavam pela implanta\u00e7\u00e3o da ditadura do proletariado. Em nome disso pegaram arma, foram para a guerrilha urbana e rural, mataram pessoas, fizeram justi\u00e7amento e todas foram perdoadas\u201d, afirmou.<\/p>\n<p class=\"postParagraph_post-paragraph__juWZN postParagraph_post-paragraph-innerHtml__Q5vwc\">Em seguida, o presidente da CCJ, senador Otto Alencar (PSD-BA), fez a observa\u00e7\u00e3o: \u201cCaetano Veloso nunca pegou em arma, s\u00f3 pegou a vida inteira em viol\u00e3o.\u201d<\/p>\n<\/div>\n<p><br \/>\n<br \/>Fonte: <a href=\"https:\/\/www.gazetadopovo.com.br\/republica\/caetano-veloso-arma-violao-sabatina\/\">Revista Oeste<\/a><\/p>\n","protected":false},"excerpt":{"rendered":"<p>At\u00e9 o cantor Caetano Veloso virou tema de discuss\u00e3o durante a sabatina de Jorge Messias na Comiss\u00e3o de Constitui\u00e7\u00e3o e Justi\u00e7a (CCJ) do Senado. A refer\u00eancia ocorreu durante fala do senador Marcio Bittar (PL-AC), que abordava a condena\u00e7\u00e3o dos envolvidos nos atos de 8 de janeiro. Bittar citava pessoas que discursam a favor dos direitos [&hellip;]<\/p>\n","protected":false},"author":5,"featured_media":76193,"comment_status":"open","ping_status":"open","sticky":false,"template":"","format":"standard","meta":{"_seopress_robots_primary_cat":"","_seopress_titles_title":"","_seopress_titles_desc":"","_seopress_robots_index":"","footnotes":""},"categories":[1],"tags":[],"class_list":["post-76192","post","type-post","status-publish","format-standard","has-post-thumbnail","hentry","category-ultimas-noticias"],"_links":{"self":[{"href":"https:\/\/mussicom.com\/noticias\/wp-json\/wp\/v2\/posts\/76192","targetHints":{"allow":["GET"]}}],"collection":[{"href":"https:\/\/mussicom.com\/noticias\/wp-json\/wp\/v2\/posts"}],"about":[{"href":"https:\/\/mussicom.com\/noticias\/wp-json\/wp\/v2\/types\/post"}],"author":[{"embeddable":true,"href":"https:\/\/mussicom.com\/noticias\/wp-json\/wp\/v2\/users\/5"}],"replies":[{"embeddable":true,"href":"https:\/\/mussicom.com\/noticias\/wp-json\/wp\/v2\/comments?post=76192"}],"version-history":[{"count":0,"href":"https:\/\/mussicom.com\/noticias\/wp-json\/wp\/v2\/posts\/76192\/revisions"}],"wp:featuredmedia":[{"embeddable":true,"href":"https:\/\/mussicom.com\/noticias\/wp-json\/wp\/v2\/media\/76193"}],"wp:attachment":[{"href":"https:\/\/mussicom.com\/noticias\/wp-json\/wp\/v2\/media?parent=76192"}],"wp:term":[{"taxonomy":"category","embeddable":true,"href":"https:\/\/mussicom.com\/noticias\/wp-json\/wp\/v2\/categories?post=76192"},{"taxonomy":"post_tag","embeddable":true,"href":"https:\/\/mussicom.com\/noticias\/wp-json\/wp\/v2\/tags?post=76192"}],"curies":[{"name":"wp","href":"https:\/\/api.w.org\/{rel}","templated":true}]}}