{"id":76158,"date":"2026-04-29T13:43:45","date_gmt":"2026-04-29T16:43:45","guid":{"rendered":"https:\/\/mussicom.com\/noticias\/russia-fara-parada-da-vitoria-sem-exibir-armamentos\/"},"modified":"2026-04-29T13:43:45","modified_gmt":"2026-04-29T16:43:45","slug":"russia-fara-parada-da-vitoria-sem-exibir-armamentos","status":"publish","type":"post","link":"https:\/\/mussicom.com\/noticias\/russia-fara-parada-da-vitoria-sem-exibir-armamentos\/","title":{"rendered":"R\u00fassia far\u00e1 Parada da Vit\u00f3ria sem exibir armamentos"},"content":{"rendered":"<p> <br \/>\n<\/p>\n<div id=\"tp-post-content\">\n<p class=\"postParagraph_post-paragraph__juWZN postParagraph_post-paragraph-innerHtml__Q5vwc\">Temendo o que chamou de \u201camea\u00e7a terrorista\u201d da Ucr\u00e2nia, a ditadura da R\u00fassia n\u00e3o exibir\u00e1 armamento militar no desfile do Dia da Vit\u00f3ria, que ser\u00e1 realizado em 9 de maio.<\/p>\n<p class=\"postParagraph_post-paragraph__juWZN postParagraph_post-paragraph-innerHtml__Q5vwc\">Ser\u00e1 a primeira vez desde 2007 que a Parada da Vit\u00f3ria, que marca o anivers\u00e1rio do fim da Segunda Guerra Mundial na Europa, em 1945, ocorrer\u00e1 sem a presen\u00e7a de tanques, pe\u00e7as de artilharia e m\u00edsseis.<\/p>\n<p class=\"postParagraph_post-paragraph__juWZN postParagraph_post-paragraph-innerHtml__Q5vwc\">De acordo com a ag\u00eancia France-Presse (AFP), o Minist\u00e9rio da Defesa da R\u00fassia disse em comunicado divulgado na ter\u00e7a-feira (28) que a decis\u00e3o de n\u00e3o exibir armamento militar durante o desfile foi tomada \u201cdevido \u00e0 atual situa\u00e7\u00e3o operacional\u201d.<\/p>\n<p class=\"postParagraph_post-paragraph__juWZN postParagraph_post-paragraph-innerHtml__Q5vwc\">Entretanto, a pasta informou que o desfile ter\u00e1 representantes de todos os ramos das For\u00e7as Armadas, v\u00eddeos mostrando militares \u201cexecutando tarefas na zona da opera\u00e7\u00e3o militar especial [como o Kremlin chama a invas\u00e3o \u00e0 Ucr\u00e2nia]\u201d e uma demonstra\u00e7\u00e3o a\u00e9rea.<\/p>\n<p class=\"postParagraph_post-paragraph__juWZN postParagraph_post-paragraph-innerHtml__Q5vwc\">\u201cNo \u00e2mbito da amea\u00e7a terrorista, logicamente, tomam-se todos os tipos de medidas para minimizar os riscos\u201d, disse nesta quarta-feira (29) o porta-voz do Kremlin, Dmitri Peskov, em sua entrevista coletiva di\u00e1ria por telefone, segundo informa\u00e7\u00f5es da ag\u00eancia EFE. \u201cO regime de Kiev, que a cada dia perde terreno no campo de batalha, agora se envolveu plenamente na atividade terrorista.\u201d<\/p>\n<p class=\"postParagraph_post-paragraph__juWZN postParagraph_post-paragraph-innerHtml__Q5vwc\">O uso intenso de drones pela Ucr\u00e2nia tem gerado danos significativos \u00e0 R\u00fassia na guerra. Uma reportagem de mar\u00e7o da ag\u00eancia Reuters relatou que 40% da capacidade de exporta\u00e7\u00e3o de petr\u00f3leo russo foi paralisada devido a ataques ucranianos \u00e0 sua infraestrutura do setor e \u00e0 apreens\u00e3o de petroleiros.<\/p>\n<p class=\"postParagraph_post-paragraph__juWZN postParagraph_post-paragraph-innerHtml__Q5vwc\">Segundo um relat\u00f3rio do think tank Centro de Estudos Estrat\u00e9gicos e Internacionais (CSIS, na sigla em ingl\u00eas), at\u00e9 o final de janeiro, as for\u00e7as russas haviam sofrido aproximadamente 1,2 milh\u00e3o de baixas (entre mortos, feridos e desaparecidos) na guerra na Ucr\u00e2nia, das quais 325 mil foram mortes.<\/p>\n<p class=\"postParagraph_post-paragraph__juWZN postParagraph_post-paragraph-innerHtml__Q5vwc\">\u201cNenhuma grande pot\u00eancia militar chegou perto de sofrer um n\u00famero t\u00e3o grande de baixas ou mortes em qualquer conflito desde a Segunda Guerra Mundial\u201d, destacou o CSIS.<\/p>\n<p class=\"postParagraph_post-paragraph__juWZN postParagraph_post-paragraph-innerHtml__Q5vwc\">Este m\u00eas, o secret\u00e1rio da Defesa do Reino Unido, John Healey, citando dados fornecidos pela Ucr\u00e2nia, disse que 96% das baixas russas s\u00e3o causadas por drones ucranianos na linha de frente.<\/p>\n<\/div>\n<p><br \/>\n<br \/>Fonte: <a href=\"https:\/\/www.gazetadopovo.com.br\/mundo\/russia-fara-parada-vitoria-sem-exibir-armamentos\/\">Revista Oeste<\/a><\/p>\n","protected":false},"excerpt":{"rendered":"<p>Temendo o que chamou de \u201camea\u00e7a terrorista\u201d da Ucr\u00e2nia, a ditadura da R\u00fassia n\u00e3o exibir\u00e1 armamento militar no desfile do Dia da Vit\u00f3ria, que ser\u00e1 realizado em 9 de maio. Ser\u00e1 a primeira vez desde 2007 que a Parada da Vit\u00f3ria, que marca o anivers\u00e1rio do fim da Segunda Guerra Mundial na Europa, em 1945, [&hellip;]<\/p>\n","protected":false},"author":5,"featured_media":76159,"comment_status":"open","ping_status":"open","sticky":false,"template":"","format":"standard","meta":{"_seopress_robots_primary_cat":"","_seopress_titles_title":"","_seopress_titles_desc":"","_seopress_robots_index":"","footnotes":""},"categories":[48],"tags":[],"class_list":["post-76158","post","type-post","status-publish","format-standard","has-post-thumbnail","hentry","category-internacional"],"_links":{"self":[{"href":"https:\/\/mussicom.com\/noticias\/wp-json\/wp\/v2\/posts\/76158","targetHints":{"allow":["GET"]}}],"collection":[{"href":"https:\/\/mussicom.com\/noticias\/wp-json\/wp\/v2\/posts"}],"about":[{"href":"https:\/\/mussicom.com\/noticias\/wp-json\/wp\/v2\/types\/post"}],"author":[{"embeddable":true,"href":"https:\/\/mussicom.com\/noticias\/wp-json\/wp\/v2\/users\/5"}],"replies":[{"embeddable":true,"href":"https:\/\/mussicom.com\/noticias\/wp-json\/wp\/v2\/comments?post=76158"}],"version-history":[{"count":0,"href":"https:\/\/mussicom.com\/noticias\/wp-json\/wp\/v2\/posts\/76158\/revisions"}],"wp:featuredmedia":[{"embeddable":true,"href":"https:\/\/mussicom.com\/noticias\/wp-json\/wp\/v2\/media\/76159"}],"wp:attachment":[{"href":"https:\/\/mussicom.com\/noticias\/wp-json\/wp\/v2\/media?parent=76158"}],"wp:term":[{"taxonomy":"category","embeddable":true,"href":"https:\/\/mussicom.com\/noticias\/wp-json\/wp\/v2\/categories?post=76158"},{"taxonomy":"post_tag","embeddable":true,"href":"https:\/\/mussicom.com\/noticias\/wp-json\/wp\/v2\/tags?post=76158"}],"curies":[{"name":"wp","href":"https:\/\/api.w.org\/{rel}","templated":true}]}}