{"id":7610,"date":"2025-03-24T19:05:08","date_gmt":"2025-03-24T22:05:08","guid":{"rendered":"https:\/\/mussicom.com\/diretor-de-sem-chao-esta-desaparecido-apos-ataque-de-colonos-e-acao-de-soldados-israelenses-diz-colega\/"},"modified":"2025-03-24T19:05:08","modified_gmt":"2025-03-24T22:05:08","slug":"diretor-de-sem-chao-esta-desaparecido-apos-ataque-de-colonos-e-acao-de-soldados-israelenses-diz-colega","status":"publish","type":"post","link":"https:\/\/mussicom.com\/noticias\/diretor-de-sem-chao-esta-desaparecido-apos-ataque-de-colonos-e-acao-de-soldados-israelenses-diz-colega\/","title":{"rendered":"Diretor de Sem Ch\u00e3o est\u00e1 desaparecido ap\u00f3s ataque de colonos e a\u00e7\u00e3o de soldados israelenses, diz colega"},"content":{"rendered":"<p> <br \/>\n<\/p>\n<div>\n<p class=\"\" data-end=\"718\" data-start=\"359\">O cineasta palestino <strong data-end=\"397\" data-start=\"380\">Hamdan Ballal<\/strong>, codiretor do document\u00e1rio <strong><em data-end=\"435\" data-start=\"425\">Sem Ch\u00e3o<\/em><\/strong> (<strong><em data-end=\"452\" data-start=\"437\">No Other Land<\/em><\/strong>), est\u00e1 desaparecido ap\u00f3s supostamente ter sido espancado por colonos israelenses e levado por soldados durante o atendimento m\u00e9dico. A informa\u00e7\u00e3o foi divulgada nesta segunda-feira (24), nas redes sociais do jornalista e tamb\u00e9m codiretor do filme, <strong data-end=\"717\" data-start=\"700\">Yuval Abraham<\/strong>.<\/p>\n<p class=\"\" data-end=\"954\" data-start=\"720\">Segundo o relato, Ballal foi atacado por um grupo de colonos, sofreu ferimentos na cabe\u00e7a e no est\u00f4mago e, ao solicitar uma ambul\u00e2ncia, teve o ve\u00edculo interceptado por militares israelenses, que o levaram para um destino desconhecido.<\/p>\n<blockquote class=\"twitter-tweet\">\n<p dir=\"ltr\" lang=\"en\">A group of settlers just lynched Hamdan Ballal, co director of our film no other land. They beat him and he has injuries in his head and stomach, bleeding. Soldiers invaded the ambulance he called, and took him. No sign of him since.<\/p>\n<p>&#13;<br \/>\n\u2014 Yuval Abraham \u05d9\u05d5\u05d1\u05dc \u05d0\u05d1\u05e8\u05d4\u05dd (@yuval_abraham) <a href=\"https:\/\/twitter.com\/yuval_abraham\/status\/1904235552620339365?ref_src=twsrc%5Etfw\">March 24, 2025<\/a><\/p><\/blockquote>\n<blockquote class=\"citacao\" data-end=\"1239\" data-start=\"956\">\n<p class=\"\" data-end=\"1239\" data-start=\"958\"><strong data-end=\"1222\" data-start=\"958\">\u201cUm grupo de colonos acaba de linchar Hamdan Ballal, codiretor do nosso filme <em data-end=\"1048\" data-start=\"1038\">Sem Ch\u00e3o<\/em>. Eles o espancaram e ele est\u00e1 com ferimentos na cabe\u00e7a e no est\u00f4mago, sangrando. Soldados invadiram a ambul\u00e2ncia que ele chamou e o levaram. N\u00e3o h\u00e1 sinal dele desde ent\u00e3o\u201d<\/strong>, escreveu Yuval.<\/p>\n<\/blockquote>\n<p class=\"\" data-end=\"1541\" data-start=\"1241\">Al\u00e9m do relato, Yuval publicou um v\u00eddeo em que supostos colonos atacam ativistas no vilarejo onde vive Ballal. Outros relatos ouvidos pelo jornal <em data-end=\"1396\" data-start=\"1387\">Haaretz<\/em> indicam que entre dez e vinte colonos mascarados participaram do ataque, usando pedras e galhos, quebrando vidros de carros e furando pneus.<\/p>\n<blockquote class=\"twitter-tweet\" data-media-max-width=\"560\">\n<p dir=\"ltr\" lang=\"en\">The group of armed KKK-like masked settlers that lynched No Other Land director Hamdan Ballal (still missing), caught here on camera. <a href=\"https:\/\/t.co\/kFGFxSEanY\">pic.twitter.com\/kFGFxSEanY<\/a><\/p>\n<p>&#13;<br \/>\n\u2014 Yuval Abraham \u05d9\u05d5\u05d1\u05dc \u05d0\u05d1\u05e8\u05d4\u05dd (@yuval_abraham) <a href=\"https:\/\/twitter.com\/yuval_abraham\/status\/1904267468589126037?ref_src=twsrc%5Etfw\">March 24, 2025<\/a><\/p><\/blockquote>\n<p class=\"\" data-end=\"1708\" data-start=\"1543\">O cineasta <strong data-end=\"1568\" data-start=\"1554\">Basel Adra<\/strong>, tamb\u00e9m envolvido na produ\u00e7\u00e3o do filme, publicou uma imagem da casa de Ballal, manchada de sangue, ao lado do filho de sete anos do colega:<\/p>\n<blockquote class=\"citacao\" data-end=\"1856\" data-start=\"1710\">\n<p class=\"\" data-end=\"1856\" data-start=\"1712\"><strong data-end=\"1846\" data-start=\"1712\">\u201cEstou de p\u00e9 com Karam, o filho de 7 anos de Hamdan, perto do sangue de Hamdan em sua casa. \u00c9 assim que eles apagam Masafer Yatta\u201d<\/strong>, afirmou.<\/p>\n<\/blockquote>\n<h2 class=\"\" data-end=\"1882\" data-start=\"1858\">Document\u00e1rio premiado<\/h2>\n<p class=\"\" data-end=\"2280\" data-start=\"1884\">Lan\u00e7ado em 2024, <em data-end=\"1911\" data-start=\"1901\">Sem Ch\u00e3o<\/em> acompanha a destrui\u00e7\u00e3o de casas palestinas e as tentativas de deslocamento for\u00e7ado na regi\u00e3o de Masafer Yatta, na Cisjord\u00e2nia, entre os anos de 2019 e 2023. O filme foi codirigido por <strong data-end=\"2125\" data-start=\"2108\">Hamdan Ballal<\/strong>, <strong data-end=\"2144\" data-start=\"2127\">Yuval Abraham<\/strong>, <strong data-end=\"2160\" data-start=\"2146\">Basel Adra<\/strong> e <strong data-end=\"2178\" data-start=\"2163\">Rachel Szor<\/strong>, e venceu o <em>Oscar de Melhor Document\u00e1rio em 2025,<\/em> al\u00e9m de dois pr\u00eamios no <strong data-end=\"2279\" data-start=\"2257\">Festival de Berlim<\/strong>.<\/p>\n<p class=\"\" data-end=\"2610\" data-start=\"2282\">Durante o discurso de agradecimento em Berlim, Yuval denunciou a \u201csitua\u00e7\u00e3o de apartheid\u201d em Gaza e pediu um cessar-fogo, o que gerou cr\u00edticas na m\u00eddia alem\u00e3 e amea\u00e7as de morte contra o cineasta. Posteriormente, o filme foi alvo de censura na Fl\u00f3rida (EUA), ap\u00f3s o prefeito de Miami amea\u00e7ar fechar um cinema que o exibiu.<\/p>\n<p class=\"\" data-end=\"2741\" data-start=\"2612\">O document\u00e1rio segue em cartaz em algumas salas brasileiras e est\u00e1 previsto para chegar ao streaming Filmelier+ em abril.<\/p>\n<\/div>\n<p><script async src=\"\/\/platform.twitter.com\/widgets.js\" charset=\"utf-8\"><\/script><br \/>\n<br \/><br \/>\n<br \/>Fonte: <a href=\"https:\/\/rollingstone.com.br\/diversos\/codiretor-de-sem-chao-estaria-desaparecido-apos-ataque-de-colonos-e-intervencao-de-soldados-israelenses\/\">rollingstone.com.br<\/a><\/p>\n","protected":false},"excerpt":{"rendered":"<p>O cineasta palestino Hamdan Ballal, codiretor do document\u00e1rio Sem Ch\u00e3o (No Other Land), est\u00e1 desaparecido ap\u00f3s supostamente ter sido espancado por colonos israelenses e levado por soldados durante o atendimento m\u00e9dico. A informa\u00e7\u00e3o foi divulgada nesta segunda-feira (24), nas redes sociais do jornalista e tamb\u00e9m codiretor do filme, Yuval Abraham. Segundo o relato, Ballal foi [&hellip;]<\/p>\n","protected":false},"author":5,"featured_media":7611,"comment_status":"open","ping_status":"open","sticky":false,"template":"","format":"standard","meta":{"_seopress_robots_primary_cat":"","_seopress_titles_title":"","_seopress_titles_desc":"","_seopress_robots_index":"","footnotes":""},"categories":[51],"tags":[],"class_list":["post-7610","post","type-post","status-publish","format-standard","has-post-thumbnail","hentry","category-musica"],"_links":{"self":[{"href":"https:\/\/mussicom.com\/noticias\/wp-json\/wp\/v2\/posts\/7610","targetHints":{"allow":["GET"]}}],"collection":[{"href":"https:\/\/mussicom.com\/noticias\/wp-json\/wp\/v2\/posts"}],"about":[{"href":"https:\/\/mussicom.com\/noticias\/wp-json\/wp\/v2\/types\/post"}],"author":[{"embeddable":true,"href":"https:\/\/mussicom.com\/noticias\/wp-json\/wp\/v2\/users\/5"}],"replies":[{"embeddable":true,"href":"https:\/\/mussicom.com\/noticias\/wp-json\/wp\/v2\/comments?post=7610"}],"version-history":[{"count":0,"href":"https:\/\/mussicom.com\/noticias\/wp-json\/wp\/v2\/posts\/7610\/revisions"}],"wp:featuredmedia":[{"embeddable":true,"href":"https:\/\/mussicom.com\/noticias\/wp-json\/wp\/v2\/media\/7611"}],"wp:attachment":[{"href":"https:\/\/mussicom.com\/noticias\/wp-json\/wp\/v2\/media?parent=7610"}],"wp:term":[{"taxonomy":"category","embeddable":true,"href":"https:\/\/mussicom.com\/noticias\/wp-json\/wp\/v2\/categories?post=7610"},{"taxonomy":"post_tag","embeddable":true,"href":"https:\/\/mussicom.com\/noticias\/wp-json\/wp\/v2\/tags?post=7610"}],"curies":[{"name":"wp","href":"https:\/\/api.w.org\/{rel}","templated":true}]}}