{"id":7604,"date":"2025-03-24T18:25:03","date_gmt":"2025-03-24T21:25:03","guid":{"rendered":"https:\/\/mussicom.com\/efeito-contrario-as-pretensoes-do-stf\/"},"modified":"2025-03-24T18:25:03","modified_gmt":"2025-03-24T21:25:03","slug":"efeito-contrario-as-pretensoes-do-stf","status":"publish","type":"post","link":"https:\/\/mussicom.com\/noticias\/efeito-contrario-as-pretensoes-do-stf\/","title":{"rendered":"efeito contr\u00e1rio \u00e0s pretens\u00f5es do STF"},"content":{"rendered":"<p> <br \/>\n<\/p>\n<div id=\"hd80s9wa1h892edh8192\">\n<p>O esfor\u00e7o e a determina\u00e7\u00e3o do <strong>Supremo Tribunal Federal (STF)<\/strong> em condenar r\u00e9us envolvidos nas manifesta\u00e7\u00f5es de 8 de janeiro de 2023, em Bras\u00edlia, podem ter um efeito contr\u00e1rio \u00e0s inten\u00e7\u00f5es da Corte. Essa \u00e9 a vis\u00e3o de diversos parlamentares que fazem oposi\u00e7\u00e3o ao governo Lula da Silva.<\/p>\n<p>Para deputados e senadores, a condu\u00e7\u00e3o dos processos e seus consequentes julgamentos t\u00eam o claro interesse em transferir principalmente para a direita o passivo pol\u00edtico dos atos de depreda\u00e7\u00e3o ao patrim\u00f4nio na Pra\u00e7a dos Tr\u00eas Poderes. O emblem\u00e1tico caso da cabeleireira <strong>D\u00e9bora dos Santos<\/strong>, contudo, pode ser o combust\u00edvel capaz de frear o \u00edmpeto dos ministros do STF.<\/p>\n<h2 class=\"wp-block-heading\"><strong>Caso de cabeleireira \u00e9 exemplo de exagero<\/strong><\/h2>\n<p>Conforme reportagem da <em>Revista Veja<\/em>, \u201cdez entre dez deputados e senadores de partidos de oposi\u00e7\u00e3o citam de forma espont\u00e2nea a pris\u00e3o da cabeleireira D\u00e9bora Rodrigues dos Santos como exemplo do exagero na aplica\u00e7\u00e3o das penas aos envolvidos nos ataques\u201d.<\/p>\n<p>Nesta \u00faltima sexta-feira, 21, o <strong>ministro-relator Alexandre de Moraes<\/strong> divulgou seu voto, condenando desse modo D\u00e9bora a 14 anos de cadeia, sendo 12 anos e seis meses em regime fechado, al\u00e9m do pagamento de multa de R$ 30 milh\u00f5es, a serem quitados de forma solid\u00e1ria com outros r\u00e9us.<\/p>\n<figure class=\"wp-block-embed is-type-video is-provider-youtube wp-block-embed-youtube wp-embed-aspect-16-9 wp-has-aspect-ratio\">\n<div class=\"wp-block-embed__wrapper\">\n<div class=\"perfmatters-lazy-youtube\" data-src=\"https:\/\/www.youtube.com\/embed\/X61B5BiVJP4\" data-id=\"X61B5BiVJP4\" data-query=\"feature=oembed\" onclick=\"perfmattersLazyLoadYouTube(this);\">\n<div><img fetchpriority=\"high\" decoding=\"async\" src=\"https:\/\/i.ytimg.com\/vi\/X61B5BiVJP4\/hqdefault.jpg\" alt=\"YouTube video\" width=\"480\" height=\"360\" data-pin-nopin=\"true\" nopin=\"nopin\"\/><\/div>\n<\/div>\n<p><noscript><iframe title=\"&#039;Presa do batom&#039;: Moraes vota e pede 14 anos de pris\u00e3o para cabeleireira D\u00e9bora dos Santos\" width=\"800\" height=\"450\" src=\"https:\/\/www.youtube.com\/embed\/X61B5BiVJP4?feature=oembed\" frameborder=\"0\" allow=\"accelerometer; autoplay; clipboard-write; encrypted-media; gyroscope; picture-in-picture; web-share\" referrerpolicy=\"strict-origin-when-cross-origin\" allowfullscreen><\/iframe><\/noscript>\n<\/div>\n<\/figure>\n<p>M\u00e3e de duas crian\u00e7as, a cabeleireira est\u00e1 presa preventivamente h\u00e1 dois anos. Durante os protestos em 2023, ela pichou com batom a est\u00e1tua da Justi\u00e7a com a express\u00e3o \u201cperdeu, man\u00e9\u201d. A frase foi uma alus\u00e3o aos dizeres do ministro Lu\u00eds Roberto Barroso, quando perguntado, em uma viagem a Nova York, sobre o contestado processo eleitoral que resultou na elei\u00e7\u00e3o de Lula, em 2022.\u00a0<\/p>\n<p>Conforme a oposi\u00e7\u00e3o, a pena de D\u00e9bora \u00e9 motivo de preocupa\u00e7\u00e3o. \u201c\u00c9 um caso emblem\u00e1tico da grande injusti\u00e7a. N\u00e3o tem nem dano ao patrim\u00f4nio p\u00fablico. \u00c9 s\u00f3 lavar com \u00e1gua e sab\u00e3o, mas ela [D\u00e9bora] \u00e9 acusada de tentar dar um golpe de Estado com batom\u201d, diz o senador Fl\u00e1vio Bolsonaro (PL-RJ).\u00a0<\/p>\n<h2 class=\"wp-block-heading\"><strong>\u201cTemos \u00f3rf\u00e3os de pais vivos\u201d, diz deputado<\/strong><\/h2>\n<p>O senador Izalci Lucas (PL-DF) afirma. \u201cN\u00e3o tem l\u00f3gica aplicar 17 anos de pris\u00e3o para uma pessoa que escreveu com batom na est\u00e1tua\u201d. O deputado Pastor Marcos Feliciano (PL-SP) diz que D\u00e9bora pode pegar uma pena maior que a de um assassino. \u201cEstas condena\u00e7\u00f5es est\u00e3o fora da curva. Tem alguma coisa ruim acontecendo neste pa\u00eds. A balan\u00e7a n\u00e3o est\u00e1 bem\u201d.\u00a0<\/p>\n<p>O deputado H\u00e9lio Lopes (PL-RJ) diz que mais de 300 parlamentares ir\u00e3o votar a favor da anistia, em fun\u00e7\u00e3o de pris\u00f5es como a de D\u00e9bora. \u201cUma pessoa que escreveu uma frase com um batom n\u00e3o pode tomar uma puni\u00e7\u00e3o como essa. Temos \u00f3rf\u00e3os de pais vivos, que n\u00e3o est\u00e3o tendo contato com seus pais, pais presos, condenados injustamente\u201d.<\/p>\n<p>+ <strong>Leia mais not\u00edcias de Pol\u00edtica na Oeste\u00a0<\/strong><\/p>\n<\/p><\/div>\n<p><br \/>\n<br \/>Fonte: <a href=\"https:\/\/revistaoeste.com\/politica\/injustica-contra-cabeleireira-deve-causar-efeito-contrario-as-pretensoes-do-stf-dizem-parlamentares\/\">Ag\u00eancia Brasil<\/a><\/p>\n","protected":false},"excerpt":{"rendered":"<p>O esfor\u00e7o e a determina\u00e7\u00e3o do Supremo Tribunal Federal (STF) em condenar r\u00e9us envolvidos nas manifesta\u00e7\u00f5es de 8 de janeiro de 2023, em Bras\u00edlia, podem ter um efeito contr\u00e1rio \u00e0s inten\u00e7\u00f5es da Corte. Essa \u00e9 a vis\u00e3o de diversos parlamentares que fazem oposi\u00e7\u00e3o ao governo Lula da Silva. Para deputados e senadores, a condu\u00e7\u00e3o dos [&hellip;]<\/p>\n","protected":false},"author":5,"featured_media":7605,"comment_status":"open","ping_status":"open","sticky":false,"template":"","format":"standard","meta":{"_seopress_robots_primary_cat":"","_seopress_titles_title":"","_seopress_titles_desc":"","_seopress_robots_index":"","footnotes":""},"categories":[47,1],"tags":[],"class_list":["post-7604","post","type-post","status-publish","format-standard","has-post-thumbnail","hentry","category-politica","category-ultimas-noticias"],"_links":{"self":[{"href":"https:\/\/mussicom.com\/noticias\/wp-json\/wp\/v2\/posts\/7604","targetHints":{"allow":["GET"]}}],"collection":[{"href":"https:\/\/mussicom.com\/noticias\/wp-json\/wp\/v2\/posts"}],"about":[{"href":"https:\/\/mussicom.com\/noticias\/wp-json\/wp\/v2\/types\/post"}],"author":[{"embeddable":true,"href":"https:\/\/mussicom.com\/noticias\/wp-json\/wp\/v2\/users\/5"}],"replies":[{"embeddable":true,"href":"https:\/\/mussicom.com\/noticias\/wp-json\/wp\/v2\/comments?post=7604"}],"version-history":[{"count":0,"href":"https:\/\/mussicom.com\/noticias\/wp-json\/wp\/v2\/posts\/7604\/revisions"}],"wp:featuredmedia":[{"embeddable":true,"href":"https:\/\/mussicom.com\/noticias\/wp-json\/wp\/v2\/media\/7605"}],"wp:attachment":[{"href":"https:\/\/mussicom.com\/noticias\/wp-json\/wp\/v2\/media?parent=7604"}],"wp:term":[{"taxonomy":"category","embeddable":true,"href":"https:\/\/mussicom.com\/noticias\/wp-json\/wp\/v2\/categories?post=7604"},{"taxonomy":"post_tag","embeddable":true,"href":"https:\/\/mussicom.com\/noticias\/wp-json\/wp\/v2\/tags?post=7604"}],"curies":[{"name":"wp","href":"https:\/\/api.w.org\/{rel}","templated":true}]}}