{"id":7592,"date":"2025-03-24T17:01:44","date_gmt":"2025-03-24T20:01:44","guid":{"rendered":"https:\/\/mussicom.com\/o-surpreendente-disco-que-mudou-a-vida-de-rodolfo-abrantes-antes-da-conversao\/"},"modified":"2025-03-24T17:01:44","modified_gmt":"2025-03-24T20:01:44","slug":"o-surpreendente-disco-que-mudou-a-vida-de-rodolfo-abrantes-antes-da-conversao","status":"publish","type":"post","link":"https:\/\/mussicom.com\/noticias\/o-surpreendente-disco-que-mudou-a-vida-de-rodolfo-abrantes-antes-da-conversao\/","title":{"rendered":"O surpreendente disco que mudou a vida de Rodolfo Abrantes \u2014 antes da convers\u00e3o"},"content":{"rendered":"<p> <br \/>\n<\/p>\n<div>\n<p>Na virada do s\u00e9culo, <strong>Rodolfo Abrantes<\/strong> passou por uma convers\u00e3o religiosa que mudou o curso de sua vida. E n\u00e3o apenas no \u00e2mbito pessoal: ele acabou por deixar o <strong>Raimundos<\/strong>, banda que o al\u00e7ou ao estrelato. Ap\u00f3s um per\u00edodo com o <strong>Rodox<\/strong>, o cantor e guitarrista lan\u00e7ou uma carreira solo focada na m\u00fasica crist\u00e3.<\/p>\n<p>Por isso, \u00e9 dif\u00edcil imagin\u00e1-lo ouvindo <em><strong>Cada Dia Mais Sujo e Agressivo<\/strong><\/em> (1987), terceiro \u00e1lbum de est\u00fadio do <strong>Ratos de Por\u00e3o<\/strong>. Por\u00e9m, durante entrevista publicada em maio de 2000 na revista <em>Bizz<\/em>, Abrantes citou o disco em quest\u00e3o como o respons\u00e1vel por mudar sua vida.<\/p>\n<p>Convidado a refletir sobre o trabalho, um cl\u00e1ssico do hardcore\/crossover thrash nacional, Rodolfo declarou, inicialmente:<\/p>\n<blockquote class=\"citacao\"><p><em>\u201cEu tinha uns 13 anos e j\u00e1 me amarrava no <strong>Descanse em Paz<\/strong> (segundo disco do Ratos, lan\u00e7ado em 1986) quando ouvi <strong>Cada Dia Mais Sujo e Agressivo<\/strong>. Meus amigos compraram o disco e foi f#da. Acho que ele \u00e9 muito bem produzido. Hardcore podr\u00e3o e o <strong>Jo\u00e3o Gordo<\/strong> (vocalista) muito inspirado.\u201d<\/em><\/p><\/blockquote>\n<p>Embora tenha citado que todo o disco merece aten\u00e7\u00e3o, o ent\u00e3o vocalista e guitarrista do Raimundos destacou duas faixas. Ele disse:<\/p>\n<blockquote class=\"citacao\"><p><em>\u201cN\u00e3o tem nada ruim no \u00e1lbum. <strong>\u2018Morte e Desespero\u2019<\/strong> \u00e9 maravilhosa. <strong>\u2018Tatoo Maniac\u2019<\/strong> mudou minha vida. Pivete, tudo o que eu queria era fazer uma tatuagem.\u201d<\/em><\/p><\/blockquote>\n<p>Por fim, ao citar outras bandas de hardcore, Abrantes relembrou o grande diferencial do Ratos em sua opini\u00e3o. O artista concluiu:<\/p>\n<blockquote class=\"citacao\"><p><em>\u201cAndava de skate e j\u00e1 ouvia <strong>Dead Kennedys<\/strong>, <strong>Suicidal Tendencies<\/strong> e algumas bandas europeias, mas o Ratos de Por\u00e3o era mais violento, mais agressivo, mais sujo. E o melhor: dava para entender as letras.\u201d<\/em><\/p><\/blockquote>\n<p><iframe allowfullscreen=\"allowfullscreen\" frameborder=\"0\" height=\"352\" loading=\"lazy\" src=\"https:\/\/open.spotify.com\/embed\/album\/4gyPQlLpYUX49cMtrM4zJc?utm_source=generator\" style=\"border-radius: 12px;\" width=\"100%\"><\/iframe><\/p>\n<h3>Raimundos: Jo\u00e3o Gordo vs. Dig\u00e3o<\/h3>\n<p>Rodolfo Abrantes n\u00e3o tem falado sobre Ratos de Por\u00e3o ou Jo\u00e3o Gordo nos \u00faltimos anos, mas um de seus ex-colegas tem uma briga p\u00fablica com o vocalista. Trata-se de <strong>Dig\u00e3o<\/strong>, guitarrista que tamb\u00e9m assumiu os vocais da banda ap\u00f3s a sa\u00edda de Abrantes.<\/p>\n<p>Em entrevistas, Dig\u00e3o tem dito que nunca se deu bem com Gordo. Por\u00e9m, a desaven\u00e7a se tornou declarada ap\u00f3s o frontman do Ratos de Por\u00e3o discordar publicamente de posicionamentos pol\u00edticos manifestados pelo l\u00edder do Raimundos.<\/p>\n<p>Nos primeiros momentos em que a briga chegou ao radar dos f\u00e3s, o caso chegou a gerar uma situa\u00e7\u00e3o interna ruim no Raimundos. <strong>Canisso<\/strong>, baixista falecido em 2023, disse pelas redes que o colega estava <em>\u201csurtando\u201d<\/em> em meio \u00e0 pandemia, <em>\u201cbrigando com metade da cena\u201d<\/em> e <em>\u201cchamando at\u00e9 o Jo\u00e3o Gordo de pela-saco\u201d<\/em>.<\/p>\n<p>Em 2022, o guitarrista do Ratos, <strong>J\u00e3o<\/strong>, entrou na briga. Ap\u00f3s uma publica\u00e7\u00e3o em que Dig\u00e3o disse que a banda \u00e9 composta por \u201cfervorosos apoiadores do maior bandido pol\u00edtico da hist\u00f3ria brasileira e MTST\u201d, em refer\u00eancia ao presidente <strong>Luiz In\u00e1cio Lula da Silva<\/strong> (PT) e o Movimento dos Trabalhadores Sem Teto, J\u00e3o chegou a convidar o m\u00fasico do Raimundos para resolver as diferen\u00e7as \u201cna porrada\u201d. Dig\u00e3o recuou e declarou online que, na verdade, n\u00e3o estava criticando o grupo, apenas Gordo. Em entrevista posterior, afirmou ter feito as pazes com o guitarrista.<\/p>\n<h3><strong>Rolling Stone Brasil especial: Iron Maiden<\/strong><\/h3>\n<p><strong>Iron Maiden na capa<\/strong>: a <strong><em>Rolling Stone Brasil<\/em><\/strong> lan\u00e7ou uma edi\u00e7\u00e3o de colecionador in\u00e9dita para os f\u00e3s da banda de heavy metal. Os maiores \u00e1lbuns, a lista dos shows no Brasil, o poder do merchadising do grupo e at\u00e9 um tour pelo avi\u00e3o da banda voc\u00ea confere no especial impresso, \u00e0 venda na <strong>Loja Perfil<\/strong>.<\/p>\n<figure class=\"image\"><figcaption>Rolling Stone Brasil especial: Iron Maiden<\/figcaption><\/figure>\n<p><strong>+++ LEIA TAMB\u00c9M: A curiosa t\u00e1tica de carreira adotada por Lady Gaga e Dig\u00e3o do Raimundos<\/strong><br \/><strong>+++ LEIA TAMB\u00c9M: Jo\u00e3o Gordo explica como perdeu 53 kg: \u201cquero permanecer vivo\u201d<\/strong><br \/><strong>+++ LEIA TAMB\u00c9M: <\/strong><strong>Raimundos: Rodolfo Abrantes diz que Dig\u00e3o mudou sua vida com telefonema de paz<\/strong><br \/><strong>+++ Clique aqui para seguir a Rolling Stone Brasil @rollingstonebrasil no Instagram<br \/>+++ Clique aqui para seguir o jornalista Igor Miranda @igormirandasite no Instagram<\/strong><\/p>\n<\/div>\n<p><script async src=\"\/\/www.instagram.com\/embed.js\"><\/script><br \/>\n<br \/><br \/>\n<br \/>Fonte: <a href=\"https:\/\/rollingstone.com.br\/musica\/o-surpreendente-disco-que-mudou-a-vida-de-rodolfo-abrantes-antes-da-conversao\/\">rollingstone.com.br<\/a><\/p>\n","protected":false},"excerpt":{"rendered":"<p>Na virada do s\u00e9culo, Rodolfo Abrantes passou por uma convers\u00e3o religiosa que mudou o curso de sua vida. E n\u00e3o apenas no \u00e2mbito pessoal: ele acabou por deixar o Raimundos, banda que o al\u00e7ou ao estrelato. Ap\u00f3s um per\u00edodo com o Rodox, o cantor e guitarrista lan\u00e7ou uma carreira solo focada na m\u00fasica crist\u00e3. Por [&hellip;]<\/p>\n","protected":false},"author":5,"featured_media":7593,"comment_status":"open","ping_status":"open","sticky":false,"template":"","format":"standard","meta":{"_seopress_robots_primary_cat":"","_seopress_titles_title":"","_seopress_titles_desc":"","_seopress_robots_index":"","footnotes":""},"categories":[51],"tags":[],"class_list":["post-7592","post","type-post","status-publish","format-standard","has-post-thumbnail","hentry","category-musica"],"_links":{"self":[{"href":"https:\/\/mussicom.com\/noticias\/wp-json\/wp\/v2\/posts\/7592","targetHints":{"allow":["GET"]}}],"collection":[{"href":"https:\/\/mussicom.com\/noticias\/wp-json\/wp\/v2\/posts"}],"about":[{"href":"https:\/\/mussicom.com\/noticias\/wp-json\/wp\/v2\/types\/post"}],"author":[{"embeddable":true,"href":"https:\/\/mussicom.com\/noticias\/wp-json\/wp\/v2\/users\/5"}],"replies":[{"embeddable":true,"href":"https:\/\/mussicom.com\/noticias\/wp-json\/wp\/v2\/comments?post=7592"}],"version-history":[{"count":0,"href":"https:\/\/mussicom.com\/noticias\/wp-json\/wp\/v2\/posts\/7592\/revisions"}],"wp:featuredmedia":[{"embeddable":true,"href":"https:\/\/mussicom.com\/noticias\/wp-json\/wp\/v2\/media\/7593"}],"wp:attachment":[{"href":"https:\/\/mussicom.com\/noticias\/wp-json\/wp\/v2\/media?parent=7592"}],"wp:term":[{"taxonomy":"category","embeddable":true,"href":"https:\/\/mussicom.com\/noticias\/wp-json\/wp\/v2\/categories?post=7592"},{"taxonomy":"post_tag","embeddable":true,"href":"https:\/\/mussicom.com\/noticias\/wp-json\/wp\/v2\/tags?post=7592"}],"curies":[{"name":"wp","href":"https:\/\/api.w.org\/{rel}","templated":true}]}}