{"id":7575,"date":"2025-03-24T16:07:10","date_gmt":"2025-03-24T19:07:10","guid":{"rendered":"https:\/\/www.mussicom.com\/hamas-comemora-ataque-terrorista-contra-israel\/"},"modified":"2025-03-24T16:07:10","modified_gmt":"2025-03-24T19:07:10","slug":"hamas-comemora-ataque-terrorista-contra-israel","status":"publish","type":"post","link":"https:\/\/mussicom.com\/noticias\/hamas-comemora-ataque-terrorista-contra-israel\/","title":{"rendered":"Hamas comemora ataque terrorista contra Israel"},"content":{"rendered":"<p> <br \/>\n<\/p>\n<div id=\"hd80s9wa1h892edh8192\">\n<p>Nesta segunda-feira, 24, um ataque terrorista do Hamas abalou Israel, pr\u00f3ximo \u00e0 cidade de Yokneam, ao norte do pa\u00eds. O atentado resultou na morte de um idoso de 75 anos e deixou v\u00e1rios feridos, incluindo um militar.<\/p>\n<p>O incidente ocorreu no cruzamento de Tishbi, na Rodovia 66, ao sul de Haifa. Um agressor tentou atropelar pessoas que aguardavam em um ponto de \u00f4nibus. Em seguida, ele esfaqueou um soldado e tomou sua arma, abrindo fogo contra ve\u00edculos na rodovia.<\/p>\n<figure class=\"wp-block-embed is-type-rich is-provider-twitter wp-block-embed-twitter\">\n<div class=\"wp-block-embed__wrapper\">\n<blockquote class=\"twitter-tweet\" data-width=\"500\" data-dnt=\"true\">\n<p lang=\"en\" dir=\"ltr\">Terror attack in Israel.<\/p>\n<p>A 20-year-old man suffered serious injuries in the attack near Yokneam in northern Israel while a 75-year-old man was shot and killed.<\/p>\n<p>The terrorist has been eliminated. <a href=\"https:\/\/t.co\/fKyQJ8EY4g\">pic.twitter.com\/fKyQJ8EY4g<\/a><\/p>\n<p>\u2014 Visegr\u00e1d 24 (@visegrad24) <a href=\"https:\/\/twitter.com\/visegrad24\/status\/1904134454307635347?ref_src=twsrc%5Etfw\">March 24, 2025<\/a><\/p><\/blockquote>\n<\/div>\n<\/figure>\n<p>As for\u00e7as policiais reagiram rapidamente, neutralizando o terrorista. \u201cUm terrorista abriu fogo contra civis e foi imediatamente neutralizado pelas for\u00e7as policiais presentes no local\u201d, declarou um porta-voz da pol\u00edcia em comunicado.<\/p>\n<p>Al\u00e9m do idoso morto, um jovem de aproximadamente 20 anos sofreu ferimentos graves. O grupo terrorista Hamas, que retomou ataques ao territ\u00f3rio israelense depois do t\u00e9rmino de uma tr\u00e9gua, celebrou o atentado, classificando-o como \u201cheroico\u201d. <\/p>\n<p>Em comunicado, o Hamas afirmou que o ataque foi uma resposta aos \u201ccrescentes crimes da ocupa\u00e7\u00e3o sionista contra nosso povo na Faixa de Gaza e na Cisjord\u00e2nia, e contra nossos heroicos prisioneiros nas pris\u00f5es da ocupa\u00e7\u00e3o\u201d.<\/p>\n<h2 class=\"wp-block-heading\">Socorristas atuam para salvar feridos<\/h2>\n<p>Socorristas do servi\u00e7o de emerg\u00eancia Magen David Adom, liderados pelo param\u00e9dico Tzvi Malkis, prestaram socorro imediato \u00e0s v\u00edtimas.<\/p>\n<p>\u201cPerto do ponto de \u00f4nibus, um homem na faixa dos 20 anos estava deitado consciente, mas com ferimentos penetrantes graves. Imediatamente come\u00e7amos a realizar procedimentos m\u00e9dicos iniciais para salvar sua vida, incluindo bandagens para estancar o sangramento, e o evacuamos com urg\u00eancia para uma unidade de tratamento intensivo m\u00f3vel\u201d, relatou Malkis.<\/p>\n<h2 class=\"wp-block-heading\">Israel retoma ofensiva contra o Hamas e encerra cessar-fogo<\/h2>\n<figure class=\"wp-block-image aligncenter size-full is-resized\"><picture><source data-srcset=\"https:\/\/medias.revistaoeste.com\/wp-content\/uploads\/2024\/11\/Israel-Interna-2-scaled.jpg.webp 2560w, https:\/\/medias.revistaoeste.com\/wp-content\/uploads\/2024\/11\/Israel-Interna-2-300x200.jpg.webp 300w, https:\/\/medias.revistaoeste.com\/wp-content\/uploads\/2024\/11\/Israel-Interna-2-150x100.jpg.webp 150w\" data-sizes=\"(max-width: 2560px) 100vw, 2560px\" type=\"image\/webp\"><img alt=\"\" fetchpriority=\"high\" decoding=\"async\" width=\"2560\" height=\"1706\" src=\"https:\/\/medias.revistaoeste.com\/wp-content\/uploads\/2024\/11\/Israel-Interna-2-scaled.jpg\" alt=\"\" class=\"wp-image-1721657\" style=\"width:570px;height:auto\" srcset=\"https:\/\/medias.revistaoeste.com\/wp-content\/uploads\/2024\/11\/Israel-Interna-2-scaled.jpg 2560w, https:\/\/medias.revistaoeste.com\/wp-content\/uploads\/2024\/11\/Israel-Interna-2-300x200.jpg 300w, https:\/\/medias.revistaoeste.com\/wp-content\/uploads\/2024\/11\/Israel-Interna-2-150x100.jpg 150w\" sizes=\"(max-width: 2560px) 100vw, 2560px\" data-eio=\"p\"\/><\/source><\/picture><figcaption class=\"wp-element-caption\">Rel\u00e2mpagos caem no c\u00e9u no norte de Israel, em meio \u00e0s hostilidades entre o Hezbollah e as for\u00e7as israelenses, visto de Nahariya, Israel \u2013 2\/11\/2024 | Foto: Violeta Santos Moura\/Reuters<\/figcaption><\/figure>\n<p>Em 17 de mar\u00e7o, Israel encerrou o cessar-fogo firmado com o grupo terrorista. As a\u00e7\u00f5es ocorrem em meio a entraves nas negocia\u00e7\u00f5es sobre a troca de ref\u00e9ns israelenses por prisioneiros palestinos.<\/p>\n<p>Os ataques a\u00e9reos deixaram ao menos 326 mortos e incluem crian\u00e7as, conforme o Minist\u00e9rio da Sa\u00fade de Gaza. Al\u00e9m das mortes, equipes m\u00e9dicas registraram mais de 150 feridos em diferentes regi\u00f5es, no epis\u00f3dio mais violento desde o in\u00edcio da tr\u00e9gua, em 19 de janeiro.<\/p>\n<p>Um representante s\u00eanior do Hamas declarou \u00e0 ag\u00eancia <em>Reuters<\/em> que a ofensiva israelense representava uma quebra unilateral do cessar-fogo e ressaltou que a retomada dos ataques colocaria os ref\u00e9ns em risco.<\/p>\n<p>As For\u00e7as de Defesa de Israel anunciaram que manter\u00e3o os bombardeios contra l\u00edderes do Hamas e sua infraestrutura em Gaza. Al\u00e9m das opera\u00e7\u00f5es a\u00e9reas, o governo israelense avalia ampliar a a\u00e7\u00e3o militar na regi\u00e3o.<\/p>\n<p><strong>+ Leia mais not\u00edcias do Mundo em Oeste<\/strong><\/p>\n<\/p><\/div>\n<p><script async src=\"\/\/platform.twitter.com\/widgets.js\" charset=\"utf-8\"><\/script><br \/>\n<br \/><br \/>\n<br \/>Fonte: <a href=\"https:\/\/revistaoeste.com\/mundo\/hamas-comemora-ataque-terrorista-contra-israel\/\">Revista Oeste<\/a><\/p>\n","protected":false},"excerpt":{"rendered":"<p>Nesta segunda-feira, 24, um ataque terrorista do Hamas abalou Israel, pr\u00f3ximo \u00e0 cidade de Yokneam, ao norte do pa\u00eds. O atentado resultou na morte de um idoso de 75 anos e deixou v\u00e1rios feridos, incluindo um militar. O incidente ocorreu no cruzamento de Tishbi, na Rodovia 66, ao sul de Haifa. Um agressor tentou atropelar [&hellip;]<\/p>\n","protected":false},"author":5,"featured_media":7576,"comment_status":"open","ping_status":"open","sticky":false,"template":"","format":"standard","meta":{"_seopress_robots_primary_cat":"","_seopress_titles_title":"","_seopress_titles_desc":"","_seopress_robots_index":"","footnotes":""},"categories":[48],"tags":[],"class_list":["post-7575","post","type-post","status-publish","format-standard","has-post-thumbnail","hentry","category-internacional"],"_links":{"self":[{"href":"https:\/\/mussicom.com\/noticias\/wp-json\/wp\/v2\/posts\/7575","targetHints":{"allow":["GET"]}}],"collection":[{"href":"https:\/\/mussicom.com\/noticias\/wp-json\/wp\/v2\/posts"}],"about":[{"href":"https:\/\/mussicom.com\/noticias\/wp-json\/wp\/v2\/types\/post"}],"author":[{"embeddable":true,"href":"https:\/\/mussicom.com\/noticias\/wp-json\/wp\/v2\/users\/5"}],"replies":[{"embeddable":true,"href":"https:\/\/mussicom.com\/noticias\/wp-json\/wp\/v2\/comments?post=7575"}],"version-history":[{"count":0,"href":"https:\/\/mussicom.com\/noticias\/wp-json\/wp\/v2\/posts\/7575\/revisions"}],"wp:featuredmedia":[{"embeddable":true,"href":"https:\/\/mussicom.com\/noticias\/wp-json\/wp\/v2\/media\/7576"}],"wp:attachment":[{"href":"https:\/\/mussicom.com\/noticias\/wp-json\/wp\/v2\/media?parent=7575"}],"wp:term":[{"taxonomy":"category","embeddable":true,"href":"https:\/\/mussicom.com\/noticias\/wp-json\/wp\/v2\/categories?post=7575"},{"taxonomy":"post_tag","embeddable":true,"href":"https:\/\/mussicom.com\/noticias\/wp-json\/wp\/v2\/tags?post=7575"}],"curies":[{"name":"wp","href":"https:\/\/api.w.org\/{rel}","templated":true}]}}