{"id":75642,"date":"2026-04-27T13:23:51","date_gmt":"2026-04-27T16:23:51","guid":{"rendered":"https:\/\/mussicom.com\/noticias\/caminhao-tomba-e-outro-pega-fogo-na-via-anchieta\/"},"modified":"2026-04-27T13:23:51","modified_gmt":"2026-04-27T16:23:51","slug":"caminhao-tomba-e-outro-pega-fogo-na-via-anchieta","status":"publish","type":"post","link":"https:\/\/mussicom.com\/noticias\/caminhao-tomba-e-outro-pega-fogo-na-via-anchieta\/","title":{"rendered":"Caminh\u00e3o tomba e outro pega fogo na Via Anchieta"},"content":{"rendered":"<p> <br \/>\n<\/p>\n<div>\n<p>Dois incidentes mexeram com a rotina do Sistema Anchieta-Imigrantes (SAI) na manh\u00e3 desta segunda-feira (27). Um caminh\u00e3o tombou na descida da serra da Via Anchieta e outro pegou fogo na Pista Norte da mesma rodovia. Em nenhuma das ocorr\u00eancias houve feridos.<\/p>\n<p>Por volta das 8h20 um caminh\u00e3o trafegava pela Anchieta, na descida da serra quando, na altura do Km 54, o motorista cochilou ao volante, perdendo o controle da dire\u00e7\u00e3o. O ve\u00edculo chocou-se contra a defensa met\u00e1lica e, na sequ\u00eancia, bateu em uma barreira de concreto, quando aconteceu o tombamento. Com isso, a carga foi espalhada pela pista.<\/p>\n<p>De acordo com informa\u00e7\u00f5es da Ag\u00eancia Reguladora de Transportes do Estado (Artesp), o ve\u00edculo foi removido por volta das 9h50. A Ecovias-Imigrantes, empresa que administra o SAI, registrou congestionamento entre os Km 49 e 54.<\/p>\n<p><img alt=\"\" fetchpriority=\"high\" decoding=\"async\" class=\"alignnone size-large wp-image-266661\" src=\"https:\/\/jornaldaorla.com.br\/wp-content\/uploads\/2026\/04\/ACIDENTE-ANCHIETA-27042026-1-1-1024x768.jpg\" alt=\"\" width=\"1024\" height=\"768\" srcset=\"https:\/\/jornaldaorla.com.br\/wp-content\/uploads\/2026\/04\/ACIDENTE-ANCHIETA-27042026-1-1-1024x768.jpg 1024w, https:\/\/jornaldaorla.com.br\/wp-content\/uploads\/2026\/04\/ACIDENTE-ANCHIETA-27042026-1-1-300x225.jpg 300w, https:\/\/jornaldaorla.com.br\/wp-content\/uploads\/2026\/04\/ACIDENTE-ANCHIETA-27042026-1-1-768x576.jpg 768w, https:\/\/jornaldaorla.com.br\/wp-content\/uploads\/2026\/04\/ACIDENTE-ANCHIETA-27042026-1-1-1536x1152.jpg 1536w, https:\/\/jornaldaorla.com.br\/wp-content\/uploads\/2026\/04\/ACIDENTE-ANCHIETA-27042026-1-1.jpg 1600w\" sizes=\"(max-width: 1024px) 100vw, 1024px\" data-eio=\"l\"\/><\/p>\n<p><strong>INC\u00caNDIO<\/strong><\/p>\n<p>J\u00e1 no km 43, sentido Planalto, um caminh\u00e3o carregado com nitrato de am\u00f4nio pegou fogo, com in\u00edcio no cavalo mec\u00e2nico e propaga\u00e7\u00e3o para a carga, estimada em aproximadamente 30 toneladas. De acordo com o Corpo de Bombeiros, houve a reigni\u00e7\u00e3o de inc\u00eandio ocorrido por volta das 3h50. Na ocasi\u00e3o, equipes do 8\u00ba Grupamento de Bombeiros (GB), do munic\u00edpio de S\u00e3o Bernardo do Campo, prestaram apoio \u00e0s equipes da Ecovias e conseguiram extinguir as chamas.<\/p>\n<p>Entretanto, por volta das 10h40, houve nova reigni\u00e7\u00e3o do foco de inc\u00eandio. Devido \u00e0 lentid\u00e3o no deslocamento das equipes, em raz\u00e3o do tr\u00e1fego intenso na rodovia, foi solicitado o retorno das viaturas do 8\u00ba GB ao local. Enquanto isso, um caminh\u00e3o-pipa da Ecovias j\u00e1 se encontrava na ocorr\u00eancia, realizando o combate e mantendo o fogo sob controle.<\/p>\n<p>As equipes do Corpo de Bombeiros chegaram em seguida e auxiliaram os agentes da concession\u00e1ria nas a\u00e7\u00f5es de resfriamento e rescaldo.<\/p>\n<\/div>\n<p><br \/>\n<br \/>Fonte: <a href=\"https:\/\/jornaldaorla.com.br\/noticias\/caminhao-tomba-e-outro-pega-fogo-na-via-anchieta\/\">Jornal Da Orla<\/a><\/p>\n","protected":false},"excerpt":{"rendered":"<p>Dois incidentes mexeram com a rotina do Sistema Anchieta-Imigrantes (SAI) na manh\u00e3 desta segunda-feira (27). Um caminh\u00e3o tombou na descida da serra da Via Anchieta e outro pegou fogo na Pista Norte da mesma rodovia. Em nenhuma das ocorr\u00eancias houve feridos. Por volta das 8h20 um caminh\u00e3o trafegava pela Anchieta, na descida da serra quando, [&hellip;]<\/p>\n","protected":false},"author":5,"featured_media":75643,"comment_status":"open","ping_status":"open","sticky":false,"template":"","format":"standard","meta":{"_seopress_robots_primary_cat":"","_seopress_titles_title":"","_seopress_titles_desc":"","_seopress_robots_index":"","footnotes":""},"categories":[52],"tags":[],"class_list":["post-75642","post","type-post","status-publish","format-standard","has-post-thumbnail","hentry","category-santoseregiao"],"_links":{"self":[{"href":"https:\/\/mussicom.com\/noticias\/wp-json\/wp\/v2\/posts\/75642","targetHints":{"allow":["GET"]}}],"collection":[{"href":"https:\/\/mussicom.com\/noticias\/wp-json\/wp\/v2\/posts"}],"about":[{"href":"https:\/\/mussicom.com\/noticias\/wp-json\/wp\/v2\/types\/post"}],"author":[{"embeddable":true,"href":"https:\/\/mussicom.com\/noticias\/wp-json\/wp\/v2\/users\/5"}],"replies":[{"embeddable":true,"href":"https:\/\/mussicom.com\/noticias\/wp-json\/wp\/v2\/comments?post=75642"}],"version-history":[{"count":0,"href":"https:\/\/mussicom.com\/noticias\/wp-json\/wp\/v2\/posts\/75642\/revisions"}],"wp:featuredmedia":[{"embeddable":true,"href":"https:\/\/mussicom.com\/noticias\/wp-json\/wp\/v2\/media\/75643"}],"wp:attachment":[{"href":"https:\/\/mussicom.com\/noticias\/wp-json\/wp\/v2\/media?parent=75642"}],"wp:term":[{"taxonomy":"category","embeddable":true,"href":"https:\/\/mussicom.com\/noticias\/wp-json\/wp\/v2\/categories?post=75642"},{"taxonomy":"post_tag","embeddable":true,"href":"https:\/\/mussicom.com\/noticias\/wp-json\/wp\/v2\/tags?post=75642"}],"curies":[{"name":"wp","href":"https:\/\/api.w.org\/{rel}","templated":true}]}}