{"id":75578,"date":"2026-04-27T08:18:34","date_gmt":"2026-04-27T11:18:34","guid":{"rendered":"https:\/\/mussicom.com\/noticias\/passarela-do-canal-5-e-interditada-para-obras-de-prolongamento\/"},"modified":"2026-04-27T08:18:34","modified_gmt":"2026-04-27T11:18:34","slug":"passarela-do-canal-5-e-interditada-para-obras-de-prolongamento","status":"publish","type":"post","link":"https:\/\/mussicom.com\/noticias\/passarela-do-canal-5-e-interditada-para-obras-de-prolongamento\/","title":{"rendered":"Passarela do Canal 5 \u00e9 interditada para obras de prolongamento"},"content":{"rendered":"<p> <br \/>\n<\/p>\n<div>\n<p>A passarela sobre o Canal 5, na faixa de areia da praia, permanecer\u00e1 interditada por 40 dias para concretagem dos pilares que sustentar\u00e3o o prolongamento da laje para passagem de pedestre. No entanto, apesar da interdi\u00e7\u00e3o ter sido iniciada quinta-feira (23), para as primeiras interven\u00e7\u00f5es, a concretagem ser\u00e1 realizada somente em meados de maio, quando a t\u00e1bua de mar\u00e9s indica o recuo das ondas.<\/p>\n<p>\u201cA empreiteira est\u00e1 acompanhando a t\u00e1bua de mar\u00e9s e aproveitando os per\u00edodos mais favor\u00e1veis esta semana para fazer o rebaixo, drenar a \u00e1gua e iniciar os trabalhos para a concretagem\u201d, explica a arquiteta Marta Moura Ribeiro Leite Flores, da Secretaria de Infraestrutura e Servi\u00e7os P\u00fablicos (Seinfra) de Santos. Rebaixo \u2013 diz ela \u2013 \u00e9 a t\u00e9cnica que cria um desn\u00edvel, canal ou rebaixamento em uma superf\u00edcie para facilitar o escoamento de \u00e1gua.<\/p>\n<p>O prolongamento da passarela integra o pacote da Prefeitura de interven\u00e7\u00f5es na orla. Os servi\u00e7os no Canal 5 foram suspensos durante a temporada de ver\u00e3o para n\u00e3o prejudicar o tr\u00e2nsito de banhistas, esportistas e comerciantes. A exemplo do prolongamento da passarela sobre o Canal 6, j\u00e1 conclu\u00eddo, as obras no pontilh\u00e3o do Canal 5 envolvem a constru\u00e7\u00e3o de 10 metros de acesso em concreto de ambos os lados, com as extremidades assentadas a uma profundidade de 1,40 metro.<\/p>\n<p>\u201cCom essa profundidade, as extremidades ficar\u00e3o abaixo do n\u00edvel da faixa de areia, o que minimizar\u00e1 a a\u00e7\u00e3o das mar\u00e9s\u201d, ressaltou Marta Flores. Ela adianta que a chamada \u201ccura do concreto\u201d varia entre 15 e 21 dias, para ent\u00e3o a passarela ser liberada ao p\u00fablico.<\/p>\n<div id=\"attachment_266515\" style=\"width: 436px\" class=\"wp-caption alignnone\"><img fetchpriority=\"high\" decoding=\"async\" aria-describedby=\"caption-attachment-266515\" class=\" wp-image-266515\" src=\"https:\/\/jornaldaorla.com.br\/wp-content\/uploads\/2026\/04\/Passarela-do-Canal-6-ja-com-prolongamento-2-300x225.jpeg\" alt=\"Passarela do Canal j\u00e1 foi prolongada.\" width=\"426\" height=\"310\" data-eio=\"l\"\/><\/p>\n<p id=\"caption-attachment-266515\" class=\"wp-caption-text\">Passarela do Canal 6 j\u00e1 foi prolongada.<\/p>\n<\/div>\n<p><strong>MAIS OBRAS<\/strong><br \/>O prolongamento da passarela sobre o Canal 5 \u00e9 o segundo (e \u00faltimo) a ser realizado na faixa de areia. O pacote de obras envolve ainda reparos nas muretas dos canais, assentamento de novas pedras de granito para o acabamento das muretas e ajustes nas sa\u00eddas das v\u00e1lvulas antirretorno, j\u00e1 instaladas na rede de drenagem do canal da Avenida Washington Lu\u00eds, na jun\u00e7\u00e3o com as tubula\u00e7\u00f5es das ruas Lincoln Feliciano, Alamir Martins e Jorge Tibiri\u00e7\u00e1.<\/p>\n<p>As obras est\u00e3o a cargo da Focus Consulting Engenharia Ltda., que j\u00e1 executou 55% do projeto. O investimento \u00e9 de R$ 3.991.378,64, recursos oriundos do Fundo de Desenvolvimento Urbano do Munic\u00edpio de Santos (Fundurb).<\/p>\n<\/div>\n<p><br \/>\n<br \/>Fonte: <a href=\"https:\/\/jornaldaorla.com.br\/noticias\/passarela-do-canal-5-e-interditada-para-obras-de-prolongamento\/\">Jornal Da Orla<\/a><\/p>\n","protected":false},"excerpt":{"rendered":"<p>A passarela sobre o Canal 5, na faixa de areia da praia, permanecer\u00e1 interditada por 40 dias para concretagem dos pilares que sustentar\u00e3o o prolongamento da laje para passagem de pedestre. No entanto, apesar da interdi\u00e7\u00e3o ter sido iniciada quinta-feira (23), para as primeiras interven\u00e7\u00f5es, a concretagem ser\u00e1 realizada somente em meados de maio, quando [&hellip;]<\/p>\n","protected":false},"author":5,"featured_media":75579,"comment_status":"open","ping_status":"open","sticky":false,"template":"","format":"standard","meta":{"_seopress_robots_primary_cat":"","_seopress_titles_title":"","_seopress_titles_desc":"","_seopress_robots_index":"","footnotes":""},"categories":[52],"tags":[],"class_list":["post-75578","post","type-post","status-publish","format-standard","has-post-thumbnail","hentry","category-santoseregiao"],"_links":{"self":[{"href":"https:\/\/mussicom.com\/noticias\/wp-json\/wp\/v2\/posts\/75578","targetHints":{"allow":["GET"]}}],"collection":[{"href":"https:\/\/mussicom.com\/noticias\/wp-json\/wp\/v2\/posts"}],"about":[{"href":"https:\/\/mussicom.com\/noticias\/wp-json\/wp\/v2\/types\/post"}],"author":[{"embeddable":true,"href":"https:\/\/mussicom.com\/noticias\/wp-json\/wp\/v2\/users\/5"}],"replies":[{"embeddable":true,"href":"https:\/\/mussicom.com\/noticias\/wp-json\/wp\/v2\/comments?post=75578"}],"version-history":[{"count":0,"href":"https:\/\/mussicom.com\/noticias\/wp-json\/wp\/v2\/posts\/75578\/revisions"}],"wp:featuredmedia":[{"embeddable":true,"href":"https:\/\/mussicom.com\/noticias\/wp-json\/wp\/v2\/media\/75579"}],"wp:attachment":[{"href":"https:\/\/mussicom.com\/noticias\/wp-json\/wp\/v2\/media?parent=75578"}],"wp:term":[{"taxonomy":"category","embeddable":true,"href":"https:\/\/mussicom.com\/noticias\/wp-json\/wp\/v2\/categories?post=75578"},{"taxonomy":"post_tag","embeddable":true,"href":"https:\/\/mussicom.com\/noticias\/wp-json\/wp\/v2\/tags?post=75578"}],"curies":[{"name":"wp","href":"https:\/\/api.w.org\/{rel}","templated":true}]}}