{"id":75526,"date":"2026-04-26T19:01:32","date_gmt":"2026-04-26T22:01:32","guid":{"rendered":"https:\/\/mussicom.com\/noticias\/governo-lula-quer-elevar-teor-de-etanol-na-gasolina-para-32\/"},"modified":"2026-04-26T19:01:32","modified_gmt":"2026-04-26T22:01:32","slug":"governo-lula-quer-elevar-teor-de-etanol-na-gasolina-para-32","status":"publish","type":"post","link":"https:\/\/mussicom.com\/noticias\/governo-lula-quer-elevar-teor-de-etanol-na-gasolina-para-32\/","title":{"rendered":"Governo Lula quer elevar teor de etanol na gasolina para 32%"},"content":{"rendered":"<p> <br \/>\n<\/p>\n<div id=\"tp-post-content\">\n<p class=\"postParagraph_post-paragraph__juWZN postParagraph_post-paragraph-innerHtml__Q5vwc\">O governo de Luiz In\u00e1cio Lula da Silva (PT) pode aumentar a mistura obrigat\u00f3ria de etanol anidro na gasolina para 32% (E32). A proposta ser\u00e1 levada pelo ministro de Minas e Energia, Alexandre Silveira, \u00e0 pr\u00f3xima reuni\u00e3o do Conselho Nacional de Pol\u00edtica Energ\u00e9tica (CNPE), prevista para o in\u00edcio de maio. O \u00f3rg\u00e3o \u00e9 respons\u00e1vel por estabelecer diretrizes para a pol\u00edtica energ\u00e9tica do pa\u00eds,\u00a0<\/p>\n<p class=\"postParagraph_post-paragraph__juWZN postParagraph_post-paragraph-innerHtml__Q5vwc\">O aumento do percentual de \u00e1lcool reduziria a necessidade de importa\u00e7\u00e3o de gasolina em aproximadamente 500 milh\u00f5es de litros mensais. Segundo Silveira, a redu\u00e7\u00e3o far\u00e1 com que o pa\u00eds se torne autossuficiente, sem necessidade de importar o combust\u00edvel.\u00a0<\/p>\n<p class=\"postParagraph_post-paragraph__juWZN postParagraph_post-paragraph-innerHtml__Q5vwc\">O governo prev\u00ea que a medida tenha car\u00e1ter excepcional e tempor\u00e1rio, com vig\u00eancia inicial de 180 dias, prorrog\u00e1veis por igual per\u00edodo, conforme delibera\u00e7\u00e3o do CNPE.<\/p>\n<p class=\"postParagraph_post-paragraph__juWZN postParagraph_post-paragraph-innerHtml__Q5vwc\">O an\u00fancio da medida foi feito na sexta-feira (24), durante a abertura da Safra Mineira de A\u00e7\u00facar e Etanol. A expectativa \u00e9 de que a produ\u00e7\u00e3o nacional de etanol tenha incremento de quatro bilh\u00f5es de litros neste ano.<\/p>\n<h2 class=\"postParagraph_post-paragraph__juWZN postParagraph_post-paragraph-innerHtml__Q5vwc postParagraph_type-tag-h2__TtFkT\">Governo elevou percentual de etanol em 2025<\/h2>\n<p class=\"postParagraph_post-paragraph__juWZN postParagraph_post-paragraph-innerHtml__Q5vwc\">Como mostrou a <strong>Gazeta do Povo<\/strong>, o governo j\u00e1 havia previsto a autossufici\u00eancia anteriormente, em meados de 2025, quando aumentou de 27% para 30% a mistura de etanol anidro na gasolina.<\/p>\n<p class=\"postParagraph_post-paragraph__juWZN postParagraph_post-paragraph-innerHtml__Q5vwc\">&#8220;Voltaremos a ser autossuficientes em gasolina depois de 15 anos e diminuiremos a necessidade de diesel importado. Essas medidas fortalecem o agroneg\u00f3cio e a agricultura familiar&#8221;, disse Silveira na ocasi\u00e3o.<\/p>\n<p class=\"postParagraph_post-paragraph__juWZN postParagraph_post-paragraph-innerHtml__Q5vwc\">A expectativa da gest\u00e3o Lula era de queda nos pre\u00e7os. Estudo do Ita\u00fa BBA apontou que, sem a expans\u00e3o da produ\u00e7\u00e3o alcooleira, os pre\u00e7os da gasolina, do etanol e do diesel poderiam at\u00e9 subir no curto prazo.<\/p>\n<p class=\"postParagraph_post-paragraph__juWZN postParagraph_post-paragraph-innerHtml__Q5vwc\">Propostas de altera\u00e7\u00e3o como a E32 est\u00e3o alinhadas com a Lei do Combust\u00edvel do Futuro. Aprovada e sancionada em 2024, a norma permite a mistura de at\u00e9 35% de etanol anidro na gasolina.\u00a0<\/p>\n<p class=\"postParagraph_post-paragraph__juWZN postParagraph_post-paragraph-innerHtml__Q5vwc\">De acordo com o governo, testes realizados em 2025 para a ado\u00e7\u00e3o do E30 (o atual teor de 30% de etanol na gasolina) comprovaram a viabilidade t\u00e9cnica do avan\u00e7o para a mistura do E32, garantindo seguran\u00e7a na implementa\u00e7\u00e3o.<\/p>\n<\/div>\n<p><br \/>\n<br \/>Fonte: <a href=\"https:\/\/www.gazetadopovo.com.br\/economia\/governo-lula-quer-elevar-teor-de-etanol-gasolina\/\">Gazeta do Povo<\/a><\/p>\n","protected":false},"excerpt":{"rendered":"<p>O governo de Luiz In\u00e1cio Lula da Silva (PT) pode aumentar a mistura obrigat\u00f3ria de etanol anidro na gasolina para 32% (E32). A proposta ser\u00e1 levada pelo ministro de Minas e Energia, Alexandre Silveira, \u00e0 pr\u00f3xima reuni\u00e3o do Conselho Nacional de Pol\u00edtica Energ\u00e9tica (CNPE), prevista para o in\u00edcio de maio. O \u00f3rg\u00e3o \u00e9 respons\u00e1vel por [&hellip;]<\/p>\n","protected":false},"author":5,"featured_media":75527,"comment_status":"open","ping_status":"open","sticky":false,"template":"","format":"standard","meta":{"_seopress_robots_primary_cat":"","_seopress_titles_title":"","_seopress_titles_desc":"","_seopress_robots_index":"","footnotes":""},"categories":[45],"tags":[],"class_list":["post-75526","post","type-post","status-publish","format-standard","has-post-thumbnail","hentry","category-economia"],"_links":{"self":[{"href":"https:\/\/mussicom.com\/noticias\/wp-json\/wp\/v2\/posts\/75526","targetHints":{"allow":["GET"]}}],"collection":[{"href":"https:\/\/mussicom.com\/noticias\/wp-json\/wp\/v2\/posts"}],"about":[{"href":"https:\/\/mussicom.com\/noticias\/wp-json\/wp\/v2\/types\/post"}],"author":[{"embeddable":true,"href":"https:\/\/mussicom.com\/noticias\/wp-json\/wp\/v2\/users\/5"}],"replies":[{"embeddable":true,"href":"https:\/\/mussicom.com\/noticias\/wp-json\/wp\/v2\/comments?post=75526"}],"version-history":[{"count":0,"href":"https:\/\/mussicom.com\/noticias\/wp-json\/wp\/v2\/posts\/75526\/revisions"}],"wp:featuredmedia":[{"embeddable":true,"href":"https:\/\/mussicom.com\/noticias\/wp-json\/wp\/v2\/media\/75527"}],"wp:attachment":[{"href":"https:\/\/mussicom.com\/noticias\/wp-json\/wp\/v2\/media?parent=75526"}],"wp:term":[{"taxonomy":"category","embeddable":true,"href":"https:\/\/mussicom.com\/noticias\/wp-json\/wp\/v2\/categories?post=75526"},{"taxonomy":"post_tag","embeddable":true,"href":"https:\/\/mussicom.com\/noticias\/wp-json\/wp\/v2\/tags?post=75526"}],"curies":[{"name":"wp","href":"https:\/\/api.w.org\/{rel}","templated":true}]}}