{"id":75406,"date":"2026-04-25T23:26:29","date_gmt":"2026-04-26T02:26:29","guid":{"rendered":"https:\/\/mussicom.com\/noticias\/colheita-de-sorgo-termina-com-precos-estaveis\/"},"modified":"2026-04-25T23:26:29","modified_gmt":"2026-04-26T02:26:29","slug":"colheita-de-sorgo-termina-com-precos-estaveis","status":"publish","type":"post","link":"https:\/\/mussicom.com\/noticias\/colheita-de-sorgo-termina-com-precos-estaveis\/","title":{"rendered":"Colheita de sorgo termina com pre\u00e7os est\u00e1veis"},"content":{"rendered":"<p> <br \/>\n<\/p>\n<div>\n<div class=\"row\">\n<div class=\"col-lg col-infos mt-0 mt-lg-0\">\n<div class=\"section-sub-title\">\n<p itemprop=\"description\">&#13;<br \/>\n                                Sorgo fecha safra com produtividade est\u00e1vel&#13;\n                            <\/p>\n<\/p><\/div>\n<div class=\"container\">\n<div class=\"row\">\n<div class=\"col-lg p-0\">\n<div>\n<div class=\"block-news-main-infos mt-3 text-start\">\n<p>                                            <strong class=\"fn\" itemprop=\"author\" style=\"color: rgb(112, 112, 112); \">&#13;<br \/>\n                                                Agrolink&#13;<br \/>\n&#13;<br \/>\n                                                    &#8211; Seane Lennon&#13;<br \/>\n&#13;<br \/>\n                                            <\/strong><br \/>\n                                        <\/p>\n<p>                                            <abbr><time datetime=\"2026 - 04 - 24T16:10\" itemprop=\"datePublished dateModified\"> Publicado em 24\/04\/2026 \u00e0s 16:10h.<\/time><\/abbr>\n                                    <\/div>\n<\/p><\/div>\n<\/p><\/div>\n<div class=\"col-lg p-0 text-lg-end\">\n<div>\n<div id=\"mdEnviarPagina\" class=\"modal fade\" role=\"dialog\">\n<div class=\"modal-dialog\">\n<div class=\"modal-content\">\n<div class=\"modal-body\">\n<p><strong>Estimado usu\u00e1rio.<\/strong><br \/>Preencha o formul\u00e1rio abaixo para remeter a p\u00e1gina.<\/p>\n<\/p><\/div>\n<\/p><\/div>\n<\/p><\/div>\n<\/div><\/div>\n<\/p><\/div>\n<\/p><\/div>\n<\/p><\/div>\n<\/p><\/div>\n<\/p><\/div>\n<div class=\"row justify-content-md-center mt-3\">\n<div class=\"col-lg-auto col-image block-news-main-image\">\n<p>                                <br \/>\n                                                <span class=\"publicity-photo d-block mt-1\">Foto: Pixabay<\/span><\/p><\/div>\n<\/p><\/div>\n<div class=\"section-description section-description-noticias mt-3\">\n<p style=\"text-align:justify\">A colheita de sorgo foi conclu\u00edda em Tupanciret\u00e3, na regi\u00e3o administrativa de Santa Maria, no Rio Grande do Sul, marcando o encerramento das opera\u00e7\u00f5es de campo para a cultura.<\/p>\n<p style=\"text-align:justify\">De acordo com\u00a0o Informativo Conjuntural divulgado pela Emater\/RS-Ascar nesta quinta-feira (23), a produtividade m\u00e9dia ficou em torno de 65 sacas por hectare. \u201cA produtividade m\u00e9dia ficou em torno de 65 sc\/ha, refletindo um desempenho alinhado com as condi\u00e7\u00f5es edafoclim\u00e1ticas ao longo do ciclo\u201d, informa o relat\u00f3rio.&#13;\n<\/p>\n<p style=\"text-align:justify\">Ainda conforme a Emater\/RS-Ascar, as lavouras apresentaram desenvolvimento dentro do esperado ao longo do ciclo, mesmo com varia\u00e7\u00f5es nas condi\u00e7\u00f5es clim\u00e1ticas. \u201cDe modo geral, as lavouras apresentaram bom desenvolvimento, mesmo diante de eventuais oscila\u00e7\u00f5es nas condi\u00e7\u00f5es clim\u00e1ticas, o que contribuiu para a consolida\u00e7\u00e3o de rendimentos satisfat\u00f3rios\u201d, aponta o documento.&#13;\n<\/p>\n<p style=\"text-align:justify\">No mercado, os pre\u00e7os do sorgo permaneceram est\u00e1veis no per\u00edodo analisado, com cota\u00e7\u00e3o m\u00e9dia pr\u00f3xima de R$ 45 por saca de 60 quilos.<\/p>\n<\/p><\/div>\n<\/p><\/div>\n<p><script data-cfasync=\"false\">\n    !function (f, b, e, v, n, t, s) {\n        if (f.fbq) return; n = f.fbq = function () {\n            n.callMethod ?\n                n.callMethod.apply(n, arguments) : n.queue.push(arguments)\n        };\n        if (!f._fbq) f._fbq = n; n.push = n; n.loaded = !0; n.version = '2.0';\n        n.queue = []; t = b.createElement(e); t.async = !0;\n        t.src = v; s = b.getElementsByTagName(e)[0];\n        s.parentNode.insertBefore(t, s)\n    }(window, document, 'script',\n        'https:\/\/connect.facebook.net\/en_US\/fbevents.js');\n    fbq('init', '522546078623747');\n    fbq('track', 'PageView');\n<\/script><br \/>\n<br \/><br \/>\n<br \/>Fonte: <a href=\"https:\/\/www.agrolink.com.br\/noticias\/colheita-de-sorgo-termina-com-precos-estaveis_513481.html\">AGROLINK<\/a><\/p>\n","protected":false},"excerpt":{"rendered":"<p>&#13; Sorgo fecha safra com produtividade est\u00e1vel&#13; &#13; Agrolink&#13; &#13; &#8211; Seane Lennon&#13; &#13; Publicado em 24\/04\/2026 \u00e0s 16:10h. Estimado usu\u00e1rio.Preencha o formul\u00e1rio abaixo para remeter a p\u00e1gina. Foto: Pixabay A colheita de sorgo foi conclu\u00edda em Tupanciret\u00e3, na regi\u00e3o administrativa de Santa Maria, no Rio Grande do Sul, marcando o encerramento das opera\u00e7\u00f5es de [&hellip;]<\/p>\n","protected":false},"author":5,"featured_media":75407,"comment_status":"open","ping_status":"open","sticky":false,"template":"","format":"standard","meta":{"_seopress_robots_primary_cat":"","_seopress_titles_title":"","_seopress_titles_desc":"","_seopress_robots_index":"","footnotes":""},"categories":[53],"tags":[],"class_list":["post-75406","post","type-post","status-publish","format-standard","has-post-thumbnail","hentry","category-agronegocio"],"_links":{"self":[{"href":"https:\/\/mussicom.com\/noticias\/wp-json\/wp\/v2\/posts\/75406","targetHints":{"allow":["GET"]}}],"collection":[{"href":"https:\/\/mussicom.com\/noticias\/wp-json\/wp\/v2\/posts"}],"about":[{"href":"https:\/\/mussicom.com\/noticias\/wp-json\/wp\/v2\/types\/post"}],"author":[{"embeddable":true,"href":"https:\/\/mussicom.com\/noticias\/wp-json\/wp\/v2\/users\/5"}],"replies":[{"embeddable":true,"href":"https:\/\/mussicom.com\/noticias\/wp-json\/wp\/v2\/comments?post=75406"}],"version-history":[{"count":0,"href":"https:\/\/mussicom.com\/noticias\/wp-json\/wp\/v2\/posts\/75406\/revisions"}],"wp:featuredmedia":[{"embeddable":true,"href":"https:\/\/mussicom.com\/noticias\/wp-json\/wp\/v2\/media\/75407"}],"wp:attachment":[{"href":"https:\/\/mussicom.com\/noticias\/wp-json\/wp\/v2\/media?parent=75406"}],"wp:term":[{"taxonomy":"category","embeddable":true,"href":"https:\/\/mussicom.com\/noticias\/wp-json\/wp\/v2\/categories?post=75406"},{"taxonomy":"post_tag","embeddable":true,"href":"https:\/\/mussicom.com\/noticias\/wp-json\/wp\/v2\/tags?post=75406"}],"curies":[{"name":"wp","href":"https:\/\/api.w.org\/{rel}","templated":true}]}}