{"id":75376,"date":"2026-04-25T19:35:58","date_gmt":"2026-04-25T22:35:58","guid":{"rendered":"https:\/\/mussicom.com\/noticias\/defesa-civil-alerta-para-mudanca-no-tempo-a-partir-de-domingo\/"},"modified":"2026-04-25T19:35:58","modified_gmt":"2026-04-25T22:35:58","slug":"defesa-civil-alerta-para-mudanca-no-tempo-a-partir-de-domingo","status":"publish","type":"post","link":"https:\/\/mussicom.com\/noticias\/defesa-civil-alerta-para-mudanca-no-tempo-a-partir-de-domingo\/","title":{"rendered":"Defesa Civil alerta para mudan\u00e7a no tempo a partir de domingo"},"content":{"rendered":"<p> <br \/>\n<\/p>\n<div>\n<p>A Defesa Civil do Estado de S\u00e3o Paulo alerta para a mudan\u00e7a nas condi\u00e7\u00f5es do tempo entre domingo (26) e os pr\u00f3ximos dias, com previs\u00e3o de pancadas de chuva em diversas regi\u00f5es do estado.<\/p>\n<p>No domingo (26), o dia come\u00e7a com predom\u00ednio de sol em grande parte do territ\u00f3rio paulista. A partir da tarde, no entanto, h\u00e1 previs\u00e3o de pancadas de chuva isoladas, que podem ser acompanhadas por raios e rajadas de vento, principalmente nas regi\u00f5es sul e sudeste. A instabilidade ocorre devido \u00e0 aproxima\u00e7\u00e3o de uma frente fria pelo oceano, combinada ao calor e \u00e0 alta umidade.<\/p>\n<p>Na segunda-feira (27), o cen\u00e1rio se intensifica e atinge todo o estado. As pancadas de chuva devem ocorrer ao longo do dia, com momentos de moderada a forte intensidade, acompanhadas por descargas el\u00e9tricas e rajadas de vento, com maior impacto nas regi\u00f5es sul e sudeste paulista.<\/p>\n<p>A tend\u00eancia para os pr\u00f3ximos dias \u00e9 de aumento das chuvas em grande parte do estado, com possibilidade de volumes elevados, especialmente nas regi\u00f5es sul, sudeste e leste. As precipita\u00e7\u00f5es devem ocorrer de forma irregular e, em alguns momentos, podem ser mais intensas, elevando o risco para transtornos.<\/p>\n<p>Diante desse cen\u00e1rio, a Defesa Civil recomenda aten\u00e7\u00e3o redobrada, principalmente em \u00e1reas mais vulner\u00e1veis a alagamentos e deslizamentos. A popula\u00e7\u00e3o deve evitar \u00e1reas de risco, n\u00e3o atravessar vias alagadas e acompanhar os alertas oficiais. Em caso de emerg\u00eancia, acione a Defesa Civil pelo telefone 199 ou o Corpo de Bombeiros pelo 193.<\/p>\n<p>\u00a0<\/p>\n<\/div>\n<p><br \/>\n<br \/>Fonte: <a href=\"https:\/\/jornaldaorla.com.br\/noticias\/defesa-civil-alerta-para-mudanca-no-tempo-a-partir-de-domingo\/\">Jornal Da Orla<\/a><\/p>\n","protected":false},"excerpt":{"rendered":"<p>A Defesa Civil do Estado de S\u00e3o Paulo alerta para a mudan\u00e7a nas condi\u00e7\u00f5es do tempo entre domingo (26) e os pr\u00f3ximos dias, com previs\u00e3o de pancadas de chuva em diversas regi\u00f5es do estado. No domingo (26), o dia come\u00e7a com predom\u00ednio de sol em grande parte do territ\u00f3rio paulista. A partir da tarde, no [&hellip;]<\/p>\n","protected":false},"author":5,"featured_media":75377,"comment_status":"open","ping_status":"open","sticky":false,"template":"","format":"standard","meta":{"_seopress_robots_primary_cat":"","_seopress_titles_title":"","_seopress_titles_desc":"","_seopress_robots_index":"","footnotes":""},"categories":[52],"tags":[],"class_list":["post-75376","post","type-post","status-publish","format-standard","has-post-thumbnail","hentry","category-santoseregiao"],"_links":{"self":[{"href":"https:\/\/mussicom.com\/noticias\/wp-json\/wp\/v2\/posts\/75376","targetHints":{"allow":["GET"]}}],"collection":[{"href":"https:\/\/mussicom.com\/noticias\/wp-json\/wp\/v2\/posts"}],"about":[{"href":"https:\/\/mussicom.com\/noticias\/wp-json\/wp\/v2\/types\/post"}],"author":[{"embeddable":true,"href":"https:\/\/mussicom.com\/noticias\/wp-json\/wp\/v2\/users\/5"}],"replies":[{"embeddable":true,"href":"https:\/\/mussicom.com\/noticias\/wp-json\/wp\/v2\/comments?post=75376"}],"version-history":[{"count":0,"href":"https:\/\/mussicom.com\/noticias\/wp-json\/wp\/v2\/posts\/75376\/revisions"}],"wp:featuredmedia":[{"embeddable":true,"href":"https:\/\/mussicom.com\/noticias\/wp-json\/wp\/v2\/media\/75377"}],"wp:attachment":[{"href":"https:\/\/mussicom.com\/noticias\/wp-json\/wp\/v2\/media?parent=75376"}],"wp:term":[{"taxonomy":"category","embeddable":true,"href":"https:\/\/mussicom.com\/noticias\/wp-json\/wp\/v2\/categories?post=75376"},{"taxonomy":"post_tag","embeddable":true,"href":"https:\/\/mussicom.com\/noticias\/wp-json\/wp\/v2\/tags?post=75376"}],"curies":[{"name":"wp","href":"https:\/\/api.w.org\/{rel}","templated":true}]}}