{"id":75228,"date":"2026-04-25T00:08:09","date_gmt":"2026-04-25T03:08:09","guid":{"rendered":"https:\/\/mussicom.com\/noticias\/moraes-manda-prender-filipe-martins-e-mais-4-por-suposto-golpe\/"},"modified":"2026-04-25T00:08:09","modified_gmt":"2026-04-25T03:08:09","slug":"moraes-manda-prender-filipe-martins-e-mais-4-por-suposto-golpe","status":"publish","type":"post","link":"https:\/\/mussicom.com\/noticias\/moraes-manda-prender-filipe-martins-e-mais-4-por-suposto-golpe\/","title":{"rendered":"Moraes manda prender Filipe Martins e mais 4 por suposto golpe"},"content":{"rendered":"<p> <br \/>\n<\/p>\n<div id=\"tp-post-content\">\n<p class=\"postParagraph_post-paragraph__juWZN postParagraph_post-paragraph-innerHtml__Q5vwc\">O ministro do Supremo Tribunal Federal (STF) Alexandre de Moraes determinou nesta sexta-feira (24) que Filipe Martins comece a cumprir a pena de 21 anos de pris\u00e3o pela suposta tentativa de golpe de Estado.<\/p>\n<p class=\"postParagraph_post-paragraph__juWZN postParagraph_post-paragraph-innerHtml__Q5vwc\">Outros quatro condenados do n\u00facleo 2 tamb\u00e9m receberam ordens de pris\u00e3o definitiva. O relator declarou o tr\u00e2nsito em julgado da a\u00e7\u00e3o penal.<\/p>\n<p class=\"postParagraph_post-paragraph__juWZN postParagraph_post-paragraph-innerHtml__Q5vwc\">A defesa dos r\u00e9us tentou contestar as condena\u00e7\u00f5es por meio de diversos embargos de declara\u00e7\u00e3o, alegando omiss\u00f5es e contradi\u00e7\u00f5es, mas todos os recursos foram rejeitados por unanimidade pela Primeira Turma, que os considerou meramente protelat\u00f3rios.<\/p>\n<div class=\"postViewMore_post-view-more-container___5wai\" data-mrf-recirculation=\"Post - Veja tamb\u00e9m\">\n<p class=\"gp-styles-module-size-small-afeYRa gp-styles-module-font-family2-afeYRa gp-styles-module-color-secondary-afeYRa gp-styles-module-weight-bold-afeYRa\">VEJA TAMB\u00c9M:<\/p>\n<ul class=\"postViewMore_post-view-more-list__CU_CE\">\n<li class=\"postViewMore_post-view-more-item__2MzRb\"><span class=\"postViewMore_post-view-more-link-icon___stPC\"><svg xmlns=\"http:\/\/www.w3.org\/2000\/svg\" width=\"16\" height=\"16\" viewbox=\"0 0 16 16\"><rect width=\"16\" height=\"16\" fill=\"none\"\/><g transform=\"translate(3 3)\"><path d=\"M22.5,15l3.4,3.4-3.4,3.4\" transform=\"translate(-15.896 -11.793)\" fill=\"none\" stroke=\"#717171\" stroke-linecap=\"round\" stroke-width=\"1.4\"\/><path d=\"M6,6v4.2a2.452,2.452,0,0,0,2.5,2.4H16\" transform=\"translate(-6 -6)\" fill=\"none\" stroke=\"#717171\" stroke-linecap=\"round\" stroke-width=\"1.4\"\/><\/g><\/svg><\/span><span class=\"postViewMore_post-view-more-link-text__hO_kM\">STF quer gastar at\u00e9 R$ 249 mil para monitorar o que dizem sobre a Corte nas redes<\/span><\/li>\n<\/ul>\n<\/div>\n<p class=\"postParagraph_post-paragraph__juWZN postParagraph_post-paragraph-innerHtml__Q5vwc\">Com o tr\u00e2nsito em julgado, as ordens de pris\u00e3o definitiva foram expedidas e os nomes dos r\u00e9us lan\u00e7ados no rol dos culpados. Martins foi preso preventivamente no final do ano passado.<\/p>\n<p class=\"postParagraph_post-paragraph__juWZN postParagraph_post-paragraph-innerHtml__Q5vwc\">De acordo com o ac\u00f3rd\u00e3o, o grupo integrava uma estrutura que teria utilizado \u00f3rg\u00e3os do Estado para difundir narrativas falsas sobre a vulnerabilidade das urnas eletr\u00f4nicas e a legitimidade da Justi\u00e7a Eleitoral.<\/p>\n<p class=\"postParagraph_post-paragraph__juWZN postParagraph_post-paragraph-innerHtml__Q5vwc\">O objetivo, segundo a acusa\u00e7\u00e3o, era criar um cen\u00e1rio de caos que permitisse a manuten\u00e7\u00e3o il\u00edcita do ex-presidente Jair Bolsonaro (PL) no poder, independentemente do resultado das urnas, culminando nos atos de 8 de janeiro de 2023.<\/p>\n<h2 class=\"postParagraph_post-paragraph__juWZN postParagraph_post-paragraph-innerHtml__Q5vwc postParagraph_type-tag-h2__TtFkT\">Condenados do n\u00facleo 2<\/h2>\n<p class=\"postParagraph_post-paragraph__juWZN postParagraph_post-paragraph-innerHtml__Q5vwc\"><strong>M\u00e1rio Fernandes: <\/strong>general da reserva e ex-secret\u00e1rio-executivo da Secretaria-Geral da Presid\u00eancia recebeu a maior pena, de 26 anos e 6 meses de pris\u00e3o. Ele foi apontado como autor do plano &#8220;Punhal Verde e Amarelo&#8221;, que previa a &#8220;neutraliza\u00e7\u00e3o&#8221; de autoridades.<\/p>\n<p class=\"postParagraph_post-paragraph__juWZN postParagraph_post-paragraph-innerHtml__Q5vwc\"><strong>Silvinei Vasques:<\/strong> ex-diretor-geral da Pol\u00edcia Rodovi\u00e1ria Federal (PRF) foi condenado a 24 anos e 6 meses. Ele foi foi preso em 26 de dezembro passado no Paraguai. A Corte considerou que Silvinei instrumentalizou a PRF para interferir no fluxo de eleitores durante o segundo turno das elei\u00e7\u00f5es de 2022.<\/p>\n<p class=\"postParagraph_post-paragraph__juWZN postParagraph_post-paragraph-innerHtml__Q5vwc\"><strong>Marcelo Costa C\u00e2mara:<\/strong> coronel da reserva e ex-assessor especial do governo Bolsonaro foi condenado a 21 anos de pris\u00e3o. Preso preventivamente desde junho de 2025, C\u00e2mara foi vinculado ao monitoramento ilegal de autoridades.<\/p>\n<p class=\"postParagraph_post-paragraph__juWZN postParagraph_post-paragraph-innerHtml__Q5vwc\"><strong>Filipe Martins:<\/strong> ex-assessor para Assuntos Internacionais do governo Bolsonaro foi condenado a 21 anos de pris\u00e3o. Martins foi apontado como autor de uma vers\u00e3o de minuta do decreto golpista.<\/p>\n<p class=\"postParagraph_post-paragraph__juWZN postParagraph_post-paragraph-innerHtml__Q5vwc\"><strong>Mar\u00edlia Ferreira de Alencar:<\/strong> ex-diretora de intelig\u00eancia do Minist\u00e9rio da Justi\u00e7a foi condenada a 8 anos e 6 meses de reclus\u00e3o. Devido a um procedimento cir\u00fargico recente, Moraes autorizou que ela inicie o cumprimento da pena em pris\u00e3o domiciliar por 90 dias, sob monitoramento eletr\u00f4nico.<\/p>\n<p class=\"postParagraph_post-paragraph__juWZN postParagraph_post-paragraph-innerHtml__Q5vwc\">Por outro lado, <strong>Fernando de Sousa Oliveira<\/strong>, ex-diretor de Opera\u00e7\u00f5es do Minist\u00e9rio da Justi\u00e7a, foi absolvido de todas as acusa\u00e7\u00f5es, uma vez que a instru\u00e7\u00e3o processual n\u00e3o comprovou sua participa\u00e7\u00e3o dolosa ou omiss\u00e3o nos atos.<\/p>\n<h2 class=\"postParagraph_post-paragraph__juWZN postParagraph_post-paragraph-innerHtml__Q5vwc postParagraph_type-tag-h2__TtFkT\">Senten\u00e7a estabelece perda de cargos e patentes<\/h2>\n<p class=\"postParagraph_post-paragraph__juWZN postParagraph_post-paragraph-innerHtml__Q5vwc\">Al\u00e9m das penas privativas de liberdade, o STF imp\u00f4s o pagamento solid\u00e1rio de R$ 30 milh\u00f5es a t\u00edtulo de danos morais coletivos.<\/p>\n<p class=\"postParagraph_post-paragraph__juWZN postParagraph_post-paragraph-innerHtml__Q5vwc\">A decis\u00e3o tamb\u00e9m determinou a perda do cargo p\u00fablico para Mar\u00edlia Alencar (delegada da PF) e Silvinei Vasques (PRF aposentado), al\u00e9m da inelegibilidade por 8 anos para todos os condenados.<\/p>\n<p class=\"postParagraph_post-paragraph__juWZN postParagraph_post-paragraph-innerHtml__Q5vwc\">No caso de Fernandes e C\u00e2mara, o Superior Tribunal Militar (STM) ser\u00e1 oficiado para decidir sobre a perda do posto e da patente.<\/p>\n<h2 class=\"postParagraph_post-paragraph__juWZN postParagraph_post-paragraph-innerHtml__Q5vwc postParagraph_type-tag-h2__TtFkT\">O que dizem as defesas<\/h2>\n<p class=\"postParagraph_post-paragraph__juWZN postParagraph_post-paragraph-innerHtml__Q5vwc\">Em nota divulgada ap\u00f3s a decis\u00e3o, a defesa de <strong>Filipe Martins<\/strong> classificou o processo como a &#8220;farsa da &#8216;Trama Golpista'&#8221; e afirmaram que o tr\u00e2nsito em julgado foi decretado &#8220;por vontade pr\u00f3pria&#8221; do relator, ignorando recursos ainda pendentes de an\u00e1lise.<\/p>\n<p class=\"postParagraph_post-paragraph__juWZN postParagraph_post-paragraph-innerHtml__Q5vwc\">A defesa sustenta que a ordem de pris\u00e3o n\u00e3o representa o in\u00edcio de uma pena, mas a &#8220;continuidade de um abuso&#8221; que j\u00e1 dura mais de 800 dias, descrevendo o per\u00edodo de pris\u00e3o preventiva como repleto de restri\u00e7\u00f5es &#8220;an\u00e1logas \u00e0 tortura&#8221;, incluindo per\u00edodos em isolamento e em unidades prisionais superlotadas.<\/p>\n<p class=\"postParagraph_post-paragraph__juWZN postParagraph_post-paragraph-innerHtml__Q5vwc\">A nota reitera que a condena\u00e7\u00e3o \u00e9 uma &#8220;maquiagem burocr\u00e1tica&#8221; para uma persegui\u00e7\u00e3o pol\u00edtica, alegando que o ac\u00f3rd\u00e3o ignorou dados t\u00e9cnicos de geolocaliza\u00e7\u00e3o \u2014 que situavam Martins a 15 km do Pal\u00e1cio da Alvorada no momento da reuni\u00e3o golpista \u2014 e baseou-se em uma &#8220;minuta fantasma&#8221; jamais localizada nos dispositivos do r\u00e9u.<\/p>\n<p class=\"postParagraph_post-paragraph__juWZN postParagraph_post-paragraph-innerHtml__Q5vwc\">Por fim, os advogados afirmam que Martins permanece &#8220;sereno&#8221; e confiante de que o caso servir\u00e1 de alerta para o resgate da normalidade institucional no Brasil.<\/p>\n<p class=\"postParagraph_post-paragraph__juWZN postParagraph_post-paragraph-innerHtml__Q5vwc\">Ao longo do processo, as defesas apresentaram justificativas t\u00e9cnicas e f\u00e1ticas para tentar reverter as condena\u00e7\u00f5es ou reduzir as penas. Os advogados de <strong>Marcelo Costa C\u00e2mara<\/strong> contestaram a classifica\u00e7\u00e3o do monitoramento de autoridades como &#8220;espionagem&#8221;, argumentando que o ac\u00f3rd\u00e3o n\u00e3o considerou a tecnologia utilizada para tal fim.<\/p>\n<p class=\"postParagraph_post-paragraph__juWZN postParagraph_post-paragraph-innerHtml__Q5vwc\">Al\u00e9m disso, a defesa questionou a valora\u00e7\u00e3o do depoimento do tenente-coronel Mauro Cid, delator no processo, alegando que ele demonstrou incerteza sobre se C\u00e2mara sabia da finalidade il\u00edcita dos monitoramentos.<\/p>\n<p class=\"postParagraph_post-paragraph__juWZN postParagraph_post-paragraph-innerHtml__Q5vwc\">A defesa de <strong>Silvinei Vasques<\/strong> negou que ele tenha tentado instrumentalizar a corpora\u00e7\u00e3o para fins pol\u00edticos e buscou afastar a conclus\u00e3o de que as blitze no Nordeste visavam dificultar o deslocamento de eleitores.<\/p>\n<p class=\"postParagraph_post-paragraph__juWZN postParagraph_post-paragraph-innerHtml__Q5vwc\">A defesa de <strong>Mar\u00edlia Ferreira de Alencar<\/strong> refutou a acusa\u00e7\u00e3o de que ela teria coordenado an\u00e1lises para subsidiar a\u00e7\u00f5es il\u00edcitas da PRF. Ap\u00f3s a condena\u00e7\u00e3o, os advogados obtiveram sucesso ao solicitar o in\u00edcio do cumprimento da pena em pris\u00e3o domiciliar por 90 dias, apresentando provas de um procedimento cir\u00fargico realizado pela r\u00e9 em mar\u00e7o de 2026.<\/p>\n<p class=\"postParagraph_post-paragraph__juWZN postParagraph_post-paragraph-innerHtml__Q5vwc\">A defesa de <strong>M\u00e1rio Fernandes <\/strong>alegou erros na an\u00e1lise de provas sobre a impress\u00e3o de documentos no Pal\u00e1cio do Planalto e tamb\u00e9m buscou desqualificar partes do depoimento de Mauro Cid.<\/p>\n<p class=\"postParagraph_post-paragraph__juWZN postParagraph_post-paragraph-innerHtml__Q5vwc\">A estrat\u00e9gia da defesa de <strong>Fernando de Sousa Oliveira<\/strong> foi a \u00fanica a resultar em absolvi\u00e7\u00e3o total. Seus advogados conseguiram demonstrar a exist\u00eancia de d\u00favida razo\u00e1vel sobre a participa\u00e7\u00e3o dolosa ou omiss\u00e3o de Oliveira tanto na interfer\u00eancia eleitoral quanto nos atos de 8 de janeiro.<\/p>\n<\/div>\n<p><br \/>\n<br \/>Fonte: <a href=\"https:\/\/www.gazetadopovo.com.br\/republica\/moraes-determina-prisao-definitiva-de-filipe-martins-e-outros-condenados-do-nucleo-2\/\">Revista Oeste<\/a><\/p>\n","protected":false},"excerpt":{"rendered":"<p>O ministro do Supremo Tribunal Federal (STF) Alexandre de Moraes determinou nesta sexta-feira (24) que Filipe Martins comece a cumprir a pena de 21 anos de pris\u00e3o pela suposta tentativa de golpe de Estado. Outros quatro condenados do n\u00facleo 2 tamb\u00e9m receberam ordens de pris\u00e3o definitiva. O relator declarou o tr\u00e2nsito em julgado da a\u00e7\u00e3o [&hellip;]<\/p>\n","protected":false},"author":5,"featured_media":75229,"comment_status":"open","ping_status":"open","sticky":false,"template":"","format":"standard","meta":{"_seopress_robots_primary_cat":"","_seopress_titles_title":"","_seopress_titles_desc":"","_seopress_robots_index":"","footnotes":""},"categories":[1],"tags":[],"class_list":["post-75228","post","type-post","status-publish","format-standard","has-post-thumbnail","hentry","category-ultimas-noticias"],"_links":{"self":[{"href":"https:\/\/mussicom.com\/noticias\/wp-json\/wp\/v2\/posts\/75228","targetHints":{"allow":["GET"]}}],"collection":[{"href":"https:\/\/mussicom.com\/noticias\/wp-json\/wp\/v2\/posts"}],"about":[{"href":"https:\/\/mussicom.com\/noticias\/wp-json\/wp\/v2\/types\/post"}],"author":[{"embeddable":true,"href":"https:\/\/mussicom.com\/noticias\/wp-json\/wp\/v2\/users\/5"}],"replies":[{"embeddable":true,"href":"https:\/\/mussicom.com\/noticias\/wp-json\/wp\/v2\/comments?post=75228"}],"version-history":[{"count":0,"href":"https:\/\/mussicom.com\/noticias\/wp-json\/wp\/v2\/posts\/75228\/revisions"}],"wp:featuredmedia":[{"embeddable":true,"href":"https:\/\/mussicom.com\/noticias\/wp-json\/wp\/v2\/media\/75229"}],"wp:attachment":[{"href":"https:\/\/mussicom.com\/noticias\/wp-json\/wp\/v2\/media?parent=75228"}],"wp:term":[{"taxonomy":"category","embeddable":true,"href":"https:\/\/mussicom.com\/noticias\/wp-json\/wp\/v2\/categories?post=75228"},{"taxonomy":"post_tag","embeddable":true,"href":"https:\/\/mussicom.com\/noticias\/wp-json\/wp\/v2\/tags?post=75228"}],"curies":[{"name":"wp","href":"https:\/\/api.w.org\/{rel}","templated":true}]}}