{"id":7520,"date":"2025-03-24T10:57:02","date_gmt":"2025-03-24T13:57:02","guid":{"rendered":"https:\/\/www.mussicom.com\/lula-e-ditatorial-e-semelhante-ao-chavismo\/"},"modified":"2025-03-24T10:57:02","modified_gmt":"2025-03-24T13:57:02","slug":"lula-e-ditatorial-e-semelhante-ao-chavismo","status":"publish","type":"post","link":"https:\/\/mussicom.com\/noticias\/lula-e-ditatorial-e-semelhante-ao-chavismo\/","title":{"rendered":"&#8216;Lula \u00e9 ditatorial e semelhante ao chavismo&#8217;"},"content":{"rendered":"<p> <br \/>\n<\/p>\n<div id=\"hd80s9wa1h892edh8192\">\n<p>A situa\u00e7\u00e3o democr\u00e1tica no Brasil sob o governo de Luiz In\u00e1cio Lula da Silva levantou preocupa\u00e7\u00f5es do ex-ministro da Defesa da Bol\u00edvia Carlos S\u00e1nchez Berza\u00edn. Em <strong>publica\u00e7\u00e3o<\/strong> deste domingo, 23, no site argentino <strong>Infobae<\/strong>, o pol\u00edtico analisou acusa\u00e7\u00f5es de viola\u00e7\u00f5es aos direitos humanos e \u00e0 independ\u00eancia dos poderes p\u00fablicos na gest\u00e3o petista. <\/p>\n<p>Conforme Berza\u00edn, \u201cestas alega\u00e7\u00f5es geram questionamentos sobre o comprometimento do Brasil com os princ\u00edpios democr\u00e1ticos estabelecidos pela Carta Democr\u00e1tica Interamericana\u201d. <\/p>\n<p>\u201cSua pol\u00edtica externa o identifica como um governo ditatorial, e suas a\u00e7\u00f5es internas apontam para o caminho em dire\u00e7\u00e3o a um regime socialista do s\u00e9culo 21, ou castrochavismo\u201d, analisou o ex-ministro, que tamb\u00e9m \u00e9 advogado.<\/p>\n<p>Tal carta destaca a soberania popular, a prote\u00e7\u00e3o dos direitos fundamentais e a independ\u00eancia das institui\u00e7\u00f5es. Em seu hist\u00f3rico de governo, Lula estabeleceu rela\u00e7\u00f5es com regimes autorit\u00e1rios, como Cuba, Venezuela e Nicar\u00e1gua, e buscou parcerias com pa\u00edses como China e Ir\u00e3. <\/p>\n<p><strong>+ Leia mais not\u00edcias de Mundo em Oeste<\/strong><\/p>\n<p>Cr\u00edticos veem essas a\u00e7\u00f5es como um poss\u00edvel alinhamento com o chamado \u201csocialismo do s\u00e9culo 21\u201d. Este conceito tem associa\u00e7\u00e3o, por exemplo, ao regime de Hugo Ch\u00e1vez e Nicol\u00e1s Maduro, na Venezuela.<\/p>\n<h2 class=\"wp-block-heading\">Sob Lula, democracia estaria em risco<\/h2>\n<figure class=\"wp-block-image aligncenter size-full\"><picture><source data-srcset=\"https:\/\/medias.revistaoeste.com\/wp-content\/uploads\/2024\/11\/Lula-e-Maduro-scaled.jpg.webp 2560w, https:\/\/medias.revistaoeste.com\/wp-content\/uploads\/2024\/11\/Lula-e-Maduro-300x200.jpg.webp 300w, https:\/\/medias.revistaoeste.com\/wp-content\/uploads\/2024\/11\/Lula-e-Maduro-150x100.jpg.webp 150w\" data-sizes=\"(max-width: 2560px) 100vw, 2560px\" type=\"image\/webp\"><img fetchpriority=\"high\" decoding=\"async\" width=\"2560\" height=\"1707\" src=\"https:\/\/medias.revistaoeste.com\/wp-content\/uploads\/2024\/11\/Lula-e-Maduro-scaled.jpg\" alt=\"Presidente Lula e o ditador da Venezuela, Nicol\u00e1s Maduro\" class=\"wp-image-1745683\" srcset=\"https:\/\/medias.revistaoeste.com\/wp-content\/uploads\/2024\/11\/Lula-e-Maduro-scaled.jpg 2560w, https:\/\/medias.revistaoeste.com\/wp-content\/uploads\/2024\/11\/Lula-e-Maduro-300x200.jpg 300w, https:\/\/medias.revistaoeste.com\/wp-content\/uploads\/2024\/11\/Lula-e-Maduro-150x100.jpg 150w\" sizes=\"(max-width: 2560px) 100vw, 2560px\" data-eio=\"p\"\/><\/source><\/picture><figcaption class=\"wp-element-caption\">Presidente da Rep\u00fablica, Luiz In\u00e1cio Lula da Silva, durante reuni\u00e3o bilateral com o ditador da Venezuela, Nicol\u00e1s Maduro | Foto: Ricardo Stuckert\/PR<\/figcaption><\/figure>\n<p>A publica\u00e7\u00e3o do ministro traz o conceito num contexto latino-americano descrito no livro <em>Ditaduras do S\u00e9culo 21<\/em>, de Osvaldo Hurtado. O escritor descreve como democracias podem se transformar em ditaduras plebiscit\u00e1rias.<\/p>\n<p>\u201cEste modelo, que manipula institui\u00e7\u00f5es para consolidar o poder, \u00e9 comparado \u00e0 situa\u00e7\u00e3o atual no Brasil\u201d, afirmou Berza\u00edn.<\/p>\n<p><strong>Leia tamb\u00e9m: \u201cUma cortina cor de toga\u201d, artigo de Alexandre Garcia publicado na Edi\u00e7\u00e3o da Revista Oeste<\/strong><\/p>\n<p>Al\u00e9m da pol\u00edtica externa de Lula, internamente, h\u00e1 sinais de judicializa\u00e7\u00e3o na persegui\u00e7\u00e3o pol\u00edtica. Segundo o pol\u00edtico boliviano, essas t\u00e1ticas foram usadas em outros pa\u00edses da regi\u00e3o. <\/p>\n<p>A nomea\u00e7\u00e3o de Cristiano Zanin, advogado que conseguiu a soltura de Lula, como juiz do Supremo Tribunal Federal (STF) tamb\u00e9m foi tema da an\u00e1lise de Berza\u00edn. Segundo ele, \u201cessa situa\u00e7\u00e3o \u00e9 similar a ocorr\u00eancias em pa\u00edses como Venezuela e Nicar\u00e1gua, onde l\u00edderes opositores enfrentam processos judiciais com motiva\u00e7\u00f5es pol\u00edticas\u201d.<\/p>\n<figure class=\"wp-block-embed is-type-video is-provider-youtube wp-block-embed-youtube wp-embed-aspect-16-9 wp-has-aspect-ratio\">\n<div class=\"wp-block-embed__wrapper\">\n<div class=\"perfmatters-lazy-youtube\" data-src=\"https:\/\/www.youtube.com\/embed\/eIjLneiZAQU\" data-id=\"eIjLneiZAQU\" data-query=\"feature=oembed\" onclick=\"perfmattersLazyLoadYouTube(this);\">\n<div><img decoding=\"async\" alt=\"YouTube video\" width=\"480\" height=\"360\" data-pin-nopin=\"true\" nopin=\"nopin\" class=\"perfmatters-lazy\" src=\"https:\/\/i.ytimg.com\/vi\/eIjLneiZAQU\/hqdefault.jpg\"\/><img decoding=\"async\" src=\"https:\/\/i.ytimg.com\/vi\/eIjLneiZAQU\/hqdefault.jpg\" alt=\"YouTube video\" width=\"480\" height=\"360\" data-pin-nopin=\"true\" nopin=\"nopin\"\/><\/div>\n<\/div>\n<p><noscript><iframe title=\"POVO NA RUA POR ANISTIA J\u00c1 - MANIFESTA\u00c7\u00c3O EM COPACABANA - COBERTURA ESPECIAL DA OESTE - 9 DA MANH\u00c3\" width=\"800\" height=\"450\" src=\"https:\/\/www.youtube.com\/embed\/eIjLneiZAQU?feature=oembed\" frameborder=\"0\" allow=\"accelerometer; autoplay; clipboard-write; encrypted-media; gyroscope; picture-in-picture; web-share\" referrerpolicy=\"strict-origin-when-cross-origin\" allowfullscreen><\/iframe><\/noscript>\n<\/div>\n<\/figure>\n<p>Na conclus\u00e3o do texto, o pol\u00edtico boliviano mencionou o fato de o deputado federal Eduardo Bolsonaro (PL-SP) deixar o pa\u00eds rumo aos Estados Unidos, a fim de conseguir apoio contra a Corte. \u201cEle lan\u00e7ou cr\u00edticas ao juiz do Supremo Tribunal Federal Alexandre de Moraes, instrutor do caso que analisa se Jair Bolsonaro dirigiu um plano contra o governo de Luiz In\u00e1cio Lula da Silva\u201d, escreveu.<\/p>\n<\/p><\/div>\n<p><br \/>\n<br \/>Fonte: <a href=\"https:\/\/revistaoeste.com\/mundo\/ex-ministro-da-bolivia-governo-lula-e-ditatorial-e-semelhante-ao-chavismo\/\">Revista Oeste<\/a><\/p>\n","protected":false},"excerpt":{"rendered":"<p>A situa\u00e7\u00e3o democr\u00e1tica no Brasil sob o governo de Luiz In\u00e1cio Lula da Silva levantou preocupa\u00e7\u00f5es do ex-ministro da Defesa da Bol\u00edvia Carlos S\u00e1nchez Berza\u00edn. Em publica\u00e7\u00e3o deste domingo, 23, no site argentino Infobae, o pol\u00edtico analisou acusa\u00e7\u00f5es de viola\u00e7\u00f5es aos direitos humanos e \u00e0 independ\u00eancia dos poderes p\u00fablicos na gest\u00e3o petista. Conforme Berza\u00edn, \u201cestas [&hellip;]<\/p>\n","protected":false},"author":5,"featured_media":7521,"comment_status":"open","ping_status":"open","sticky":false,"template":"","format":"standard","meta":{"_seopress_robots_primary_cat":"","_seopress_titles_title":"","_seopress_titles_desc":"","_seopress_robots_index":"","footnotes":""},"categories":[48],"tags":[],"class_list":["post-7520","post","type-post","status-publish","format-standard","has-post-thumbnail","hentry","category-internacional"],"_links":{"self":[{"href":"https:\/\/mussicom.com\/noticias\/wp-json\/wp\/v2\/posts\/7520","targetHints":{"allow":["GET"]}}],"collection":[{"href":"https:\/\/mussicom.com\/noticias\/wp-json\/wp\/v2\/posts"}],"about":[{"href":"https:\/\/mussicom.com\/noticias\/wp-json\/wp\/v2\/types\/post"}],"author":[{"embeddable":true,"href":"https:\/\/mussicom.com\/noticias\/wp-json\/wp\/v2\/users\/5"}],"replies":[{"embeddable":true,"href":"https:\/\/mussicom.com\/noticias\/wp-json\/wp\/v2\/comments?post=7520"}],"version-history":[{"count":0,"href":"https:\/\/mussicom.com\/noticias\/wp-json\/wp\/v2\/posts\/7520\/revisions"}],"wp:featuredmedia":[{"embeddable":true,"href":"https:\/\/mussicom.com\/noticias\/wp-json\/wp\/v2\/media\/7521"}],"wp:attachment":[{"href":"https:\/\/mussicom.com\/noticias\/wp-json\/wp\/v2\/media?parent=7520"}],"wp:term":[{"taxonomy":"category","embeddable":true,"href":"https:\/\/mussicom.com\/noticias\/wp-json\/wp\/v2\/categories?post=7520"},{"taxonomy":"post_tag","embeddable":true,"href":"https:\/\/mussicom.com\/noticias\/wp-json\/wp\/v2\/tags?post=7520"}],"curies":[{"name":"wp","href":"https:\/\/api.w.org\/{rel}","templated":true}]}}