{"id":75174,"date":"2026-04-24T19:31:52","date_gmt":"2026-04-24T22:31:52","guid":{"rendered":"https:\/\/mussicom.com\/noticias\/anac-estabelece-restricoes-para-transporte-de-power-banks-em-avioes\/"},"modified":"2026-04-24T19:31:52","modified_gmt":"2026-04-24T22:31:52","slug":"anac-estabelece-restricoes-para-transporte-de-power-banks-em-avioes","status":"publish","type":"post","link":"https:\/\/mussicom.com\/noticias\/anac-estabelece-restricoes-para-transporte-de-power-banks-em-avioes\/","title":{"rendered":"Anac estabelece restri\u00e7\u00f5es para transporte de power banks em avi\u00f5es"},"content":{"rendered":"<p> <br \/>\n<\/p>\n<div>\n<p><strong>A Ag\u00eancia Nacional de Avia\u00e7\u00e3o Civil (Anac) atualizou as regras para o transporte de carregadores port\u00e1teis (power banks) em voos. O objetivo \u00e9 aumentar a seguran\u00e7a das opera\u00e7\u00f5es a\u00e9reas.\u00a0\u00a0<\/strong><img decoding=\"async\" src=\"https:\/\/agenciabrasil.ebc.com.br\/ebc.gif?id=1687197&amp;o=node\" style=\"width:1px; height:1px; display:inline;\"\/><\/p>\n<p>Segundo a Anac, as medidas t\u00eam o objetivo de reduzir o risco de inc\u00eandios em cabine, pois as baterias de l\u00edtio podem apresentar falhas que levam ao superaquecimento.\u00a0<\/p>\n<p>A portaria regulat\u00f3ria que revisa regras j\u00e1 existentes foi publicada no Di\u00e1rio Oficial da Uni\u00e3o. A revis\u00e3o incorporou as novas especifica\u00e7\u00f5es da Organiza\u00e7\u00e3o da Avia\u00e7\u00e3o Civil Internacional (Oaci) sobre o transporte desses itens.\u00a0<\/p>\n<p><strong>As novas regras estabelecem:\u00a0<\/strong><\/p>\n<ul>\n<li>Power banks devem ser transportados exclusivamente na bagagem de m\u00e3o (regra j\u00e1 existente, agora refor\u00e7ada);<\/li>\n<li>Cada passageiro poder\u00e1 transportar, no m\u00e1ximo, dois power banks;<\/li>\n<li>Equipamentos devem ter capacidade de at\u00e9 100Wh;<\/li>\n<li>Modelos entre 100 Wh e 160 Wh precisar\u00e3o de autoriza\u00e7\u00e3o pr\u00e9via da companhia a\u00e9rea;\u00a0<\/li>\n<li>Modelos superiores a 160 Wh s\u00e3o proibidos e dever\u00e3o ser descartados antes da entrada na aeronave;<\/li>\n<li>Power banks n\u00e3o devem ser utilizados para carregar outros eletr\u00f4nicos a bordo da aeronave;<\/li>\n<li>Power banks devem estar protegidos contra curto-circuito, com os terminais isolados ou na embalagem original;\u00a0<\/li>\n<li>\u00c9 proibido recarregar power banks a bordo da aeronave.<\/li>\n<\/ul>\n<p><strong>A Anac orienta que passageiros entrem em contato com as empresas a\u00e9reas antes de embarcar portando power banks.\u00a0<\/strong><\/p>\n<p>Para mais informa\u00e7\u00f5es sobre itens permitidos e restri\u00e7\u00f5es no transporte a\u00e9reo, consulte o site\u00a0 da Anac.\u00a0<\/p>\n<p>      <!-- Relacionada --><\/p>\n<p>            <!-- Relacionada -->\n    <\/div>\n<p><br \/>\n<br \/>Fonte: <a href=\"https:\/\/agenciabrasil.ebc.com.br\/economia\/noticia\/2026-04\/anac-estabelece-restricoes-para-transporte-de-power-banks-em-avioes\">Gazeta do Povo<\/a><\/p>\n","protected":false},"excerpt":{"rendered":"<p>A Ag\u00eancia Nacional de Avia\u00e7\u00e3o Civil (Anac) atualizou as regras para o transporte de carregadores port\u00e1teis (power banks) em voos. O objetivo \u00e9 aumentar a seguran\u00e7a das opera\u00e7\u00f5es a\u00e9reas.\u00a0\u00a0 Segundo a Anac, as medidas t\u00eam o objetivo de reduzir o risco de inc\u00eandios em cabine, pois as baterias de l\u00edtio podem apresentar falhas que levam [&hellip;]<\/p>\n","protected":false},"author":5,"featured_media":75175,"comment_status":"open","ping_status":"open","sticky":false,"template":"","format":"standard","meta":{"_seopress_robots_primary_cat":"","_seopress_titles_title":"","_seopress_titles_desc":"","_seopress_robots_index":"","footnotes":""},"categories":[45],"tags":[],"class_list":["post-75174","post","type-post","status-publish","format-standard","has-post-thumbnail","hentry","category-economia"],"_links":{"self":[{"href":"https:\/\/mussicom.com\/noticias\/wp-json\/wp\/v2\/posts\/75174","targetHints":{"allow":["GET"]}}],"collection":[{"href":"https:\/\/mussicom.com\/noticias\/wp-json\/wp\/v2\/posts"}],"about":[{"href":"https:\/\/mussicom.com\/noticias\/wp-json\/wp\/v2\/types\/post"}],"author":[{"embeddable":true,"href":"https:\/\/mussicom.com\/noticias\/wp-json\/wp\/v2\/users\/5"}],"replies":[{"embeddable":true,"href":"https:\/\/mussicom.com\/noticias\/wp-json\/wp\/v2\/comments?post=75174"}],"version-history":[{"count":0,"href":"https:\/\/mussicom.com\/noticias\/wp-json\/wp\/v2\/posts\/75174\/revisions"}],"wp:featuredmedia":[{"embeddable":true,"href":"https:\/\/mussicom.com\/noticias\/wp-json\/wp\/v2\/media\/75175"}],"wp:attachment":[{"href":"https:\/\/mussicom.com\/noticias\/wp-json\/wp\/v2\/media?parent=75174"}],"wp:term":[{"taxonomy":"category","embeddable":true,"href":"https:\/\/mussicom.com\/noticias\/wp-json\/wp\/v2\/categories?post=75174"},{"taxonomy":"post_tag","embeddable":true,"href":"https:\/\/mussicom.com\/noticias\/wp-json\/wp\/v2\/tags?post=75174"}],"curies":[{"name":"wp","href":"https:\/\/api.w.org\/{rel}","templated":true}]}}