{"id":75144,"date":"2026-04-24T17:30:47","date_gmt":"2026-04-24T20:30:47","guid":{"rendered":"https:\/\/mussicom.com\/noticias\/justica-barra-decreto-de-trump-sobre-asilo-na-fronteira-sul\/"},"modified":"2026-04-24T17:30:47","modified_gmt":"2026-04-24T20:30:47","slug":"justica-barra-decreto-de-trump-sobre-asilo-na-fronteira-sul","status":"publish","type":"post","link":"https:\/\/mussicom.com\/noticias\/justica-barra-decreto-de-trump-sobre-asilo-na-fronteira-sul\/","title":{"rendered":"Justi\u00e7a barra decreto de Trump sobre asilo na fronteira sul"},"content":{"rendered":"<p> <br \/>\n<\/p>\n<div id=\"tp-post-content\">\n<p class=\"postParagraph_post-paragraph__juWZN postParagraph_post-paragraph-innerHtml__Q5vwc\">Tr\u00eas ju\u00edzes da Corte de Apela\u00e7\u00f5es dos Estados Unidos para o Circuito do Distrito de Columbia concordaram com a decis\u00e3o de uma inst\u00e2ncia inferior e bloquearam nesta sexta-feira (24) o decreto do presidente Donald Trump que suspendia o acesso de imigrantes ao asilo na fronteira sul do pa\u00eds. O republicano assinou a medida ao tomar posse para seu segundo mandato, em janeiro de 2025, e ela foi contestada por organiza\u00e7\u00f5es de defesa de imigrantes, segundo informou a ag\u00eancia <em>Associated Press<\/em> <em>(AP)<\/em>.<\/p>\n<p class=\"postParagraph_post-paragraph__juWZN postParagraph_post-paragraph-innerHtml__Q5vwc\">De acordo com o entendimento da corte, a legisla\u00e7\u00e3o migrat\u00f3ria dos EUA garante que estrangeiros possam solicitar asilo ao chegar \u00e0 fronteira do pa\u00eds, e o presidente n\u00e3o pode anular esse direito por meio de decreto. Os magistrados afirmaram que a Lei de Imigra\u00e7\u00e3o e Nacionalidade n\u00e3o autoriza a Casa Branca a criar procedimentos pr\u00f3prios para remover migrantes nem a suspender unilateralmente pedidos de prote\u00e7\u00e3o humanit\u00e1ria.<\/p>\n<p class=\"postParagraph_post-paragraph__juWZN postParagraph_post-paragraph-innerHtml__Q5vwc\">Ao tomar posse em janeiro de 2025, Trump declarou que situa\u00e7\u00e3o na fronteira com o M\u00e9xico configurava uma \u201cinvas\u00e3o\u201d e determinou a suspens\u00e3o da entrada f\u00edsica de migrantes pela regi\u00e3o, al\u00e9m do bloqueio tempor\u00e1rio de novos pedidos de asilo at\u00e9 nova decis\u00e3o do governo.<\/p>\n<p class=\"postParagraph_post-paragraph__juWZN postParagraph_post-paragraph-innerHtml__Q5vwc\">Segundo a decis\u00e3o judicial desta ter\u00e7a, o poder presidencial para restringir a entrada de determinados estrangeiros n\u00e3o inclui autoridade impl\u00edcita para ignorar o processo obrigat\u00f3rio previsto em lei para an\u00e1lise de casos de asilo e de alega\u00e7\u00f5es de risco de tortura no pa\u00eds de origem.<\/p>\n<p class=\"postParagraph_post-paragraph__juWZN postParagraph_post-paragraph-innerHtml__Q5vwc\">A Casa Branca reagiu e informou que o Departamento de Justi\u00e7a buscar\u00e1 nova revis\u00e3o do caso. O governo Trump ainda pode pedir que o plen\u00e1rio da pr\u00f3pria corte de apela\u00e7\u00f5es reavalie o julgamento ou recorrer diretamente \u00e0 Supreme Corte sobre o assunto.<\/p>\n<\/div>\n<p><br \/>\n<br \/>Fonte: <a href=\"https:\/\/www.gazetadopovo.com.br\/mundo\/justica-barra-decreto-de-trump-para-restringir-asilo-na-fronteira-sul-dos-eua\/\">Revista Oeste<\/a><\/p>\n","protected":false},"excerpt":{"rendered":"<p>Tr\u00eas ju\u00edzes da Corte de Apela\u00e7\u00f5es dos Estados Unidos para o Circuito do Distrito de Columbia concordaram com a decis\u00e3o de uma inst\u00e2ncia inferior e bloquearam nesta sexta-feira (24) o decreto do presidente Donald Trump que suspendia o acesso de imigrantes ao asilo na fronteira sul do pa\u00eds. O republicano assinou a medida ao tomar [&hellip;]<\/p>\n","protected":false},"author":5,"featured_media":75145,"comment_status":"open","ping_status":"open","sticky":false,"template":"","format":"standard","meta":{"_seopress_robots_primary_cat":"","_seopress_titles_title":"","_seopress_titles_desc":"","_seopress_robots_index":"","footnotes":""},"categories":[48],"tags":[],"class_list":["post-75144","post","type-post","status-publish","format-standard","has-post-thumbnail","hentry","category-internacional"],"_links":{"self":[{"href":"https:\/\/mussicom.com\/noticias\/wp-json\/wp\/v2\/posts\/75144","targetHints":{"allow":["GET"]}}],"collection":[{"href":"https:\/\/mussicom.com\/noticias\/wp-json\/wp\/v2\/posts"}],"about":[{"href":"https:\/\/mussicom.com\/noticias\/wp-json\/wp\/v2\/types\/post"}],"author":[{"embeddable":true,"href":"https:\/\/mussicom.com\/noticias\/wp-json\/wp\/v2\/users\/5"}],"replies":[{"embeddable":true,"href":"https:\/\/mussicom.com\/noticias\/wp-json\/wp\/v2\/comments?post=75144"}],"version-history":[{"count":0,"href":"https:\/\/mussicom.com\/noticias\/wp-json\/wp\/v2\/posts\/75144\/revisions"}],"wp:featuredmedia":[{"embeddable":true,"href":"https:\/\/mussicom.com\/noticias\/wp-json\/wp\/v2\/media\/75145"}],"wp:attachment":[{"href":"https:\/\/mussicom.com\/noticias\/wp-json\/wp\/v2\/media?parent=75144"}],"wp:term":[{"taxonomy":"category","embeddable":true,"href":"https:\/\/mussicom.com\/noticias\/wp-json\/wp\/v2\/categories?post=75144"},{"taxonomy":"post_tag","embeddable":true,"href":"https:\/\/mussicom.com\/noticias\/wp-json\/wp\/v2\/tags?post=75144"}],"curies":[{"name":"wp","href":"https:\/\/api.w.org\/{rel}","templated":true}]}}