{"id":7514,"date":"2025-03-24T10:24:21","date_gmt":"2025-03-24T13:24:21","guid":{"rendered":"https:\/\/mussicom.com\/greve-dos-auditores-pode-impactar-arrecadacao\/"},"modified":"2025-03-24T10:24:21","modified_gmt":"2025-03-24T13:24:21","slug":"greve-dos-auditores-pode-impactar-arrecadacao","status":"publish","type":"post","link":"https:\/\/mussicom.com\/noticias\/greve-dos-auditores-pode-impactar-arrecadacao\/","title":{"rendered":"greve dos auditores pode impactar arrecada\u00e7\u00e3o"},"content":{"rendered":"<p> <br \/>\n<\/p>\n<div id=\"hd80s9wa1h892edh8192\">\n<p>A greve dos auditores fiscais da Receita Federal, que chega a 118 dias \u2014 quase quatro meses \u2014, pode impactar significativamente a meta fiscal do governo, alerta o Sindicato dos Auditores Fiscais da Receita Federal, o Sindifisco Nacional.<\/p>\n<p>A paralisa\u00e7\u00e3o afeta a equipe de transa\u00e7\u00e3o de cr\u00e9ditos tribut\u00e1rios, respons\u00e1vel por negociar d\u00edvidas fiscais com os contribuintes, que tem cerca de R$ 14,6 bilh\u00f5es em negocia\u00e7\u00f5es na fase final. Esse montante, segundo o sindicato, s\u00f3 ser\u00e1 recolhido aos cofres p\u00fablicos depois do t\u00e9rmino da greve. O valor poderia quase triplicar a arrecada\u00e7\u00e3o do \u00f3rg\u00e3o com as transa\u00e7\u00f5es tribut\u00e1rias diretas.<\/p>\n<p>+ <strong>Leia mais not\u00edcias de\u00a0Economia\u00a0em Oeste<\/strong><\/p>\n<p>Al\u00e9m disso, a greve afeta o funcionamento do Conselho Administrativo de Recursos Fiscais (Carf), respons\u00e1vel por julgar recursos sobre autua\u00e7\u00f5es da Receita. Conselheiros da Fazenda Nacional participam das sess\u00f5es de julgamento, mas, desde janeiro, deixaram de pautar processos que somam R$ 145 bilh\u00f5es. <\/p>\n<p>O Carf tem 15 c\u00e2maras de julgamento e cerca de 150 conselheiros, divididos de forma equitativa entre representantes dos contribuintes e da Fazenda. Durante a greve, os auditores deixam de pautar todos os processos sob sua responsabilidade, independentemente do teor da a\u00e7\u00e3o. <\/p>\n<p>O presidente do Carf cancelou as sess\u00f5es ordin\u00e1rias, mantendo apenas as extraordin\u00e1rias, em um esfor\u00e7o para minimizar os efeitos da paralisa\u00e7\u00e3o.<\/p>\n<p>Segundo o Carf, em 2024, houve uma redu\u00e7\u00e3o de 18,7% da quantidade de processos, com queda do estoque de R$ 1,164 trilh\u00e3o para R$ 946 bilh\u00f5es. No entanto, com a continuidade da greve, esse ritmo de redu\u00e7\u00e3o pode ser comprometido.<\/p>\n<p>Entre dezembro do ano passado e janeiro deste ano, com a greve, o estoque voltou a subir, atingindo R$ 990 bilh\u00f5es e, posteriormente, R$ 1 trilh\u00e3o.<\/p>\n<h2 class=\"wp-block-heading\" id=\"2cf5c890\">Raz\u00f5es e negocia\u00e7\u00f5es da greve<\/h2>\n<p>A greve teve in\u00edcio devido a um acordo n\u00e3o cumprido pelo Minist\u00e9rio da Gest\u00e3o e Inova\u00e7\u00e3o em Servi\u00e7os P\u00fablicos (MGI), que previa uma rodada de negocia\u00e7\u00f5es para discutir o reajuste do vencimento b\u00e1sico dos auditores fiscais para 2025 e 2026. <\/p>\n<p>O presidente do Sindifisco Nacional, D\u00e3o Real, lembrou que a categoria est\u00e1 paralisada desde novembro, e pressiona pela implementa\u00e7\u00e3o do acordo. \u201cEstamos h\u00e1 um trimestre parados e isso fatalmente vai produzir efeitos no futuro\u201d, afirmou.<\/p>\n<figure class=\"wp-block-embed is-type-video is-provider-youtube wp-block-embed-youtube wp-embed-aspect-16-9 wp-has-aspect-ratio\">\n<div class=\"wp-block-embed__wrapper\">\n<div class=\"perfmatters-lazy-youtube\" data-src=\"https:\/\/www.youtube.com\/embed\/U5FMEL0JqbY\" data-id=\"U5FMEL0JqbY\" data-query=\"start=1&amp;feature=oembed\" onclick=\"perfmattersLazyLoadYouTube(this);\">\n<div><img fetchpriority=\"high\" decoding=\"async\" src=\"https:\/\/i.ytimg.com\/vi\/U5FMEL0JqbY\/hqdefault.jpg\" alt=\"YouTube video\" width=\"480\" height=\"360\" data-pin-nopin=\"true\" nopin=\"nopin\"\/><\/div>\n<\/div>\n<p><noscript><iframe title=\"Greve: paralisa\u00e7\u00e3o da Receita por mais tempo pode comprometer meta fiscal\" width=\"800\" height=\"450\" src=\"https:\/\/www.youtube.com\/embed\/U5FMEL0JqbY?feature=oembed\" frameborder=\"0\" allow=\"accelerometer; autoplay; clipboard-write; encrypted-media; gyroscope; picture-in-picture; web-share\" referrerpolicy=\"strict-origin-when-cross-origin\" allowfullscreen><\/iframe><\/noscript>\n<\/div>\n<\/figure>\n<p>Em fevereiro de 2024, um acordo foi firmado por meio de uma mesa de negocia\u00e7\u00e3o espec\u00edfica e tempor\u00e1ria, que abordou a regulamenta\u00e7\u00e3o do b\u00f4nus e o reajuste da remunera\u00e7\u00e3o dos servidores para 2024. <\/p>\n<p>O MGI informou que o reajuste do teto do b\u00f4nus resultou em um aumento nos ganhos mensais dos auditores, respeitando o limite or\u00e7ament\u00e1rio. O b\u00f4nus poder\u00e1 alcan\u00e7ar R$ 41,26 mil em fevereiro de 2026 para servidores no topo da carreira.<\/p>\n<\/p><\/div>\n<p><br \/>\n<br \/>Fonte: <a href=\"https:\/\/revistaoeste.com\/economia\/__trashed-33\/\">Revista oeste<\/a><\/p>\n","protected":false},"excerpt":{"rendered":"<p>A greve dos auditores fiscais da Receita Federal, que chega a 118 dias \u2014 quase quatro meses \u2014, pode impactar significativamente a meta fiscal do governo, alerta o Sindicato dos Auditores Fiscais da Receita Federal, o Sindifisco Nacional. A paralisa\u00e7\u00e3o afeta a equipe de transa\u00e7\u00e3o de cr\u00e9ditos tribut\u00e1rios, respons\u00e1vel por negociar d\u00edvidas fiscais com os [&hellip;]<\/p>\n","protected":false},"author":5,"featured_media":7515,"comment_status":"open","ping_status":"open","sticky":false,"template":"","format":"standard","meta":{"_seopress_robots_primary_cat":"","_seopress_titles_title":"","_seopress_titles_desc":"","_seopress_robots_index":"","footnotes":""},"categories":[45],"tags":[],"class_list":["post-7514","post","type-post","status-publish","format-standard","has-post-thumbnail","hentry","category-economia"],"_links":{"self":[{"href":"https:\/\/mussicom.com\/noticias\/wp-json\/wp\/v2\/posts\/7514","targetHints":{"allow":["GET"]}}],"collection":[{"href":"https:\/\/mussicom.com\/noticias\/wp-json\/wp\/v2\/posts"}],"about":[{"href":"https:\/\/mussicom.com\/noticias\/wp-json\/wp\/v2\/types\/post"}],"author":[{"embeddable":true,"href":"https:\/\/mussicom.com\/noticias\/wp-json\/wp\/v2\/users\/5"}],"replies":[{"embeddable":true,"href":"https:\/\/mussicom.com\/noticias\/wp-json\/wp\/v2\/comments?post=7514"}],"version-history":[{"count":0,"href":"https:\/\/mussicom.com\/noticias\/wp-json\/wp\/v2\/posts\/7514\/revisions"}],"wp:featuredmedia":[{"embeddable":true,"href":"https:\/\/mussicom.com\/noticias\/wp-json\/wp\/v2\/media\/7515"}],"wp:attachment":[{"href":"https:\/\/mussicom.com\/noticias\/wp-json\/wp\/v2\/media?parent=7514"}],"wp:term":[{"taxonomy":"category","embeddable":true,"href":"https:\/\/mussicom.com\/noticias\/wp-json\/wp\/v2\/categories?post=7514"},{"taxonomy":"post_tag","embeddable":true,"href":"https:\/\/mussicom.com\/noticias\/wp-json\/wp\/v2\/tags?post=7514"}],"curies":[{"name":"wp","href":"https:\/\/api.w.org\/{rel}","templated":true}]}}