{"id":75122,"date":"2026-04-24T15:28:11","date_gmt":"2026-04-24T18:28:11","guid":{"rendered":"https:\/\/mussicom.com\/noticias\/netanyahu-revela-que-descobriu-tumor-maligno\/"},"modified":"2026-04-24T15:28:11","modified_gmt":"2026-04-24T18:28:11","slug":"netanyahu-revela-que-descobriu-tumor-maligno","status":"publish","type":"post","link":"https:\/\/mussicom.com\/noticias\/netanyahu-revela-que-descobriu-tumor-maligno\/","title":{"rendered":"Netanyahu revela que descobriu tumor maligno"},"content":{"rendered":"<p> <br \/>\n<\/p>\n<div id=\"tp-post-content\">\n<p class=\"postParagraph_post-paragraph__juWZN postParagraph_post-paragraph-innerHtml__Q5vwc\">O primeiro-ministro de Israel, Benjamin Netanyahu, deu novos detalhes de seu diagn\u00f3stico de c\u00e2ncer nesta sexta-feira (24), revelando que se submeteu secretamente durante meses a um tratamento de radioterapia.<\/p>\n<p class=\"postParagraph_post-paragraph__juWZN postParagraph_post-paragraph-innerHtml__Q5vwc\">O gabinete do governante informou que pediu um atraso de dois meses na publica\u00e7\u00e3o do relat\u00f3rio m\u00e9dico &#8220;para que n\u00e3o fosse divulgado em plena guerra e, assim, evitar que o regime terrorista do Ir\u00e3 continuasse difundindo propaganda falsa contra Israel&#8221;. Durante o tratamento, foi descoberto um pequeno tumor maligno em sua pr\u00f3stata em est\u00e1gio inicial e sem sinal de met\u00e1stase.<\/p>\n<p class=\"postParagraph_post-paragraph__juWZN postParagraph_post-paragraph-innerHtml__Q5vwc\">&#8220;Foi uma descoberta acidental de um c\u00e2ncer de pr\u00f3stata em est\u00e1gio inicial&#8221;, diz o comunicado divulgado hoje, que explica que, em 29 de dezembro de 2024, Netanyahu foi submetido a um tratamento para uma hiperplasia (aumento) benigna da pr\u00f3stata. Depois disso, uma resson\u00e2ncia magn\u00e9tica de acompanhamento rotineiro revelou &#8220;um pequeno foco, de menos de um cent\u00edmetro, com caracter\u00edsticas suspeitas na pr\u00f3stata&#8221;.<\/p>\n<p class=\"postParagraph_post-paragraph__juWZN postParagraph_post-paragraph-innerHtml__Q5vwc\">Com o diagn\u00f3stico, o premi\u00ea recebeu duas op\u00e7\u00f5es de seus m\u00e9dicos: se submeter ao tratamento ou inicialmente apenas monitorar o tumor sem iniciar o tratamento, e que ele optou pela primeira op\u00e7\u00e3o.<\/p>\n<p class=\"postParagraph_post-paragraph__juWZN postParagraph_post-paragraph-innerHtml__Q5vwc\">\u201cQuando sou informado em tempo h\u00e1bil sobre um poss\u00edvel perigo, quero trat\u00e1-lo imediatamente\u201d, escreve ele. \u201cIsso vale tanto para o \u00e2mbito nacional quanto para o pessoal\u201d, acrescentou.<\/p>\n<p class=\"postParagraph_post-paragraph__juWZN postParagraph_post-paragraph-innerHtml__Q5vwc\">O gabinete do governante israelense informou que o tratamento eliminou totalmente o problema, sem deixar vest\u00edgios do tumor.<\/p>\n<\/div>\n<p><br \/>\n<br \/>Fonte: <a href=\"https:\/\/www.gazetadopovo.com.br\/mundo\/netanyahu-revela-que-se-submeteu-a-tratamento-para-tratar-tumor-maligno\/\">Revista Oeste<\/a><\/p>\n","protected":false},"excerpt":{"rendered":"<p>O primeiro-ministro de Israel, Benjamin Netanyahu, deu novos detalhes de seu diagn\u00f3stico de c\u00e2ncer nesta sexta-feira (24), revelando que se submeteu secretamente durante meses a um tratamento de radioterapia. O gabinete do governante informou que pediu um atraso de dois meses na publica\u00e7\u00e3o do relat\u00f3rio m\u00e9dico &#8220;para que n\u00e3o fosse divulgado em plena guerra e, [&hellip;]<\/p>\n","protected":false},"author":5,"featured_media":75123,"comment_status":"open","ping_status":"open","sticky":false,"template":"","format":"standard","meta":{"_seopress_robots_primary_cat":"","_seopress_titles_title":"","_seopress_titles_desc":"","_seopress_robots_index":"","footnotes":""},"categories":[48],"tags":[],"class_list":["post-75122","post","type-post","status-publish","format-standard","has-post-thumbnail","hentry","category-internacional"],"_links":{"self":[{"href":"https:\/\/mussicom.com\/noticias\/wp-json\/wp\/v2\/posts\/75122","targetHints":{"allow":["GET"]}}],"collection":[{"href":"https:\/\/mussicom.com\/noticias\/wp-json\/wp\/v2\/posts"}],"about":[{"href":"https:\/\/mussicom.com\/noticias\/wp-json\/wp\/v2\/types\/post"}],"author":[{"embeddable":true,"href":"https:\/\/mussicom.com\/noticias\/wp-json\/wp\/v2\/users\/5"}],"replies":[{"embeddable":true,"href":"https:\/\/mussicom.com\/noticias\/wp-json\/wp\/v2\/comments?post=75122"}],"version-history":[{"count":0,"href":"https:\/\/mussicom.com\/noticias\/wp-json\/wp\/v2\/posts\/75122\/revisions"}],"wp:featuredmedia":[{"embeddable":true,"href":"https:\/\/mussicom.com\/noticias\/wp-json\/wp\/v2\/media\/75123"}],"wp:attachment":[{"href":"https:\/\/mussicom.com\/noticias\/wp-json\/wp\/v2\/media?parent=75122"}],"wp:term":[{"taxonomy":"category","embeddable":true,"href":"https:\/\/mussicom.com\/noticias\/wp-json\/wp\/v2\/categories?post=75122"},{"taxonomy":"post_tag","embeddable":true,"href":"https:\/\/mussicom.com\/noticias\/wp-json\/wp\/v2\/tags?post=75122"}],"curies":[{"name":"wp","href":"https:\/\/api.w.org\/{rel}","templated":true}]}}