{"id":75084,"date":"2026-04-24T13:17:46","date_gmt":"2026-04-24T16:17:46","guid":{"rendered":"https:\/\/mussicom.com\/noticias\/tjdft-nega-recurso-do-careca-do-inss-contra-uso-de-apelido-por-jornalistas\/"},"modified":"2026-04-24T13:17:46","modified_gmt":"2026-04-24T16:17:46","slug":"tjdft-nega-recurso-do-careca-do-inss-contra-uso-de-apelido-por-jornalistas","status":"publish","type":"post","link":"https:\/\/mussicom.com\/noticias\/tjdft-nega-recurso-do-careca-do-inss-contra-uso-de-apelido-por-jornalistas\/","title":{"rendered":"TJDFT nega recurso do &#8220;careca do INSS&#8221; contra uso de apelido por jornalistas"},"content":{"rendered":"<p> <br \/>\n<\/p>\n<div id=\"tp-post-content\">\n<p class=\"postParagraph_post-paragraph__juWZN postParagraph_post-paragraph-innerHtml__Q5vwc\">Por unanimidade a 3\u00aa Turma Criminal do Tribunal de Justi\u00e7a do Distrito Federal e dos Territ\u00f3rios (TJDFT) manteve uma decis\u00e3o de primeira inst\u00e2ncia que negou uma queixa-crime contra dois jornalistas por usarem o apelido &#8220;Careca do INSS&#8221; para se referirem ao empres\u00e1rio Ant\u00f4nio Carlos Camilo Antunes, investigado por fraudes em descontos associativos.<\/p>\n<p class=\"postParagraph_post-paragraph__juWZN postParagraph_post-paragraph-innerHtml__Q5vwc\">A decis\u00e3o \u00e9 do dia 16 de abril. Nela, o colegiado entendeu que os jornalistas Etelmino Alfredo Pedrosa\u00a0e\u00a0Gabriel Resende, do portal Fatos Online, exerceram regularmente a liberdade de imprensa ao publicarem as mat\u00e9rias intituladas &#8220;Venda milion\u00e1ria: o fio da meada que liga Danielle Fonteles ao &#8216;Careca do INSS'&#8221; e &#8220;Escrit\u00f3rio do &#8216;Careca do INSS&#8217; \u00e9 alvo de opera\u00e7\u00e3o da PF ap\u00f3s esc\u00e2ndalo bilion\u00e1rio&#8221;.<\/p>\n<p class=\"postParagraph_post-paragraph__juWZN postParagraph_post-paragraph-innerHtml__Q5vwc\">As duas reportagens destacam conex\u00f5es entre Antunes e a compra de um im\u00f3vel avaliado em R$ 30 milh\u00f5es em Trancoso (BA). O relator, desembargador Jesu\u00edno Risato, entendeu que &#8220;mesmo que o texto jornal\u00edstico questione a regularidade da venda do im\u00f3vel citado, n\u00e3o h\u00e1 acusa\u00e7\u00e3o concreta, categ\u00f3rica e falsa da pr\u00e1tica de crime&#8221;.<\/p>\n<div class=\"postViewMore_post-view-more-container___5wai\" data-mrf-recirculation=\"Post - Veja tamb\u00e9m\">\n<p class=\"gp-styles-module-size-small-afeYRa gp-styles-module-font-family2-afeYRa gp-styles-module-color-secondary-afeYRa gp-styles-module-weight-bold-afeYRa\">VEJA TAMB\u00c9M:<\/p>\n<ul class=\"postViewMore_post-view-more-list__CU_CE\">\n<li class=\"postViewMore_post-view-more-item__2MzRb\"><span class=\"postViewMore_post-view-more-link-icon___stPC\"><svg xmlns=\"http:\/\/www.w3.org\/2000\/svg\" width=\"16\" height=\"16\" viewbox=\"0 0 16 16\"><rect width=\"16\" height=\"16\" fill=\"none\"\/><g transform=\"translate(3 3)\"><path d=\"M22.5,15l3.4,3.4-3.4,3.4\" transform=\"translate(-15.896 -11.793)\" fill=\"none\" stroke=\"#717171\" stroke-linecap=\"round\" stroke-width=\"1.4\"\/><path d=\"M6,6v4.2a2.452,2.452,0,0,0,2.5,2.4H16\" transform=\"translate(-6 -6)\" fill=\"none\" stroke=\"#717171\" stroke-linecap=\"round\" stroke-width=\"1.4\"\/><\/g><\/svg><\/span><span class=\"postViewMore_post-view-more-link-text__hO_kM\">O que acontece com Lulinha, Vorcaro, \u201cCareca do INSS\u201d e parlamentares indiciados pela CPMI<\/span><\/li>\n<li class=\"postViewMore_post-view-more-item__2MzRb\"><span class=\"postViewMore_post-view-more-link-icon___stPC\"><svg xmlns=\"http:\/\/www.w3.org\/2000\/svg\" width=\"16\" height=\"16\" viewbox=\"0 0 16 16\"><rect width=\"16\" height=\"16\" fill=\"none\"\/><g transform=\"translate(3 3)\"><path d=\"M22.5,15l3.4,3.4-3.4,3.4\" transform=\"translate(-15.896 -11.793)\" fill=\"none\" stroke=\"#717171\" stroke-linecap=\"round\" stroke-width=\"1.4\"\/><path d=\"M6,6v4.2a2.452,2.452,0,0,0,2.5,2.4H16\" transform=\"translate(-6 -6)\" fill=\"none\" stroke=\"#717171\" stroke-linecap=\"round\" stroke-width=\"1.4\"\/><\/g><\/svg><\/span><span class=\"postViewMore_post-view-more-link-text__hO_kM\">Advogado confirma viagem de Lulinha a Portugal com \u201cCareca do INSS\u201d para conhecer f\u00e1brica de cannabis<\/span><\/li>\n<\/ul>\n<\/div>\n<p class=\"postParagraph_post-paragraph__juWZN postParagraph_post-paragraph-innerHtml__Q5vwc\">&#8220;De se notar que as publica\u00e7\u00f5es se ancoram em fatos de interesse p\u00fablico, que s\u00e3o objeto de investiga\u00e7\u00e3o policial e n\u00e3o ultrapassam os limites do direito de cr\u00edtica, n\u00e3o se verificando ofensa deliberada. Inexiste, ademais, extrapola\u00e7\u00e3o dos limites constitucionais da atividade jornal\u00edstica. O que se verifica \u00e9 o exerc\u00edcio regular do direito de informar e emitir opini\u00e3o acerca de temas de interesse coletivo. N\u00e3o h\u00e1, portanto, o dolo de difamar&#8221;, diz o voto.<\/p>\n<p class=\"postParagraph_post-paragraph__juWZN postParagraph_post-paragraph-innerHtml__Q5vwc\">Em rela\u00e7\u00e3o ao apelido, o relator considerou que o uso j\u00e1 \u00e9 comum na opini\u00e3o p\u00fablica. Com isso, ele n\u00e3o viu inten\u00e7\u00e3o de caluniar (<em>animus caluniandi<\/em>), difamar (<em>animus difamandi<\/em>) ou injuriar (<em>animus injuriandi<\/em>), mas apenas de narrar fatos apurados (<em>animus narrandi<\/em>) ou criticar (<em>animus criticandi<\/em>).<\/p>\n<p class=\"postParagraph_post-paragraph__juWZN postParagraph_post-paragraph-innerHtml__Q5vwc\">&#8220;Quanto \u00e0 alcunha utilizada nas reportagens\u00a0\u00a0-&#8216;careca do INSS&#8217; \u2013 sabe-se que n\u00e3o foi criada pelos querelados, o que enfraquece a tese de\u00a0<em>animus injuriandi<\/em>. O apelido est\u00e1 amplamente difuso no notici\u00e1rio, funcionando como marcador de identifica\u00e7\u00e3o p\u00fablica, e n\u00e3o como instrumento aut\u00f4nomo de vilip\u00eandio. Sem o prop\u00f3sito espec\u00edfico de ofender, inexiste subsun\u00e7\u00e3o ao tipo de inj\u00faria&#8221;, conclui.<\/p>\n<p class=\"postParagraph_post-paragraph__juWZN postParagraph_post-paragraph-innerHtml__Q5vwc\">A <strong>Gazeta do Povo<\/strong> entrou em contato com a defesa de Antunes. O espa\u00e7o segue aberto para manifesta\u00e7\u00e3o.<\/p>\n<\/div>\n<p><br \/>\n<br \/>Fonte: <a href=\"https:\/\/www.gazetadopovo.com.br\/republica\/tjdft-nega-recurso-do-careca-do-inss-contra-uso-de-apelido-por-jornalistas\/\">Revista Oeste<\/a><\/p>\n","protected":false},"excerpt":{"rendered":"<p>Por unanimidade a 3\u00aa Turma Criminal do Tribunal de Justi\u00e7a do Distrito Federal e dos Territ\u00f3rios (TJDFT) manteve uma decis\u00e3o de primeira inst\u00e2ncia que negou uma queixa-crime contra dois jornalistas por usarem o apelido &#8220;Careca do INSS&#8221; para se referirem ao empres\u00e1rio Ant\u00f4nio Carlos Camilo Antunes, investigado por fraudes em descontos associativos. A decis\u00e3o \u00e9 [&hellip;]<\/p>\n","protected":false},"author":5,"featured_media":75085,"comment_status":"open","ping_status":"open","sticky":false,"template":"","format":"standard","meta":{"_seopress_robots_primary_cat":"","_seopress_titles_title":"","_seopress_titles_desc":"","_seopress_robots_index":"","footnotes":""},"categories":[1],"tags":[],"class_list":["post-75084","post","type-post","status-publish","format-standard","has-post-thumbnail","hentry","category-ultimas-noticias"],"_links":{"self":[{"href":"https:\/\/mussicom.com\/noticias\/wp-json\/wp\/v2\/posts\/75084","targetHints":{"allow":["GET"]}}],"collection":[{"href":"https:\/\/mussicom.com\/noticias\/wp-json\/wp\/v2\/posts"}],"about":[{"href":"https:\/\/mussicom.com\/noticias\/wp-json\/wp\/v2\/types\/post"}],"author":[{"embeddable":true,"href":"https:\/\/mussicom.com\/noticias\/wp-json\/wp\/v2\/users\/5"}],"replies":[{"embeddable":true,"href":"https:\/\/mussicom.com\/noticias\/wp-json\/wp\/v2\/comments?post=75084"}],"version-history":[{"count":0,"href":"https:\/\/mussicom.com\/noticias\/wp-json\/wp\/v2\/posts\/75084\/revisions"}],"wp:featuredmedia":[{"embeddable":true,"href":"https:\/\/mussicom.com\/noticias\/wp-json\/wp\/v2\/media\/75085"}],"wp:attachment":[{"href":"https:\/\/mussicom.com\/noticias\/wp-json\/wp\/v2\/media?parent=75084"}],"wp:term":[{"taxonomy":"category","embeddable":true,"href":"https:\/\/mussicom.com\/noticias\/wp-json\/wp\/v2\/categories?post=75084"},{"taxonomy":"post_tag","embeddable":true,"href":"https:\/\/mussicom.com\/noticias\/wp-json\/wp\/v2\/tags?post=75084"}],"curies":[{"name":"wp","href":"https:\/\/api.w.org\/{rel}","templated":true}]}}