{"id":75034,"date":"2026-04-24T08:20:49","date_gmt":"2026-04-24T11:20:49","guid":{"rendered":"https:\/\/mussicom.com\/noticias\/gcm-de-sao-vicente-detem-homem-por-suspeita-de-furto\/"},"modified":"2026-04-24T08:20:49","modified_gmt":"2026-04-24T11:20:49","slug":"gcm-de-sao-vicente-detem-homem-por-suspeita-de-furto","status":"publish","type":"post","link":"https:\/\/mussicom.com\/noticias\/gcm-de-sao-vicente-detem-homem-por-suspeita-de-furto\/","title":{"rendered":"GCM de S\u00e3o Vicente det\u00e9m homem por suspeita de furto"},"content":{"rendered":"<p> <br \/>\n<\/p>\n<div>\n<p>A Guarda Civil Municipal (GCM) de S\u00e3o Vicente deteve um homem por furto no bairro Vila S\u00e3o Jorge.<\/p>\n<p>A equipe foi acionada por mun\u00edcipes ap\u00f3s o indiv\u00edduo ser contido por funcion\u00e1rios de um estabelecimento comercial. Segundo relato, ele colocou produtos no carrinho, n\u00e3o passou pelo caixa e escondeu os itens na bolsa ao tentar sair do local.<\/p>\n<p>Durante a abordagem, o homem alegou que teria esquecido de pagar pelas mercadorias, avaliadas em R$ 350,10. Na busca pessoal, os agentes localizaram ainda outros produtos de uma segunda loja, tamb\u00e9m sem comprova\u00e7\u00e3o de pagamento.<\/p>\n<p>Um funcion\u00e1rio do outro estabelecimento compareceu \u00e0 delegacia e confirmou o furto por meio de imagens de monitoramento.<\/p>\n<p>O suspeito foi encaminhado ao Pronto-Socorro para avalia\u00e7\u00e3o m\u00e9dica e, posteriormente, conduzido ao 1\u00ba Distrito Policial, onde permaneceu \u00e0 disposi\u00e7\u00e3o da Pol\u00edcia Civil.<\/p>\n<\/div>\n<p><br \/>\n<br \/>Fonte: <a href=\"https:\/\/jornaldaorla.com.br\/noticias\/gcm-de-sao-vicente-detem-homem-por-suspeita-de-furto\/\">Jornal Da Orla<\/a><\/p>\n","protected":false},"excerpt":{"rendered":"<p>A Guarda Civil Municipal (GCM) de S\u00e3o Vicente deteve um homem por furto no bairro Vila S\u00e3o Jorge. A equipe foi acionada por mun\u00edcipes ap\u00f3s o indiv\u00edduo ser contido por funcion\u00e1rios de um estabelecimento comercial. Segundo relato, ele colocou produtos no carrinho, n\u00e3o passou pelo caixa e escondeu os itens na bolsa ao tentar sair [&hellip;]<\/p>\n","protected":false},"author":5,"featured_media":75035,"comment_status":"open","ping_status":"open","sticky":false,"template":"","format":"standard","meta":{"_seopress_robots_primary_cat":"","_seopress_titles_title":"","_seopress_titles_desc":"","_seopress_robots_index":"","footnotes":""},"categories":[52],"tags":[],"class_list":["post-75034","post","type-post","status-publish","format-standard","has-post-thumbnail","hentry","category-santoseregiao"],"_links":{"self":[{"href":"https:\/\/mussicom.com\/noticias\/wp-json\/wp\/v2\/posts\/75034","targetHints":{"allow":["GET"]}}],"collection":[{"href":"https:\/\/mussicom.com\/noticias\/wp-json\/wp\/v2\/posts"}],"about":[{"href":"https:\/\/mussicom.com\/noticias\/wp-json\/wp\/v2\/types\/post"}],"author":[{"embeddable":true,"href":"https:\/\/mussicom.com\/noticias\/wp-json\/wp\/v2\/users\/5"}],"replies":[{"embeddable":true,"href":"https:\/\/mussicom.com\/noticias\/wp-json\/wp\/v2\/comments?post=75034"}],"version-history":[{"count":0,"href":"https:\/\/mussicom.com\/noticias\/wp-json\/wp\/v2\/posts\/75034\/revisions"}],"wp:featuredmedia":[{"embeddable":true,"href":"https:\/\/mussicom.com\/noticias\/wp-json\/wp\/v2\/media\/75035"}],"wp:attachment":[{"href":"https:\/\/mussicom.com\/noticias\/wp-json\/wp\/v2\/media?parent=75034"}],"wp:term":[{"taxonomy":"category","embeddable":true,"href":"https:\/\/mussicom.com\/noticias\/wp-json\/wp\/v2\/categories?post=75034"},{"taxonomy":"post_tag","embeddable":true,"href":"https:\/\/mussicom.com\/noticias\/wp-json\/wp\/v2\/tags?post=75034"}],"curies":[{"name":"wp","href":"https:\/\/api.w.org\/{rel}","templated":true}]}}