{"id":74984,"date":"2026-04-24T02:13:49","date_gmt":"2026-04-24T05:13:49","guid":{"rendered":"https:\/\/mussicom.com\/noticias\/estrategia-de-trump-contra-o-crime-na-america-latina\/"},"modified":"2026-04-24T02:13:49","modified_gmt":"2026-04-24T05:13:49","slug":"estrategia-de-trump-contra-o-crime-na-america-latina","status":"publish","type":"post","link":"https:\/\/mussicom.com\/noticias\/estrategia-de-trump-contra-o-crime-na-america-latina\/","title":{"rendered":"Estrat\u00e9gia de Trump contra o crime na Am\u00e9rica Latina"},"content":{"rendered":"<p> <br \/>\n<\/p>\n<div id=\"tp-post-content\">\n<p class=\"postParagraph_post-paragraph__juWZN postParagraph_post-paragraph-innerHtml__Q5vwc\">O presidente dos Estados Unidos, Donald Trump, intensifica uma megaopera\u00e7\u00e3o militar e tecnol\u00f3gica contra o crime organizado na Am\u00e9rica Latina. A estrat\u00e9gia foca no uso de intelig\u00eancia artificial, classifica\u00e7\u00e3o de fac\u00e7\u00f5es como terroristas e cercos mar\u00edtimos para desarticular o narcotr\u00e1fico.<\/p>\n<h2 class=\"postParagraph_post-paragraph__juWZN postParagraph_post-paragraph-innerHtml__Q5vwc postParagraph_type-tag-h2__TtFkT\">O que \u00e9 o novo comando de guerra baseado em intelig\u00eancia artificial?<\/h2>\n<p class=\"postParagraph_post-paragraph__juWZN postParagraph_post-paragraph-innerHtml__Q5vwc\">Os Estados Unidos criaram o Comando de Guerra Aut\u00f4noma (SAWC), uma unidade que utiliza drones e plataformas n\u00e3o tripuladas coordenadas por intelig\u00eancia artificial. O objetivo \u00e9 vigiar e neutralizar criminosos em diversas frentes, desde o ambiente digital at\u00e9 opera\u00e7\u00f5es submarinas, focando especificamente em cart\u00e9is e grupos narcoterroristas que atuam no continente latino-americano.<\/p>\n<h2 class=\"postParagraph_post-paragraph__juWZN postParagraph_post-paragraph-innerHtml__Q5vwc postParagraph_type-tag-h2__TtFkT\">Quais grupos criminosos passaram a ser considerados terroristas?<\/h2>\n<p class=\"postParagraph_post-paragraph__juWZN postParagraph_post-paragraph-innerHtml__Q5vwc\">O governo americano classificou fac\u00e7\u00f5es como o Tren de Aragua (Venezuela), a Mara Salvatrucha (MS-13) e cart\u00e9is mexicanos como organiza\u00e7\u00f5es terroristas. Na pr\u00e1tica, isso permite que os EUA apliquem leis mais r\u00edgidas, congelem bens desses grupos em qualquer lugar do mundo e tenham base legal para realizar ataques militares diretos onde essas fac\u00e7\u00f5es operam.<\/p>\n<h2 class=\"postParagraph_post-paragraph__juWZN postParagraph_post-paragraph-innerHtml__Q5vwc postParagraph_type-tag-h2__TtFkT\">Como funciona a Opera\u00e7\u00e3o Lan\u00e7a do Sul nos oceanos?<\/h2>\n<p class=\"postParagraph_post-paragraph__juWZN postParagraph_post-paragraph-innerHtml__Q5vwc\">A Opera\u00e7\u00e3o Southern Spear (Lan\u00e7a do Sul) foca em bloquear as rotas de tr\u00e1fico no Caribe e no Pac\u00edfico. Para isso, o governo Trump mobilizou o maior porta-avi\u00f5es do mundo, o USS Gerald R. Ford, al\u00e9m de ca\u00e7as e drones. At\u00e9 o momento, a a\u00e7\u00e3o resultou em 52 ataques contra embarca\u00e7\u00f5es suspeitas, sendo considerada a maior mobiliza\u00e7\u00e3o militar americana na regi\u00e3o desde a Guerra Fria.<\/p>\n<h2 class=\"postParagraph_post-paragraph__juWZN postParagraph_post-paragraph-innerHtml__Q5vwc postParagraph_type-tag-h2__TtFkT\">O que \u00e9 o Escudo das Am\u00e9ricas e quem participa?<\/h2>\n<p class=\"postParagraph_post-paragraph__juWZN postParagraph_post-paragraph-innerHtml__Q5vwc\">Trata-se de uma coaliz\u00e3o militar e de intelig\u00eancia lan\u00e7ada por Trump com 17 pa\u00edses da regi\u00e3o, como Argentina, Equador e El Salvador. A proposta \u00e9 unir for\u00e7as para trocar informa\u00e7\u00f5es e realizar opera\u00e7\u00f5es policiais conjuntas contra fac\u00e7\u00f5es. Pa\u00edses governados por l\u00edderes de esquerda, como Brasil, M\u00e9xico e Col\u00f4mbia, ficaram fora dessa alian\u00e7a inicial.<\/p>\n<h2 class=\"postParagraph_post-paragraph__juWZN postParagraph_post-paragraph-innerHtml__Q5vwc postParagraph_type-tag-h2__TtFkT\">Qual \u00e9 a situa\u00e7\u00e3o atual da coopera\u00e7\u00e3o entre EUA e Brasil?<\/h2>\n<p class=\"postParagraph_post-paragraph__juWZN postParagraph_post-paragraph-innerHtml__Q5vwc\">Apesar de acordos formais para vigiar portos e fronteiras, a rela\u00e7\u00e3o atravessa um impasse diplom\u00e1tico. Existe uma tens\u00e3o pol\u00edtica entre os governos Trump e Lula, agravada por epis\u00f3dios de expuls\u00e3o de agentes diplom\u00e1ticos. Especialistas e policiais brasileiros afirmam que, na pr\u00e1tica, as parcerias ainda n\u00e3o trouxeram resultados vis\u00edveis no combate ao crime organizado no territ\u00f3rio nacional.<\/p>\n<p class=\"postParagraph_post-paragraph__juWZN postParagraph_post-paragraph-innerHtml__Q5vwc\"><i>Conte\u00fado produzido a partir de informa\u00e7\u00f5es apuradas pela equipe de rep\u00f3rteres da Gazeta do Povo. Para acessar a informa\u00e7\u00e3o na \u00edntegra e se aprofundar sobre o tema leia a reportagem abaixo.<\/i><\/p>\n<div class=\"postViewMore_post-view-more-container___5wai\" data-mrf-recirculation=\"Post - Veja tamb\u00e9m\">\n<p class=\"gp-styles-module-size-small-afeYRa gp-styles-module-font-family2-afeYRa gp-styles-module-color-secondary-afeYRa gp-styles-module-weight-bold-afeYRa\">VEJA TAMB\u00c9M:<\/p>\n<ul class=\"postViewMore_post-view-more-list__CU_CE\">\n<li class=\"postViewMore_post-view-more-item__2MzRb\"><span class=\"postViewMore_post-view-more-link-icon___stPC\"><svg xmlns=\"http:\/\/www.w3.org\/2000\/svg\" width=\"16\" height=\"16\" viewbox=\"0 0 16 16\"><rect width=\"16\" height=\"16\" fill=\"none\"\/><g transform=\"translate(3 3)\"><path d=\"M22.5,15l3.4,3.4-3.4,3.4\" transform=\"translate(-15.896 -11.793)\" fill=\"none\" stroke=\"#717171\" stroke-linecap=\"round\" stroke-width=\"1.4\"\/><path d=\"M6,6v4.2a2.452,2.452,0,0,0,2.5,2.4H16\" transform=\"translate(-6 -6)\" fill=\"none\" stroke=\"#717171\" stroke-linecap=\"round\" stroke-width=\"1.4\"\/><\/g><\/svg><\/span><span class=\"postViewMore_post-view-more-link-text__hO_kM\">6 frentes da estrat\u00e9gia de Trump contra fac\u00e7\u00f5es na Am\u00e9rica Latina<\/span><\/li>\n<\/ul>\n<\/div>\n<\/div>\n<p><br \/>\n<br \/>Fonte: <a href=\"https:\/\/www.gazetadopovo.com.br\/mundo\/como-donald-trump-pretende-combater-o-crime-na-america-latina\/\">Revista Oeste<\/a><\/p>\n","protected":false},"excerpt":{"rendered":"<p>O presidente dos Estados Unidos, Donald Trump, intensifica uma megaopera\u00e7\u00e3o militar e tecnol\u00f3gica contra o crime organizado na Am\u00e9rica Latina. A estrat\u00e9gia foca no uso de intelig\u00eancia artificial, classifica\u00e7\u00e3o de fac\u00e7\u00f5es como terroristas e cercos mar\u00edtimos para desarticular o narcotr\u00e1fico. O que \u00e9 o novo comando de guerra baseado em intelig\u00eancia artificial? Os Estados Unidos [&hellip;]<\/p>\n","protected":false},"author":5,"featured_media":74985,"comment_status":"open","ping_status":"open","sticky":false,"template":"","format":"standard","meta":{"_seopress_robots_primary_cat":"","_seopress_titles_title":"","_seopress_titles_desc":"","_seopress_robots_index":"","footnotes":""},"categories":[48],"tags":[],"class_list":["post-74984","post","type-post","status-publish","format-standard","has-post-thumbnail","hentry","category-internacional"],"_links":{"self":[{"href":"https:\/\/mussicom.com\/noticias\/wp-json\/wp\/v2\/posts\/74984","targetHints":{"allow":["GET"]}}],"collection":[{"href":"https:\/\/mussicom.com\/noticias\/wp-json\/wp\/v2\/posts"}],"about":[{"href":"https:\/\/mussicom.com\/noticias\/wp-json\/wp\/v2\/types\/post"}],"author":[{"embeddable":true,"href":"https:\/\/mussicom.com\/noticias\/wp-json\/wp\/v2\/users\/5"}],"replies":[{"embeddable":true,"href":"https:\/\/mussicom.com\/noticias\/wp-json\/wp\/v2\/comments?post=74984"}],"version-history":[{"count":0,"href":"https:\/\/mussicom.com\/noticias\/wp-json\/wp\/v2\/posts\/74984\/revisions"}],"wp:featuredmedia":[{"embeddable":true,"href":"https:\/\/mussicom.com\/noticias\/wp-json\/wp\/v2\/media\/74985"}],"wp:attachment":[{"href":"https:\/\/mussicom.com\/noticias\/wp-json\/wp\/v2\/media?parent=74984"}],"wp:term":[{"taxonomy":"category","embeddable":true,"href":"https:\/\/mussicom.com\/noticias\/wp-json\/wp\/v2\/categories?post=74984"},{"taxonomy":"post_tag","embeddable":true,"href":"https:\/\/mussicom.com\/noticias\/wp-json\/wp\/v2\/tags?post=74984"}],"curies":[{"name":"wp","href":"https:\/\/api.w.org\/{rel}","templated":true}]}}