{"id":74918,"date":"2026-04-23T19:41:43","date_gmt":"2026-04-23T22:41:43","guid":{"rendered":"https:\/\/mussicom.com\/noticias\/onde-estao-e-o-que-fazem-os-ex-presidentes-do-brasil-hoje\/"},"modified":"2026-04-23T19:41:43","modified_gmt":"2026-04-23T22:41:43","slug":"onde-estao-e-o-que-fazem-os-ex-presidentes-do-brasil-hoje","status":"publish","type":"post","link":"https:\/\/mussicom.com\/noticias\/onde-estao-e-o-que-fazem-os-ex-presidentes-do-brasil-hoje\/","title":{"rendered":"Onde est\u00e3o e o que fazem os ex-presidentes do Brasil hoje"},"content":{"rendered":"<p> <br \/>\n<\/p>\n<div id=\"tp-post-content\">\n<p class=\"postParagraph_post-paragraph__juWZN postParagraph_post-paragraph-innerHtml__Q5vwc\">Em 23 de abril de 2026, o Brasil conta com seis ex-presidentes vivos. Mesmo fora do Pal\u00e1cio do Planalto, essas figuras mant\u00eam influ\u00eancia pol\u00edtica, lideram institui\u00e7\u00f5es internacionais ou enfrentam restri\u00e7\u00f5es judiciais, como a pris\u00e3o domiciliar por condena\u00e7\u00f5es recentes do STF.<\/p>\n<h2 class=\"postParagraph_post-paragraph__juWZN postParagraph_post-paragraph-innerHtml__Q5vwc postParagraph_type-tag-h2__TtFkT\">Quais ex-presidentes brasileiros est\u00e3o cumprindo pris\u00e3o domiciliar atualmente?<\/h2>\n<p class=\"postParagraph_post-paragraph__juWZN postParagraph_post-paragraph-innerHtml__Q5vwc\">Hoje, Jair Bolsonaro e Fernando Collor cumprem pris\u00e3o domiciliar por raz\u00f5es humanit\u00e1rias. Bolsonaro foi condenado recentemente pelo STF a uma pena de 27 anos e tr\u00eas meses por tentativa de golpe de Estado. J\u00e1 Collor cumpre pena de oito anos e dez meses por corrup\u00e7\u00e3o e lavagem de dinheiro. Ambos permanecem em suas resid\u00eancias devido a complica\u00e7\u00f5es de sa\u00fade, como quadros cl\u00ednicos delicados que exigem cuidados espec\u00edficos.<\/p>\n<h2 class=\"postParagraph_post-paragraph__juWZN postParagraph_post-paragraph-innerHtml__Q5vwc postParagraph_type-tag-h2__TtFkT\">Como est\u00e1 a situa\u00e7\u00e3o de Fernando Henrique Cardoso e Jos\u00e9 Sarney?<\/h2>\n<p class=\"postParagraph_post-paragraph__juWZN postParagraph_post-paragraph-innerHtml__Q5vwc\">Os dois presidentes mais antigos da Nova Rep\u00fablica vivem momentos diferentes. Jos\u00e9 Sarney, aos 95 anos, \u00e9 membro da Academia Brasileira de Letras e segue ativo como autor liter\u00e1rio. Em contrapartida, Fernando Henrique Cardoso, o FHC, foi interditado judicialmente em abril de 2026. A Justi\u00e7a tomou a decis\u00e3o ap\u00f3s um diagn\u00f3stico de decl\u00ednio cognitivo associado ao Alzheimer, e agora um de seus filhos responde legalmente por seus atos civis.<\/p>\n<h2 class=\"postParagraph_post-paragraph__juWZN postParagraph_post-paragraph-innerHtml__Q5vwc postParagraph_type-tag-h2__TtFkT\">Qual \u00e9 a atua\u00e7\u00e3o internacional de Dilma Rousseff no momento?<\/h2>\n<p class=\"postParagraph_post-paragraph__juWZN postParagraph_post-paragraph-innerHtml__Q5vwc\">A ex-presidente Dilma Rousseff preside o Novo Banco de Desenvolvimento, conhecido como o Banco dos BRICS (grupo que re\u00fane Brasil, R\u00fassia, \u00cdndia, China e \u00c1frica do Sul). Indicada originalmente pelo governo Lula, ela foi reeleita em 2025 para um novo mandato de cinco anos. Atualmente, ela \u00e9 a ex-presidente com a maior proje\u00e7\u00e3o em cargos executivos fora do pa\u00eds, contando inclusive com forte apoio de l\u00edderes internacionais como Vladimir Putin.<\/p>\n<h2 class=\"postParagraph_post-paragraph__juWZN postParagraph_post-paragraph-innerHtml__Q5vwc postParagraph_type-tag-h2__TtFkT\">Michel Temer ainda atua na pol\u00edtica brasileira?<\/h2>\n<p class=\"postParagraph_post-paragraph__juWZN postParagraph_post-paragraph-innerHtml__Q5vwc\">Sim, Michel Temer \u00e9 um dos ex-presidentes mais influentes nos bastidores de Bras\u00edlia. Ele atua como advogado e consultor, mas \u00e9 frequentemente procurado como articulador pol\u00edtico em temas sens\u00edveis, como a regula\u00e7\u00e3o de plataformas digitais e projetos que buscam a pacifica\u00e7\u00e3o jur\u00eddica do pa\u00eds. Recentemente, ele chegou a intermediar discuss\u00f5es sobre a redu\u00e7\u00e3o de penas para os envolvidos nos atos de 8 de janeiro de 2023.<\/p>\n<h2 class=\"postParagraph_post-paragraph__juWZN postParagraph_post-paragraph-innerHtml__Q5vwc postParagraph_type-tag-h2__TtFkT\">Quanto custa para a Uni\u00e3o manter a estrutura dos ex-presidentes?<\/h2>\n<p class=\"postParagraph_post-paragraph__juWZN postParagraph_post-paragraph-innerHtml__Q5vwc\">Pela lei, todo ex-presidente tem direito a assessores, seguran\u00e7as e ve\u00edculos oficiais pagos pelo governo federal. Em 2025, o custo total dessa estrutura ultrapassou R$ 9,5 milh\u00f5es. Dilma Rousseff liderou os gastos devido a viagens internacionais, seguida por Fernando Collor. FHC registrou o menor custo, pois n\u00e3o utilizou recursos de passagens a\u00e9reas. Esses benef\u00edcios s\u00e3o permanentes e mantidos independentemente da situa\u00e7\u00e3o judicial de cada ex-chefe de Estado.<\/p>\n<p class=\"postParagraph_post-paragraph__juWZN postParagraph_post-paragraph-innerHtml__Q5vwc\"><i>Conte\u00fado produzido a partir de informa\u00e7\u00f5es apuradas pela equipe de rep\u00f3rteres da Gazeta do Povo. Para acessar a informa\u00e7\u00e3o na \u00edntegra e se aprofundar sobre o tema leia a reportagem abaixo.<\/i><\/p>\n<div class=\"postViewMore_post-view-more-container___5wai\" data-mrf-recirculation=\"Post - Veja tamb\u00e9m\">\n<p class=\"gp-styles-module-size-small-afeYRa gp-styles-module-font-family2-afeYRa gp-styles-module-color-secondary-afeYRa gp-styles-module-weight-bold-afeYRa\">VEJA TAMB\u00c9M:<\/p>\n<ul class=\"postViewMore_post-view-more-list__CU_CE\">\n<li class=\"postViewMore_post-view-more-item__2MzRb\"><span class=\"postViewMore_post-view-more-link-icon___stPC\"><svg xmlns=\"http:\/\/www.w3.org\/2000\/svg\" width=\"16\" height=\"16\" viewbox=\"0 0 16 16\"><rect width=\"16\" height=\"16\" fill=\"none\"\/><g transform=\"translate(3 3)\"><path d=\"M22.5,15l3.4,3.4-3.4,3.4\" transform=\"translate(-15.896 -11.793)\" fill=\"none\" stroke=\"#717171\" stroke-linecap=\"round\" stroke-width=\"1.4\"\/><path d=\"M6,6v4.2a2.452,2.452,0,0,0,2.5,2.4H16\" transform=\"translate(-6 -6)\" fill=\"none\" stroke=\"#717171\" stroke-linecap=\"round\" stroke-width=\"1.4\"\/><\/g><\/svg><\/span><span class=\"postViewMore_post-view-more-link-text__hO_kM\">Por onde andam e o que fazem os ex-presidentes do Brasil hoje?<\/span><\/li>\n<\/ul>\n<\/div>\n<\/div>\n<p><br \/>\n<br \/>Fonte: <a href=\"https:\/\/www.gazetadopovo.com.br\/republica\/quem-sao-e-o-que-fazem-os-ex-presidentes-vivos-do-brasil-hoje\/\">Revista Oeste<\/a><\/p>\n","protected":false},"excerpt":{"rendered":"<p>Em 23 de abril de 2026, o Brasil conta com seis ex-presidentes vivos. Mesmo fora do Pal\u00e1cio do Planalto, essas figuras mant\u00eam influ\u00eancia pol\u00edtica, lideram institui\u00e7\u00f5es internacionais ou enfrentam restri\u00e7\u00f5es judiciais, como a pris\u00e3o domiciliar por condena\u00e7\u00f5es recentes do STF. Quais ex-presidentes brasileiros est\u00e3o cumprindo pris\u00e3o domiciliar atualmente? Hoje, Jair Bolsonaro e Fernando Collor cumprem [&hellip;]<\/p>\n","protected":false},"author":5,"featured_media":74919,"comment_status":"open","ping_status":"open","sticky":false,"template":"","format":"standard","meta":{"_seopress_robots_primary_cat":"","_seopress_titles_title":"","_seopress_titles_desc":"","_seopress_robots_index":"","footnotes":""},"categories":[1],"tags":[],"class_list":["post-74918","post","type-post","status-publish","format-standard","has-post-thumbnail","hentry","category-ultimas-noticias"],"_links":{"self":[{"href":"https:\/\/mussicom.com\/noticias\/wp-json\/wp\/v2\/posts\/74918","targetHints":{"allow":["GET"]}}],"collection":[{"href":"https:\/\/mussicom.com\/noticias\/wp-json\/wp\/v2\/posts"}],"about":[{"href":"https:\/\/mussicom.com\/noticias\/wp-json\/wp\/v2\/types\/post"}],"author":[{"embeddable":true,"href":"https:\/\/mussicom.com\/noticias\/wp-json\/wp\/v2\/users\/5"}],"replies":[{"embeddable":true,"href":"https:\/\/mussicom.com\/noticias\/wp-json\/wp\/v2\/comments?post=74918"}],"version-history":[{"count":0,"href":"https:\/\/mussicom.com\/noticias\/wp-json\/wp\/v2\/posts\/74918\/revisions"}],"wp:featuredmedia":[{"embeddable":true,"href":"https:\/\/mussicom.com\/noticias\/wp-json\/wp\/v2\/media\/74919"}],"wp:attachment":[{"href":"https:\/\/mussicom.com\/noticias\/wp-json\/wp\/v2\/media?parent=74918"}],"wp:term":[{"taxonomy":"category","embeddable":true,"href":"https:\/\/mussicom.com\/noticias\/wp-json\/wp\/v2\/categories?post=74918"},{"taxonomy":"post_tag","embeddable":true,"href":"https:\/\/mussicom.com\/noticias\/wp-json\/wp\/v2\/tags?post=74918"}],"curies":[{"name":"wp","href":"https:\/\/api.w.org\/{rel}","templated":true}]}}