{"id":74805,"date":"2026-04-23T10:50:48","date_gmt":"2026-04-23T13:50:48","guid":{"rendered":"https:\/\/mussicom.com\/gilmar-mendes-defende-que-inquerito-das-fake-news-continue-pelo-menos-ate-as-eleicoes\/"},"modified":"2026-04-23T10:50:48","modified_gmt":"2026-04-23T13:50:48","slug":"gilmar-mendes-defende-que-inquerito-das-fake-news-continue-pelo-menos-ate-as-eleicoes","status":"publish","type":"post","link":"https:\/\/mussicom.com\/noticias\/gilmar-mendes-defende-que-inquerito-das-fake-news-continue-pelo-menos-ate-as-eleicoes\/","title":{"rendered":"Gilmar Mendes defende que inqu\u00e9rito das fake news continue &#8220;pelo menos at\u00e9 as elei\u00e7\u00f5es&#8221;"},"content":{"rendered":"<p> <br \/>\n<\/p>\n<div id=\"tp-post-content\">\n<p class=\"postParagraph_post-paragraph__juWZN postParagraph_post-paragraph-innerHtml__Q5vwc\">O ministro do Supremo Tribunal Federal (STF) Gilmar Mendes defendeu a continuidade do inqu\u00e9rito das fake news, sob relatoria do ministro Alexandre de Moraes, &#8220;pelo menos at\u00e9 as elei\u00e7\u00f5es&#8221;. A declara\u00e7\u00e3o ocorreu em entrevista ao <em>Jornal da Globo<\/em> nesta quarta-feira (22).<\/p>\n<p class=\"postParagraph_post-paragraph__juWZN postParagraph_post-paragraph-innerHtml__Q5vwc\">&#8220;Eu acho que foi um momento importante o Supremo ter aberto o inqu\u00e9rito e mant\u00ea-lo pelo menos at\u00e9 as elei\u00e7\u00f5es, acho que \u00e9 relevante&#8221;, disse o ministro.<\/p>\n<p class=\"postParagraph_post-paragraph__juWZN postParagraph_post-paragraph-innerHtml__Q5vwc\">Em outro momento, o ministro ainda opinou que o inqu\u00e9rito, que j\u00e1 dura sete anos, &#8220;continua necess\u00e1rio&#8221; e que &#8220;vai acabar quando terminar&#8221;, uma vez que &#8220;o tribunal tem sido vilipendiado&#8221;.<\/p>\n<p class=\"postParagraph_post-paragraph__juWZN postParagraph_post-paragraph-innerHtml__Q5vwc\">Gilmar citou como exemplo do suposto vilip\u00eandio o pedido de indiciamento do relator da CPI do Crime Organizado, senador Alessandro Vieira (MDB-SE) contra ele, Moraes e Toffoli, al\u00e9m do procurador-geral da Rep\u00fablica, Paulo Gonet, o que chamou de &#8220;covardia&#8221;. &#8220;Isso pode ser deixado assim? Acho que n\u00e3o. \u00c9 preciso que haja resposta&#8221;, completou.<\/p>\n<div class=\"postViewMore_post-view-more-container___5wai\" data-mrf-recirculation=\"Post - Veja tamb\u00e9m\">\n<p class=\"gp-styles-module-size-small-afeYRa gp-styles-module-font-family2-afeYRa gp-styles-module-color-secondary-afeYRa gp-styles-module-weight-bold-afeYRa\">VEJA TAMB\u00c9M:<\/p>\n<ul class=\"postViewMore_post-view-more-list__CU_CE\">\n<li class=\"postViewMore_post-view-more-item__2MzRb\">\n<div class=\"postViewMore_post-view-more-image__5gUSe\"><picture class=\"imageDefault_image-container__XGd8_\"><\/picture><\/div>\n<p>Gilmar aponta \u201cmaldade\u201d sobre caso Master e critica \u201cexcesso\u201d de imunidade parlamentar<\/li>\n<\/ul>\n<\/div>\n<h2 class=\"postParagraph_post-paragraph__juWZN postParagraph_post-paragraph-innerHtml__Q5vwc postParagraph_type-tag-h2__TtFkT\">Ministro reage a v\u00eddeo de Zema: &#8220;N\u00e3o podemos fazer esse tipo de brincadeira&#8221;<\/h2>\n<div class=\"postImage_post-content-image__2CJdu\"><picture class=\"imageDefault_image-container__XGd8_\"><source type=\"image\/webp\" srcset=\"https:\/\/media.gazetadopovo.com.br\/2026\/04\/23101919\/img20251112163046254MED-960x540.jpg.webp 960w, https:\/\/media.gazetadopovo.com.br\/2026\/04\/23101919\/img20251112163046254MED-660x372.jpg.webp 660w, https:\/\/media.gazetadopovo.com.br\/2026\/04\/23101919\/img20251112163046254MED-540x333.jpg.webp 540w, https:\/\/media.gazetadopovo.com.br\/2026\/04\/23101919\/img20251112163046254MED-380x214.jpg.webp 380w, https:\/\/media.gazetadopovo.com.br\/2026\/04\/23101919\/img20251112163046254MED-540x540.jpg.webp 540w, https:\/\/media.gazetadopovo.com.br\/2026\/04\/23101919\/img20251112163046254MED-372x372.jpg.webp 372w, https:\/\/media.gazetadopovo.com.br\/2026\/04\/23101919\/img20251112163046254MED-214x214.jpg.webp 214w, https:\/\/media.gazetadopovo.com.br\/2026\/04\/23101919\/img20251112163046254MED.jpg.webp 1000w\" sizes=\"(max-width: 767px) 328px, 638px\"\/><source type=\"image\/jpeg\" srcset=\"https:\/\/media.gazetadopovo.com.br\/2026\/04\/23101919\/img20251112163046254MED-960x540.jpg.webp 960w, https:\/\/media.gazetadopovo.com.br\/2026\/04\/23101919\/img20251112163046254MED-660x372.jpg.webp 660w, https:\/\/media.gazetadopovo.com.br\/2026\/04\/23101919\/img20251112163046254MED-540x333.jpg.webp 540w, https:\/\/media.gazetadopovo.com.br\/2026\/04\/23101919\/img20251112163046254MED-380x214.jpg.webp 380w, https:\/\/media.gazetadopovo.com.br\/2026\/04\/23101919\/img20251112163046254MED-540x540.jpg.webp 540w, https:\/\/media.gazetadopovo.com.br\/2026\/04\/23101919\/img20251112163046254MED-372x372.jpg.webp 372w, https:\/\/media.gazetadopovo.com.br\/2026\/04\/23101919\/img20251112163046254MED-214x214.jpg.webp 214w, https:\/\/media.gazetadopovo.com.br\/2026\/04\/23101919\/img20251112163046254MED.jpg.webp 1000w\" sizes=\"(max-width: 767px) 328px, 638px\"\/><img loading=\"lazy\" alt=\"Ex-governador postou v\u00eddeo sat\u00edrico sobre ministros. Pedido para inclus\u00e3o no inqu\u00e9rito das fake news foi enviado por Moraes a Gonet. \" loading=\"lazy\" width=\"638\" height=\"359\" decoding=\"async\" data-nimg=\"1\" class=\"imageDefault_image-item__lU2Dk\" style=\"color:transparent\" src=\"https:\/\/media.gazetadopovo.com.br\/2026\/04\/23101919\/img20251112163046254MED.jpg.webp\"\/><\/picture><i class=\"postImage_post-image-caption__yoE82\">Ex-governador postou v\u00eddeo sat\u00edrico sobre ministros. Pedido para inclus\u00e3o no inqu\u00e9rito das fake news foi enviado por Moraes a Gonet. <!-- --> <!-- -->(Foto: Marina Ramos\/C\u00e2mara dos Deputados)<\/i><\/div>\n<p class=\"postParagraph_post-paragraph__juWZN postParagraph_post-paragraph-innerHtml__Q5vwc\">O ministro decidiu falar com a imprensa ap\u00f3s pedir que Moraes inclua o ex-governador de Minas Gerais Romeu Zema (Novo) no inqu\u00e9rito das fake news. O motivo \u00e9 um v\u00eddeo em que bonecos representam os magistrados, em um di\u00e1logo que menciona o resort Tayay\u00e1, envolvido na pol\u00eamica da rela\u00e7\u00e3o entre Toffoli e o dono do Banco Master, Daniel Vorcaro.<\/p>\n<p class=\"postParagraph_post-paragraph__juWZN postParagraph_post-paragraph-innerHtml__Q5vwc\">De acordo com Gilmar, o v\u00eddeo usa &#8220;sofisticada edi\u00e7\u00e3o profissional&#8221; para &#8220;travar di\u00e1logo que, al\u00e9m de inexistente, tem como claro intuito vulnerar a higidez desta institui\u00e7\u00e3o da Rep\u00fablica, com objetivo de realizar promo\u00e7\u00e3o pessoal&#8221;. Para ele, Zema &#8220;tenta sapatear&#8221; por conta da proximidade das elei\u00e7\u00f5es, uma vez que \u00e9 pr\u00e9-candidato \u00e0 Presid\u00eancia.<\/p>\n<p class=\"postParagraph_post-paragraph__juWZN postParagraph_post-paragraph-innerHtml__Q5vwc\">&#8220;Uma linguagem muito pouco pr\u00f3pria. Ele fala uma l\u00edngua pr\u00f3xima do portugu\u00eas, mas que \u00e9 entendida como ofensiva, e isso precisa ser aferido&#8221;, completou.<\/p>\n<p class=\"postParagraph_post-paragraph__juWZN postParagraph_post-paragraph-innerHtml__Q5vwc\">Na entrevista, o ministro advertiu que &#8220;n\u00e3o podemos fazer esse tipo de brincadeira&#8221; e voltou a citar liminares que suspenderam a d\u00edvida p\u00fablica de Minas Gerais com a Uni\u00e3o.<\/p>\n<p class=\"postParagraph_post-paragraph__juWZN postParagraph_post-paragraph-innerHtml__Q5vwc\">Questionado pela jornalista Renata Lo Prete se isso n\u00e3o seria uma esp\u00e9cie de &#8220;cobran\u00e7a de d\u00edvida&#8221; em torno do que \u00e9, na verdade, obriga\u00e7\u00e3o da Corte, o ministro negou: &#8220;Estou s\u00f3 chamando a aten\u00e7\u00e3o para o fato de que as pessoas v\u00eam ao tribunal, se socorrem do tribunal e depois fazem esse tipo de sapateado, o que n\u00e3o me parece uma postura eticamente correta&#8221;.<\/p>\n<\/div>\n<p><br \/>\n<br \/>Fonte: <a href=\"https:\/\/www.gazetadopovo.com.br\/republica\/gilmar-mendes-defende-que-inquerito-das-fake-news-continue-pelo-menos-ate-as-eleicoes\/\">Revista Oeste<\/a><\/p>\n","protected":false},"excerpt":{"rendered":"<p>O ministro do Supremo Tribunal Federal (STF) Gilmar Mendes defendeu a continuidade do inqu\u00e9rito das fake news, sob relatoria do ministro Alexandre de Moraes, &#8220;pelo menos at\u00e9 as elei\u00e7\u00f5es&#8221;. A declara\u00e7\u00e3o ocorreu em entrevista ao Jornal da Globo nesta quarta-feira (22). &#8220;Eu acho que foi um momento importante o Supremo ter aberto o inqu\u00e9rito e [&hellip;]<\/p>\n","protected":false},"author":5,"featured_media":74806,"comment_status":"open","ping_status":"open","sticky":false,"template":"","format":"standard","meta":{"_seopress_robots_primary_cat":"","_seopress_titles_title":"","_seopress_titles_desc":"","_seopress_robots_index":"","footnotes":""},"categories":[1],"tags":[],"class_list":["post-74805","post","type-post","status-publish","format-standard","has-post-thumbnail","hentry","category-ultimas-noticias"],"_links":{"self":[{"href":"https:\/\/mussicom.com\/noticias\/wp-json\/wp\/v2\/posts\/74805","targetHints":{"allow":["GET"]}}],"collection":[{"href":"https:\/\/mussicom.com\/noticias\/wp-json\/wp\/v2\/posts"}],"about":[{"href":"https:\/\/mussicom.com\/noticias\/wp-json\/wp\/v2\/types\/post"}],"author":[{"embeddable":true,"href":"https:\/\/mussicom.com\/noticias\/wp-json\/wp\/v2\/users\/5"}],"replies":[{"embeddable":true,"href":"https:\/\/mussicom.com\/noticias\/wp-json\/wp\/v2\/comments?post=74805"}],"version-history":[{"count":0,"href":"https:\/\/mussicom.com\/noticias\/wp-json\/wp\/v2\/posts\/74805\/revisions"}],"wp:featuredmedia":[{"embeddable":true,"href":"https:\/\/mussicom.com\/noticias\/wp-json\/wp\/v2\/media\/74806"}],"wp:attachment":[{"href":"https:\/\/mussicom.com\/noticias\/wp-json\/wp\/v2\/media?parent=74805"}],"wp:term":[{"taxonomy":"category","embeddable":true,"href":"https:\/\/mussicom.com\/noticias\/wp-json\/wp\/v2\/categories?post=74805"},{"taxonomy":"post_tag","embeddable":true,"href":"https:\/\/mussicom.com\/noticias\/wp-json\/wp\/v2\/tags?post=74805"}],"curies":[{"name":"wp","href":"https:\/\/api.w.org\/{rel}","templated":true}]}}