{"id":74673,"date":"2026-04-22T18:18:42","date_gmt":"2026-04-22T21:18:42","guid":{"rendered":"https:\/\/mussicom.com\/pec-do-fim-da-escala-6x1-avanca-na-ccj-da-camara\/"},"modified":"2026-04-22T18:18:42","modified_gmt":"2026-04-22T21:18:42","slug":"pec-do-fim-da-escala-6x1-avanca-na-ccj-da-camara","status":"publish","type":"post","link":"https:\/\/mussicom.com\/noticias\/pec-do-fim-da-escala-6x1-avanca-na-ccj-da-camara\/","title":{"rendered":"PEC do fim da escala 6&#215;1 avan\u00e7a na CCJ da C\u00e2mara"},"content":{"rendered":"<p> <br \/>\n<\/p>\n<div id=\"tp-post-content\">\n<p class=\"postParagraph_post-paragraph__juWZN postParagraph_post-paragraph-innerHtml__Q5vwc\">A Comiss\u00e3o de Constitui\u00e7\u00e3o e Justi\u00e7a da C\u00e2mara dos Deputados aprovou nesta quarta-feira a admissibilidade da Proposta de Emenda \u00e0 Constitui\u00e7\u00e3o (PEC) que acaba com a escala 6&#215;1. A PEC avan\u00e7a agora para a Comiss\u00e3o Especial, para debate do m\u00e9rito.<\/p>\n<p class=\"postParagraph_post-paragraph__juWZN postParagraph_post-paragraph-innerHtml__Q5vwc\">A vers\u00e3o aprovada de maneira simb\u00f3lica, sem registro de votos, foi a do deputado Paulo Azi (Uni\u00e3o Brasil-BA), que pedia a admissibilidade da PEC. N\u00e3o foram discutidos ainda par\u00e2metros sobre como ser\u00e1 processada a redu\u00e7\u00e3o da jornada.<\/p>\n<div class=\"postViewMore_post-view-more-container___5wai\" data-mrf-recirculation=\"Post - Veja tamb\u00e9m\">\n<p class=\"gp-styles-module-size-small-afeYRa gp-styles-module-font-family2-afeYRa gp-styles-module-color-secondary-afeYRa gp-styles-module-weight-bold-afeYRa\">VEJA TAMB\u00c9M:<\/p>\n<ul class=\"postViewMore_post-view-more-list__CU_CE\">\n<li class=\"postViewMore_post-view-more-item__2MzRb\">\n<div class=\"postViewMore_post-view-more-image__5gUSe\"><picture class=\"imageDefault_image-container__XGd8_\"><\/picture><\/div>\n<p>Escala 6\u00d71: quem vai pagar a conta<\/li>\n<li class=\"postViewMore_post-view-more-item__2MzRb\"><span class=\"postViewMore_post-view-more-link-icon___stPC\"><svg xmlns=\"http:\/\/www.w3.org\/2000\/svg\" width=\"16\" height=\"16\" viewbox=\"0 0 16 16\"><rect width=\"16\" height=\"16\" fill=\"none\"\/><g transform=\"translate(3 3)\"><path d=\"M22.5,15l3.4,3.4-3.4,3.4\" transform=\"translate(-15.896 -11.793)\" fill=\"none\" stroke=\"#717171\" stroke-linecap=\"round\" stroke-width=\"1.4\"\/><path d=\"M6,6v4.2a2.452,2.452,0,0,0,2.5,2.4H16\" transform=\"translate(-6 -6)\" fill=\"none\" stroke=\"#717171\" stroke-linecap=\"round\" stroke-width=\"1.4\"\/><\/g><\/svg><\/span><span class=\"postViewMore_post-view-more-link-text__hO_kM\">Entenda como \u00e9 o PL do governo do fim da escala 6&#215;1<\/span><\/li>\n<\/ul>\n<\/div>\n<p class=\"postParagraph_post-paragraph__juWZN postParagraph_post-paragraph-innerHtml__Q5vwc\">Azi defendeu a aplica\u00e7\u00e3o de um per\u00edodo de transi\u00e7\u00e3o para que as empresas se adaptem \u00e0 medida. N\u00e3o foi mencionado qual seria este per\u00edodo de adapta\u00e7\u00e3o, que ser\u00e1 debatido na Comiss\u00e3o Especial, que ser\u00e1 criada especialmente para a discuss\u00e3o da mat\u00e9ria. Tamb\u00e9m neste colegiado ser\u00e1 debatido se haver\u00e1 escalonamento da redu\u00e7\u00e3o da carga hor\u00e1ria.<\/p>\n<p class=\"postParagraph_post-paragraph__juWZN postParagraph_post-paragraph-innerHtml__Q5vwc\">O governo Lula aposta alto na proposta de extin\u00e7\u00e3o da escala 6&#215;1 e de redu\u00e7\u00e3o da jornada semanal de trabalho de 44 para 40 horas como uma bandeira de campanha em ano eleitoral. A\u00a0proposta est\u00e1 em discuss\u00e3o no Congresso\u00a0e tem um forte apoio do governo do presidente\u00a0Luiz In\u00e1cio Lula da Silva\u00a0(PT), que a elevou a uma das prioridades deste \u00faltimo ano.<\/p>\n<p class=\"postParagraph_post-paragraph__juWZN postParagraph_post-paragraph-innerHtml__Q5vwc\">Na sexta-feira da semana passada, o presidente da C\u00e2mara, Hugo Motta (Republicanos-PB), mandou um recado ao governo de que a\u00a0medida seguiria a tramitar como PEC, o que prolongaria a discuss\u00e3o no Congresso.<\/p>\n<p class=\"postParagraph_post-paragraph__juWZN postParagraph_post-paragraph-innerHtml__Q5vwc\">O novo ministro das Rela\u00e7\u00f5es Institucionais, Jos\u00e9 Guimar\u00e3es (PT-CE) afirmou que o presidente\u00a0Luiz In\u00e1cio Lula da Silva\u00a0(PT) quer aprovar o fim da escala 6&#215;1 at\u00e9 maio, considerado simb\u00f3lico por ser o m\u00eas do trabalhador.<\/p>\n<p class=\"postParagraph_post-paragraph__juWZN postParagraph_post-paragraph-innerHtml__Q5vwc\">A Confedera\u00e7\u00e3o Nacional da Ind\u00fastria (CNI) aponta que a redu\u00e7\u00e3o da jornada semanal de trabalho de 44 para 40 horas pode elevar os custos das empresas brasileiras em at\u00e9 R$ 267,2 bilh\u00f5es por ano, com aumento m\u00e9dio de 7% na folha, al\u00e9m de um impacto que varia em torno do mesmo n\u00edvel percentual em setores espec\u00edficos do mercado.<\/p>\n<\/div>\n<p><br \/>\n<br \/>Fonte: <a href=\"https:\/\/www.gazetadopovo.com.br\/economia\/pec-do-fim-da-escala-6x1-passa-na-ccj-da-camara\/\">Gazeta do Povo<\/a><\/p>\n","protected":false},"excerpt":{"rendered":"<p>A Comiss\u00e3o de Constitui\u00e7\u00e3o e Justi\u00e7a da C\u00e2mara dos Deputados aprovou nesta quarta-feira a admissibilidade da Proposta de Emenda \u00e0 Constitui\u00e7\u00e3o (PEC) que acaba com a escala 6&#215;1. A PEC avan\u00e7a agora para a Comiss\u00e3o Especial, para debate do m\u00e9rito. A vers\u00e3o aprovada de maneira simb\u00f3lica, sem registro de votos, foi a do deputado Paulo [&hellip;]<\/p>\n","protected":false},"author":5,"featured_media":74674,"comment_status":"open","ping_status":"open","sticky":false,"template":"","format":"standard","meta":{"_seopress_robots_primary_cat":"","_seopress_titles_title":"","_seopress_titles_desc":"","_seopress_robots_index":"","footnotes":""},"categories":[45],"tags":[],"class_list":["post-74673","post","type-post","status-publish","format-standard","has-post-thumbnail","hentry","category-economia"],"_links":{"self":[{"href":"https:\/\/mussicom.com\/noticias\/wp-json\/wp\/v2\/posts\/74673","targetHints":{"allow":["GET"]}}],"collection":[{"href":"https:\/\/mussicom.com\/noticias\/wp-json\/wp\/v2\/posts"}],"about":[{"href":"https:\/\/mussicom.com\/noticias\/wp-json\/wp\/v2\/types\/post"}],"author":[{"embeddable":true,"href":"https:\/\/mussicom.com\/noticias\/wp-json\/wp\/v2\/users\/5"}],"replies":[{"embeddable":true,"href":"https:\/\/mussicom.com\/noticias\/wp-json\/wp\/v2\/comments?post=74673"}],"version-history":[{"count":0,"href":"https:\/\/mussicom.com\/noticias\/wp-json\/wp\/v2\/posts\/74673\/revisions"}],"wp:featuredmedia":[{"embeddable":true,"href":"https:\/\/mussicom.com\/noticias\/wp-json\/wp\/v2\/media\/74674"}],"wp:attachment":[{"href":"https:\/\/mussicom.com\/noticias\/wp-json\/wp\/v2\/media?parent=74673"}],"wp:term":[{"taxonomy":"category","embeddable":true,"href":"https:\/\/mussicom.com\/noticias\/wp-json\/wp\/v2\/categories?post=74673"},{"taxonomy":"post_tag","embeddable":true,"href":"https:\/\/mussicom.com\/noticias\/wp-json\/wp\/v2\/tags?post=74673"}],"curies":[{"name":"wp","href":"https:\/\/api.w.org\/{rel}","templated":true}]}}